{"id":53413,"date":"2024-04-03T16:02:42","date_gmt":"2024-04-03T14:02:42","guid":{"rendered":"https:\/\/imagazine.it\/home_desk\/?p=53413"},"modified":"2024-04-04T12:18:53","modified_gmt":"2024-04-04T10:18:53","slug":"parole-a-colazione-nella-natura-friulana","status":"publish","type":"post","link":"https:\/\/imagazine.it\/home_desk\/parole-a-colazione-nella-natura-friulana\/","title":{"rendered":"Parole a colazione nella natura friulana"},"content":{"rendered":"<p><em><span style=\"font-size: 10pt;\">Presentazione tra acqua e natura<\/span><\/em><\/p>\n<p>RIVIGNANO TEOR \u2013 Riprende sabato 6 aprile \u201c<strong><em>Parole a Colazione<\/em><\/strong>\u201d, edizione primaverile 2024 della rassegna letteraria organizzata dal Comune di Rivignano Teor, con l\u2019assessore alla Cultura <strong>Angela Piantoni<\/strong>, che \u201cprende per la gola\u201d il pubblico unendo cibo per la mente a quello per il corpo.<\/p>\n<p>In alcuni dei luoghi pi\u00f9 fascinosi del territorio autori, scrittori e intellettuali della regione e non solo, prima di far gustare le pagine dei loro libri si uniscono al pubblico nel degustare le stuzzicanti colazioni proposte dall\u2019eccellenza di produttori locali accuratamente scelti.<\/p>\n<p>La formula, pensata nel 2015 e che taglia dunque i 9 anni di vita, prevede 6 incontri letterari che si svolgono la domenica mattina, dalle 9.30, salvo un\u2019eccezione: una fascia oraria su cui inizialmente pochi avrebbero scommesso ma che si \u00e8 rivelata un momento felice di convivialit\u00e0 che dispone gli animi a un ascolto molto pi\u00f9 attento.<\/p>\n<p>Magico l\u2019incontro fra autori di vaglia in luoghi di grande fascino assieme alla rete di aziende agricole Terre del Friuli Venezia Giulia, che di anno in anno ha fatto crescere la rassegna in un positivo abbraccio fra pubblico e privato.<\/p>\n<p>Molte le sorprese di questa edizione: infatti il primo appuntamento di sabato <strong>6 aprile<\/strong> sar\u00e0 alle 15.30 sotto il tendone del campo sportivo di Teor con lo spettacolo di letture sceniche del <strong>Teatri Stabil Furla<\/strong>n \u201c<em>Pi\u00e7ulis<\/em><em> Peraulis a Mirinde<\/em>\u201d tratte dal libro \u201c<em>Il Pi\u00e7ul Princip<\/em>\u201d.<\/p>\n<p>L\u2019appuntamento \u00e8 in collaborazione con ARLeF, inserito nella giornata della \u201c<em>Prime adunade dai Furlans<\/em>\u201d, in occasione della Fieste de Patrie dal Fri\u00fbl, organizzata in collaborazione con la ProLoco.<\/p>\n<p>La formula tradizionale riprender\u00e0 il <strong>28 aprile<\/strong> alle 9.30, presso l\u2019Agriturismo \u201cLa Regina del Bosco\u201d a Flambruzzo di Rivignano Teor, antico casale con una curiosa storia, che offrir\u00e0 la colazione a tutti i presenti nella spettacolare cornice del Fiume Stella che attraversa la propriet\u00e0. In collaborazione con Bottega Errante Edizioni, Christian KLINGER presenter\u00e0 il suo libro \u201c<em>Gli innamorati di Piazza Oberdan<\/em>\u201d con <strong>Elisa Copetti<\/strong>. L\u2019attore <strong>Alessandro Maione<\/strong>, grazie al nuovo partner l\u2019Accademia d\u2019Arte Drammatica Nico Pepe, ne legger\u00e0 alcuni brani.<\/p>\n<figure id=\"attachment_53414\" aria-describedby=\"caption-attachment-53414\" style=\"width: 640px\" class=\"wp-caption aligncenter\"><img loading=\"lazy\" decoding=\"async\" class=\"wp-image-53414 size-large\" src=\"https:\/\/imagazine.it\/wp-content\/uploads\/2024\/04\/colazioneOPEN-1024x522.jpeg\" alt=\"Un appuntamento della passata edizione\" width=\"640\" height=\"326\" title=\"\" srcset=\"https:\/\/imagazine.it\/wp-content\/uploads\/2024\/04\/colazioneOPEN-1024x522.jpeg 1024w, https:\/\/imagazine.it\/wp-content\/uploads\/2024\/04\/colazioneOPEN-300x153.jpeg 300w, https:\/\/imagazine.it\/wp-content\/uploads\/2024\/04\/colazioneOPEN-768x391.jpeg 768w, https:\/\/imagazine.it\/wp-content\/uploads\/2024\/04\/colazioneOPEN.jpeg 1366w\" sizes=\"auto, (max-width: 640px) 100vw, 640px\" \/><figcaption id=\"caption-attachment-53414\" class=\"wp-caption-text\">Un appuntamento della passata edizione<\/figcaption><\/figure>\n<p>Il <strong>5 maggio<\/strong> alle 9.30 ci sar\u00e0 una delle due \u201cColazione fuori dal Comune\u201d: un\u2019audace variante che vede la kermesse in trasferta, in questo caso a Latisana presso l\u2019Agriturismo \u201cCasale ai Prati\u201d che offrir\u00e0 la colazione ai presenti e aprir\u00e0 al pubblico i suoi affascinanti spazi aziendali. Atteso <a href=\"https:\/\/imagazine.it\/home_desk\/il-dottore-dei-libri\/\">ospite della mattinata <strong>Andrea Vitali<\/strong><\/a> che presenter\u00e0 \u201c<em>Sua eccellenza perde un pezzo<\/em>\u201d con la giornalista <strong>Margherita Reguitti<\/strong>. Anche in questa occasione si ascolteranno le letture dalla voce di <strong>Alessandro Maione<\/strong>.<\/p>\n<p>Domenica <strong>12 maggio<\/strong> alle 9.30, presso il Castello di Flambruzzo, famoso ed apprezzato castello sull\u2019acqua, dopo la colazione a cura di Terre del Friuli Venezia Giulia, <strong>Alberto Frappa Raunceroy<\/strong> presenter\u00e0 \u201c<em>L\u2019ombra del Tiepolo<\/em>\u201d in un duetto con <strong>Elena Commessatti<\/strong>.<\/p>\n<p>Aprir\u00e0 anche l\u2019incontro del <strong>19 maggio<\/strong> alle 9.30 la colazione a cura della rete Terre del Friuli Venezia Giulia, presso Casa Filaferro Feruglio a Rivarotta di Rivignano Teor, un\u2019antica dimora ricca di testimonianze illustri, parte del complesso che ospita l\u2019antico mulino locale.<\/p>\n<p>Seconda presenza in questa edizione di <strong>Margherita Reguitti<\/strong> che affiancher\u00e0 l\u2019autore <a href=\"https:\/\/imagazine.it\/home_desk\/gian-paolo-polesini-il-figlio-unico\/\"><strong>Gian Paolo Polesini<\/strong> nella presentazione di \u201c<em>Polle, il figlio unico<\/em>\u201d<\/a>, letture, anche in questa occasione, a cura di <strong>Alessandro Maione<\/strong>.<\/p>\n<p>Il ciclo di incontri, grazie alla collaborazione con Unione Pro Loco FVG e con il Progetto Integrato Cultura del Medio Friuli, si concluder\u00e0 domenica <strong>26 maggio<\/strong> alle 9.30 presso Villa Manin di Passariano nell\u2019ambito della manifestazione Sapori Pro Loco: dopo la colazione gentilmente offerta dal locale Nuovo Bistrot del Doge, <strong>Tiziano Fratus<\/strong> presenter\u00e0 \u201c<em>Alberodonti d\u2019Italia<\/em>\u201d in un dialogo con <strong>Gabriella Cecotti<\/strong>. <strong>Alessandro Maione<\/strong> dar\u00e0 voce alle parole del libro. A seguire, visita guidata del Parco di Villa Manin.<\/p>\n<p>La rassegna \u00e8 organizzata con il fondamentale sostegno della Regione Friuli Venezia Giulia, grazie alla disponibilit\u00e0 dei proprietari delle ville, delle aziende, degli agriturismi che hanno messo a disposizione i loro spazi e di tutte le realt\u00e0 pubbliche e private. L\u2019ingresso alla rassegna \u00e8 libero fino al\u2019esaurimento dei posti disponibili.<\/p>\n","protected":false},"excerpt":{"rendered":"<p>Torna la rassegna letteraria che \u201cprende per la gola\u201d il pubblico unendo cibo per la mente a quello per il corpo<\/p>\n","protected":false},"author":28,"featured_media":53415,"comment_status":"closed","ping_status":"closed","sticky":false,"template":"","format":"image","meta":{"dwc-title":[""],"dwc-content":[""],"footnotes":""},"categories":[37],"tags":[1485,273,72,1483,1484],"class_list":["post-53413","post","type-post","status-publish","format-image","has-post-thumbnail","hentry","category-cultura-e-spettacolo","tag-autori","tag-libri","tag-natura","tag-rivignano","tag-teor","post_format-post-format-image"],"rttpg_featured_image_url":{"full":["https:\/\/imagazine.it\/wp-content\/uploads\/2024\/04\/colazione1.jpeg",1366,707,false],"landscape":["https:\/\/imagazine.it\/wp-content\/uploads\/2024\/04\/colazione1.jpeg",1366,707,false],"portraits":["https:\/\/imagazine.it\/wp-content\/uploads\/2024\/04\/colazione1.jpeg",1366,707,false],"thumbnail":["https:\/\/imagazine.it\/wp-content\/uploads\/2024\/04\/colazione1-150x150.jpeg",150,150,true],"medium":["https:\/\/imagazine.it\/wp-content\/uploads\/2024\/04\/colazione1-300x155.jpeg",300,155,true],"large":["https:\/\/imagazine.it\/wp-content\/uploads\/2024\/04\/colazione1-1024x530.jpeg",640,331,true],"thumblist":["https:\/\/imagazine.it\/wp-content\/uploads\/2024\/04\/colazione1-300x300.jpeg",300,300,true],"thumbrelated":["https:\/\/imagazine.it\/wp-content\/uploads\/2024\/04\/colazione1-500x500.jpeg",500,500,true],"meccarouselthumb":["https:\/\/imagazine.it\/wp-content\/uploads\/2024\/04\/colazione1-474x324.jpeg",474,324,true],"gridsquare":["https:\/\/imagazine.it\/wp-content\/uploads\/2024\/04\/colazione1-391x260.jpeg",391,260,true],"tileview":["https:\/\/imagazine.it\/wp-content\/uploads\/2024\/04\/colazione1-300x400.jpeg",300,400,true],"1536x1536":["https:\/\/imagazine.it\/wp-content\/uploads\/2024\/04\/colazione1.jpeg",1366,707,false],"2048x2048":["https:\/\/imagazine.it\/wp-content\/uploads\/2024\/04\/colazione1.jpeg",1366,707,false],"newsup-slider-full":["https:\/\/imagazine.it\/wp-content\/uploads\/2024\/04\/colazione1-1280x707.jpeg",1280,707,true],"newsup-featured":["https:\/\/imagazine.it\/wp-content\/uploads\/2024\/04\/colazione1-1024x530.jpeg",1024,530,true],"newsup-medium":["https:\/\/imagazine.it\/wp-content\/uploads\/2024\/04\/colazione1-720x380.jpeg",720,380,true],"tptn_thumbnail":["https:\/\/imagazine.it\/wp-content\/uploads\/2024\/04\/colazione1-250x210.jpeg",250,210,true],"sow-carousel-default":["https:\/\/imagazine.it\/wp-content\/uploads\/2024\/04\/colazione1.jpeg",272,141,false]},"rttpg_author":{"display_name":"redazione","author_link":"https:\/\/imagazine.it\/home_desk\/author\/redazione\/"},"rttpg_comment":0,"rttpg_category":"<a href=\"https:\/\/imagazine.it\/home_desk\/category\/cultura-e-spettacolo\/\" rel=\"category tag\">CULTURA&amp;SPETTACOLO<\/a>","rttpg_excerpt":"Torna la rassegna letteraria che \u201cprende per la gola\u201d il pubblico unendo cibo per la mente a quello per il corpo","_links":{"self":[{"href":"https:\/\/imagazine.it\/home_desk\/wp-json\/wp\/v2\/posts\/53413","targetHints":{"allow":["GET"]}}],"collection":[{"href":"https:\/\/imagazine.it\/home_desk\/wp-json\/wp\/v2\/posts"}],"about":[{"href":"https:\/\/imagazine.it\/home_desk\/wp-json\/wp\/v2\/types\/post"}],"author":[{"embeddable":true,"href":"https:\/\/imagazine.it\/home_desk\/wp-json\/wp\/v2\/users\/28"}],"replies":[{"embeddable":true,"href":"https:\/\/imagazine.it\/home_desk\/wp-json\/wp\/v2\/comments?post=53413"}],"version-history":[{"count":0,"href":"https:\/\/imagazine.it\/home_desk\/wp-json\/wp\/v2\/posts\/53413\/revisions"}],"wp:featuredmedia":[{"embeddable":true,"href":"https:\/\/imagazine.it\/home_desk\/wp-json\/wp\/v2\/media\/53415"}],"wp:attachment":[{"href":"https:\/\/imagazine.it\/home_desk\/wp-json\/wp\/v2\/media?parent=53413"}],"wp:term":[{"taxonomy":"category","embeddable":true,"href":"https:\/\/imagazine.it\/home_desk\/wp-json\/wp\/v2\/categories?post=53413"},{"taxonomy":"post_tag","embeddable":true,"href":"https:\/\/imagazine.it\/home_desk\/wp-json\/wp\/v2\/tags?post=53413"}],"curies":[{"name":"wp","href":"https:\/\/api.w.org\/{rel}","templated":true}]}}