{"id":53402,"date":"2024-04-02T10:47:32","date_gmt":"2024-04-02T08:47:32","guid":{"rendered":"https:\/\/imagazine.it\/home_desk\/?p=53402"},"modified":"2024-04-03T16:55:06","modified_gmt":"2024-04-03T14:55:06","slug":"gorizia-accoglie-il-concorso-enologico-internazionale","status":"publish","type":"post","link":"https:\/\/imagazine.it\/home_desk\/gorizia-accoglie-il-concorso-enologico-internazionale\/","title":{"rendered":"Gorizia accoglie il Concorso enologico internazionale"},"content":{"rendered":"<p><span style=\"font-size: 10pt;\"><em>L&#8217;incontro tenutosi a Capodistria<\/em><\/span><\/p>\n<p>CAPODISTRIA (SLO) \u2013 L&#8217;Associazione Nazionale Citt\u00e0 del Vino, in collaborazione con il Coordinamento delle Citt\u00e0 del Vino del Friuli Venezia Giulia, invita tutte le cantine regionali (e non solo) a partecipare al <strong><em>XXII Concorso Enologico Internazionale Citt\u00e0 del Vino e al V Grappa Award<\/em><\/strong>.<\/p>\n<p>Infatti quest&#8217;anno l&#8217;evento si svolger\u00e0 a <strong>Gorizia dal 31 maggio al 2 giugno<\/strong>. Sar\u00e0 una delle iniziative di avvicinamento a <em>Go!2025 Nova Gorica &#8211; Gorizia Capitale Europea della Cultura<\/em>.<\/p>\n<p>La scadenza per le iscrizioni \u00e8 fissata al 30 aprile, ma per chi lo far\u00e0 entro il 12 aprile ci sar\u00e0 la possibilit\u00e0 di avere un quarto campione omaggio se ne iscriver\u00e0 tre.<\/p>\n<p>Per maggiori informazioni \u00e8 possibile visitare\u00a0<a href=\"http:\/\/www.concorsoenologicocittadelvino.it\/\" data-saferedirecturl=\"https:\/\/www.google.com\/url?q=http:\/\/www.concorsoenologicocittadelvino.it&amp;source=gmail&amp;ust=1712215764175000&amp;usg=AOvVaw1EvRQkbaax9izYMu_i_RTD\" target=\"_blank\" rel=\"noopener\">www.concorsoenologicocittadelvino.it<\/a>\u00a0o scrivere a\u00a0<a href=\"mailto:info@cittadelvino.com\">info@cittadelvino.com<\/a>. I campioni vanno consegnati alla Sede di UNI.DOC FVG (lato ovest di Villa Nachini) in piazza XXVII Maggio, 11 \u2013 33040 Corno di Rosazzo (Udine). Orario per la consegna: 8.30-12.30 dal luned\u00ec al venerd\u00ec<\/p>\n<p>Prossimamente i dettagli del Concorso e del programma delle giornate goriziane saranno presentati in speciali conferenze stampa al Vinitaly, a Roma nella sede istituzionale della Regione Friuli Venezia Giulia e in Comune a Gorizia.<\/p>\n<p>&#8220;Nel frattempo \u2013 spiega <strong>Tiziano Venturini<\/strong>, coordinatore regionale delle Citt\u00e0 del vino FVG \u2013 stiamo promuovendo tramite i nostri sindaci dei Comuni aderenti, le Pro Loco e con il grande supporto di PromoTurismoFVG il Concorso tra i produttori vitivinicoli della regione, visto che si tratta di un&#8217;occasione davvero speciale quest&#8217;anno con la competizione ospitata sul nostro territorio. Ci piacerebbe avere anche vini da Slovenia e Croazia e qualcosa in senso positivo si sta muovendo, come riscontrato durante una visita che abbiamo avuto a Capodistria con il console generale d\u2019Italia Giovanni Coviello. In quella occasione c&#8217;\u00e8 stato anche un incontro con le amministrazioni comunali di Capodistria\/Koper, Isola\/Izola, Pirano\/Piran e Ancarano\/Ankaran, con la locale Camera di Commercio e con il Comune croato di Buie d\u2019Istria, nostro associato, per promuovere il Concorso anche tra le loro aziende&#8221;.<\/p>\n","protected":false},"excerpt":{"rendered":"<p>In programma dal 31 maggio al 2 giugno nell&#8217;ambito del percorso di avvicinamento alla Capitale europea della cultura<\/p>\n","protected":false},"author":28,"featured_media":53403,"comment_status":"closed","ping_status":"closed","sticky":false,"template":"","format":"image","meta":{"dwc-title":[""],"dwc-content":[""],"footnotes":""},"categories":[6],"tags":[123,43,549],"class_list":["post-53402","post","type-post","status-publish","format-image","has-post-thumbnail","hentry","category-societa","tag-go2025","tag-gorizia","tag-vino","post_format-post-format-image"],"rttpg_featured_image_url":{"full":["https:\/\/imagazine.it\/wp-content\/uploads\/2024\/04\/incontro-capodistria.jpg",1600,900,false],"landscape":["https:\/\/imagazine.it\/wp-content\/uploads\/2024\/04\/incontro-capodistria.jpg",1600,900,false],"portraits":["https:\/\/imagazine.it\/wp-content\/uploads\/2024\/04\/incontro-capodistria.jpg",1600,900,false],"thumbnail":["https:\/\/imagazine.it\/wp-content\/uploads\/2024\/04\/incontro-capodistria-150x150.jpg",150,150,true],"medium":["https:\/\/imagazine.it\/wp-content\/uploads\/2024\/04\/incontro-capodistria-300x169.jpg",300,169,true],"large":["https:\/\/imagazine.it\/wp-content\/uploads\/2024\/04\/incontro-capodistria-1024x576.jpg",640,360,true],"thumblist":["https:\/\/imagazine.it\/wp-content\/uploads\/2024\/04\/incontro-capodistria-300x300.jpg",300,300,true],"thumbrelated":["https:\/\/imagazine.it\/wp-content\/uploads\/2024\/04\/incontro-capodistria-500x500.jpg",500,500,true],"meccarouselthumb":["https:\/\/imagazine.it\/wp-content\/uploads\/2024\/04\/incontro-capodistria-474x324.jpg",474,324,true],"gridsquare":["https:\/\/imagazine.it\/wp-content\/uploads\/2024\/04\/incontro-capodistria-391x260.jpg",391,260,true],"tileview":["https:\/\/imagazine.it\/wp-content\/uploads\/2024\/04\/incontro-capodistria-300x400.jpg",300,400,true],"1536x1536":["https:\/\/imagazine.it\/wp-content\/uploads\/2024\/04\/incontro-capodistria-1536x864.jpg",1536,864,true],"2048x2048":["https:\/\/imagazine.it\/wp-content\/uploads\/2024\/04\/incontro-capodistria.jpg",1600,900,false],"newsup-slider-full":["https:\/\/imagazine.it\/wp-content\/uploads\/2024\/04\/incontro-capodistria-1280x720.jpg",1280,720,true],"newsup-featured":["https:\/\/imagazine.it\/wp-content\/uploads\/2024\/04\/incontro-capodistria-1024x576.jpg",1024,576,true],"newsup-medium":["https:\/\/imagazine.it\/wp-content\/uploads\/2024\/04\/incontro-capodistria-720x380.jpg",720,380,true],"tptn_thumbnail":["https:\/\/imagazine.it\/wp-content\/uploads\/2024\/04\/incontro-capodistria-250x210.jpg",250,210,true],"sow-carousel-default":["https:\/\/imagazine.it\/wp-content\/uploads\/2024\/04\/incontro-capodistria.jpg",272,153,false]},"rttpg_author":{"display_name":"redazione","author_link":"https:\/\/imagazine.it\/home_desk\/author\/redazione\/"},"rttpg_comment":0,"rttpg_category":"<a href=\"https:\/\/imagazine.it\/home_desk\/category\/societa\/\" rel=\"category tag\">SOCIET\u00c0<\/a>","rttpg_excerpt":"In programma dal 31 maggio al 2 giugno nell'ambito del percorso di avvicinamento alla Capitale europea della cultura","_links":{"self":[{"href":"https:\/\/imagazine.it\/home_desk\/wp-json\/wp\/v2\/posts\/53402","targetHints":{"allow":["GET"]}}],"collection":[{"href":"https:\/\/imagazine.it\/home_desk\/wp-json\/wp\/v2\/posts"}],"about":[{"href":"https:\/\/imagazine.it\/home_desk\/wp-json\/wp\/v2\/types\/post"}],"author":[{"embeddable":true,"href":"https:\/\/imagazine.it\/home_desk\/wp-json\/wp\/v2\/users\/28"}],"replies":[{"embeddable":true,"href":"https:\/\/imagazine.it\/home_desk\/wp-json\/wp\/v2\/comments?post=53402"}],"version-history":[{"count":0,"href":"https:\/\/imagazine.it\/home_desk\/wp-json\/wp\/v2\/posts\/53402\/revisions"}],"wp:featuredmedia":[{"embeddable":true,"href":"https:\/\/imagazine.it\/home_desk\/wp-json\/wp\/v2\/media\/53403"}],"wp:attachment":[{"href":"https:\/\/imagazine.it\/home_desk\/wp-json\/wp\/v2\/media?parent=53402"}],"wp:term":[{"taxonomy":"category","embeddable":true,"href":"https:\/\/imagazine.it\/home_desk\/wp-json\/wp\/v2\/categories?post=53402"},{"taxonomy":"post_tag","embeddable":true,"href":"https:\/\/imagazine.it\/home_desk\/wp-json\/wp\/v2\/tags?post=53402"}],"curies":[{"name":"wp","href":"https:\/\/api.w.org\/{rel}","templated":true}]}}