{"id":53244,"date":"2024-03-28T16:55:56","date_gmt":"2024-03-28T15:55:56","guid":{"rendered":"https:\/\/imagazine.it\/home_desk\/?p=53244"},"modified":"2024-03-28T16:56:11","modified_gmt":"2024-03-28T15:56:11","slug":"progetto-futuro-dona-una-tv-alla-casa-di-riposo","status":"publish","type":"post","link":"https:\/\/imagazine.it\/home_desk\/progetto-futuro-dona-una-tv-alla-casa-di-riposo\/","title":{"rendered":"Progetto Futuro dona una tv alla Casa di Riposo"},"content":{"rendered":"<p><em><span style=\"font-size: 10pt;\">Da sinistra Ciulla, Castrovinci, Centore e Furios con il televisore donato<\/span><\/em><\/p>\n<p>CERVIGNANO DEL FRIULI \u2013 Ritorna \u201c<strong><em>Diamoci una mano<\/em><\/strong>\u201d l\u2019iniziativa organizzata dall\u2019associazione <strong>Progetto Futuro<\/strong>, nata durante il periodo di lockdown per far fronte alla necessit\u00e0 di generi alimentari da destinare a persone in difficolt\u00e0.<\/p>\n<p>La formula per\u00f2 \u00e8 nuova e, al posto della raccolta di prodotti che veniva effettuata in alcuni supermercati cittadini, si individuer\u00e0 ogni anno, nel periodo primaverile, un\u2019associazione, un ente, un gruppo o una comunit\u00e0, per far dono di qualcosa di cui necessitano in quel momento.<\/p>\n<h3>Il dono alla casa di riposo<\/h3>\n<p>Si inizia con la <strong>Casa di Riposo \u201cValentino Sarcinelli\u201d<\/strong> a cui, su indicazione del personale responsabile, \u00e8 stato donato un <strong>televisore 50 pollici come regalo pasquale<\/strong>.<\/p>\n<p>L\u2019iniziativa per\u00f2 non finisce qui, perch\u00e9 verso la fine del mese di aprile verr\u00e0 organizzato un pomeriggio o una mattinata musicale dove agli ospiti della struttura verranno offerte un paio d\u2019ore di buona musica e un omaggio floreale a tutte le signore.<\/p>\n<p>\u201c\u00c8 la prima volta \u2013 sottolinea il presidente di Progetto Futuro, <strong>Luca Furios<\/strong> \u2013 che organizziamo un\u2019iniziativa a favore della Sarcinelli e devo dire, con entusiasmo, che la cosa ci emoziona moltissimo perch\u00e9 portare un po\u2019 di gioia ai nostri \u201cnonni\u201d, ci riempie di felicit\u00e0. Abbiamo appreso che il televisore della sala ricreativa non funzionava pi\u00f9 e provvisoriamente usufruivano di uno molto piccolo, quindi quale miglior dono per Pasqua potevamo fare se non uno schermo bello grande nuovo di zecca? Perch\u00e9 tutti sappiamo quanto una tv accesa possa fare compagnia\u201d.<\/p>\n<p>\u201cRingrazio di cuore l\u2019associazione Progetto Futuro, il suo direttivo e il suo presidente Luca Furios, per il gesto generoso. L\u2019associazione \u00e8 presente da diversi anni sul nostro territorio e impegnata anche nel sociale. Attraverso la realizzazione di vari eventi e raccolta fondi si \u00e8 sempre dimostrata sensibile e solidale verso le persone pi\u00f9 fragili della nostra cittadinanza e non solo. Un bel esempio per tutti\u201d, commenta il vicesindaco <strong>Laura Centore.<\/strong><\/p>\n<p>Ai ringraziamenti si \u00e8 unita anche la direttrice della Casa di Riposo \u201cSarcinelli\u201d, <strong>Karin Faggionato<\/strong>.<\/p>\n<p>Alla consegna del televisore sono intervenuti anche <strong>Sandro Ciulla<\/strong> e <strong>Sarina Castrovinci<\/strong> del direttivo di Progetto Futuro.<\/p>\n","protected":false},"excerpt":{"rendered":"<p>Cerimonia di consegna alla &#8220;Valentino Sarcinelli&#8221; a Cervignano. Un regalo pasquale per sostituire il dispositivo della sala ricreativa<\/p>\n","protected":false},"author":22,"featured_media":53245,"comment_status":"closed","ping_status":"closed","sticky":false,"template":"","format":"image","meta":{"dwc-title":[""],"dwc-content":[""],"footnotes":""},"categories":[5],"tags":[189,119,940,820,145],"class_list":["post-53244","post","type-post","status-publish","format-image","has-post-thumbnail","hentry","category-attualita","tag-anziani","tag-cervignano","tag-pasqua","tag-sociale","tag-solidarieta","post_format-post-format-image"],"rttpg_featured_image_url":{"full":["https:\/\/imagazine.it\/wp-content\/uploads\/2024\/03\/casa-riposo.jpeg",1366,791,false],"landscape":["https:\/\/imagazine.it\/wp-content\/uploads\/2024\/03\/casa-riposo.jpeg",1366,791,false],"portraits":["https:\/\/imagazine.it\/wp-content\/uploads\/2024\/03\/casa-riposo.jpeg",1366,791,false],"thumbnail":["https:\/\/imagazine.it\/wp-content\/uploads\/2024\/03\/casa-riposo-150x150.jpeg",150,150,true],"medium":["https:\/\/imagazine.it\/wp-content\/uploads\/2024\/03\/casa-riposo-300x174.jpeg",300,174,true],"large":["https:\/\/imagazine.it\/wp-content\/uploads\/2024\/03\/casa-riposo-1024x593.jpeg",640,371,true],"thumblist":["https:\/\/imagazine.it\/wp-content\/uploads\/2024\/03\/casa-riposo-300x300.jpeg",300,300,true],"thumbrelated":["https:\/\/imagazine.it\/wp-content\/uploads\/2024\/03\/casa-riposo-500x500.jpeg",500,500,true],"meccarouselthumb":["https:\/\/imagazine.it\/wp-content\/uploads\/2024\/03\/casa-riposo-474x324.jpeg",474,324,true],"gridsquare":["https:\/\/imagazine.it\/wp-content\/uploads\/2024\/03\/casa-riposo-391x260.jpeg",391,260,true],"tileview":["https:\/\/imagazine.it\/wp-content\/uploads\/2024\/03\/casa-riposo-300x400.jpeg",300,400,true],"1536x1536":["https:\/\/imagazine.it\/wp-content\/uploads\/2024\/03\/casa-riposo.jpeg",1366,791,false],"2048x2048":["https:\/\/imagazine.it\/wp-content\/uploads\/2024\/03\/casa-riposo.jpeg",1366,791,false],"newsup-slider-full":["https:\/\/imagazine.it\/wp-content\/uploads\/2024\/03\/casa-riposo-1280x720.jpeg",1280,720,true],"newsup-featured":["https:\/\/imagazine.it\/wp-content\/uploads\/2024\/03\/casa-riposo-1024x593.jpeg",1024,593,true],"newsup-medium":["https:\/\/imagazine.it\/wp-content\/uploads\/2024\/03\/casa-riposo-720x380.jpeg",720,380,true],"tptn_thumbnail":["https:\/\/imagazine.it\/wp-content\/uploads\/2024\/03\/casa-riposo-250x210.jpeg",250,210,true],"sow-carousel-default":["https:\/\/imagazine.it\/wp-content\/uploads\/2024\/03\/casa-riposo.jpeg",272,158,false]},"rttpg_author":{"display_name":"Livio Nonis","author_link":"https:\/\/imagazine.it\/home_desk\/author\/nonis\/"},"rttpg_comment":0,"rttpg_category":"<a href=\"https:\/\/imagazine.it\/home_desk\/category\/attualita\/\" rel=\"category tag\">ATTUALIT\u00c0<\/a>","rttpg_excerpt":"Cerimonia di consegna alla \"Valentino Sarcinelli\" a Cervignano. Un regalo pasquale per sostituire il dispositivo della sala ricreativa","_links":{"self":[{"href":"https:\/\/imagazine.it\/home_desk\/wp-json\/wp\/v2\/posts\/53244","targetHints":{"allow":["GET"]}}],"collection":[{"href":"https:\/\/imagazine.it\/home_desk\/wp-json\/wp\/v2\/posts"}],"about":[{"href":"https:\/\/imagazine.it\/home_desk\/wp-json\/wp\/v2\/types\/post"}],"author":[{"embeddable":true,"href":"https:\/\/imagazine.it\/home_desk\/wp-json\/wp\/v2\/users\/22"}],"replies":[{"embeddable":true,"href":"https:\/\/imagazine.it\/home_desk\/wp-json\/wp\/v2\/comments?post=53244"}],"version-history":[{"count":0,"href":"https:\/\/imagazine.it\/home_desk\/wp-json\/wp\/v2\/posts\/53244\/revisions"}],"wp:featuredmedia":[{"embeddable":true,"href":"https:\/\/imagazine.it\/home_desk\/wp-json\/wp\/v2\/media\/53245"}],"wp:attachment":[{"href":"https:\/\/imagazine.it\/home_desk\/wp-json\/wp\/v2\/media?parent=53244"}],"wp:term":[{"taxonomy":"category","embeddable":true,"href":"https:\/\/imagazine.it\/home_desk\/wp-json\/wp\/v2\/categories?post=53244"},{"taxonomy":"post_tag","embeddable":true,"href":"https:\/\/imagazine.it\/home_desk\/wp-json\/wp\/v2\/tags?post=53244"}],"curies":[{"name":"wp","href":"https:\/\/api.w.org\/{rel}","templated":true}]}}