{"id":53231,"date":"2024-03-28T15:39:05","date_gmt":"2024-03-28T14:39:05","guid":{"rendered":"https:\/\/imagazine.it\/home_desk\/?p=53231"},"modified":"2024-03-29T12:35:25","modified_gmt":"2024-03-29T11:35:25","slug":"investimenti-esteri-trieste-ospitera-il-focus-italiano","status":"publish","type":"post","link":"https:\/\/imagazine.it\/home_desk\/investimenti-esteri-trieste-ospitera-il-focus-italiano\/","title":{"rendered":"Investimenti esteri: Trieste ospiter\u00e0 il focus italiano"},"content":{"rendered":"<p><em><span style=\"font-size: 10pt;\">L&#8217;intervento di Massimiliano Fedriga (ph. Regione FVG)<\/span><\/em><\/p>\n<p>ROMA \u2013 Presentata la seconda edizione di &#8220;<strong><em>Selecting Italy<\/em><\/strong>\u201d che si terr\u00e0 al Generali Convention Center di <strong>Trieste<\/strong> nelle giornate di luned\u00ec 8 e marted\u00ec 9 aprile.<\/p>\n<p>L&#8217;evento, organizzato dalla <strong>Regione Friuli Venezia Giulia<\/strong> e dalla <strong>Conferenza delle Regioni<\/strong> <strong>e delle Province Autonome<\/strong>, beneficia del patrocinio del Ministero degli Esteri e della Cooperazione Internazionale e del Ministero delle Imprese e del Made in Italy.<\/p>\n<p><iframe loading=\"lazy\" title=\"A Trieste il Selecting Italy 2024\" width=\"640\" height=\"360\" src=\"https:\/\/www.youtube.com\/embed\/yJOA75HeAQ4?feature=oembed\" frameborder=\"0\" allow=\"accelerometer; autoplay; clipboard-write; encrypted-media; gyroscope; picture-in-picture; web-share\" referrerpolicy=\"strict-origin-when-cross-origin\" allowfullscreen><\/iframe><\/p>\n<p>Luned\u00ec 8 aprile si alterneranno interventi istituzionali, tra cui quelli del ministro dell&#8217;Economia <strong>Giancarlo Giorgetti<\/strong> e del viceministro del Mimit <strong>Valentino Valentini<\/strong>, quattro workshop sulle Catene regionali del valore e due tavole rotonde.<\/p>\n<p>Marted\u00ec 9 aprile sono invece in calendario il vicepresidente del Consiglio nonch\u00e9 ministro degli Esteri <strong>Antonio Tajani<\/strong>, il ministro delle Imprese <strong>Adolfo Urso<\/strong> e il ministro per la Pubblica amministrazione <strong>Paolo Zangrillo<\/strong>, il &#8220;<em>keynote speech<\/em>&#8221; dell&#8217;amministratore delegato di Fincantieri <strong>Pierroberto Folgiero<\/strong>, due focus tematici sui mercati statunitense e giapponese e un approfondimento sul <em>Big Science Business Forum 2024<\/em> quale punto di incontro tra mondo della ricerca e delle imprese.<\/p>\n<p>Gli assessori regionali <strong>Sergio Emidio Bini<\/strong>, <strong>Riccardo Riccardi<\/strong> e <strong>Alessia Rosolen<\/strong> saranno impegnati in ruoli di coordinamento di workshop e tavole rotonde: nello specifico, Bini si misurer\u00e0 con l&#8217;attrazione di imprese innovative e talenti e con la sostenibilit\u00e0 climatico-energetica, Riccardi si occuper\u00e0 di investimenti, ricerca e trasferimento tecnologico nell&#8217;ambito delle scienze della vita, mentre Rosolen seguir\u00e0 il tema del supercomputing per l&#8217;attrazione degli investimenti.<\/p>\n<p>Il programma di &#8220;Selecting Italy&#8221; e le modalit\u00e0 di registrazione all&#8217;evento sono <a href=\"https:\/\/www.regione.fvg.it\/rafvg\/cms\/RAFVG\/GEN\/Conferenza_delle_Regioni_2024\/articolo.html\" target=\"_blank\" rel=\"noopener\">disponibili sul sito www.regione.fvg.it<\/a>, mentre la diretta streaming sar\u00e0 trasmessa sul canale YouTube della Regione &#8220;Fvg Convegni&amp;Conferenze&#8221;.<\/p>\n<p>Alla conferenza stampa odierna di presentazione, tenutasi alla Sala Capranichetta di piazza Montecitorio, sono intervenuti <strong>Massimiliano Fedriga<\/strong>, nelle duplici vesti di governatore del Friuli Venezia Giulia e di presidente della Conferenza delle Regioni, il viceministro del Mimit <strong>Valentino Valentini<\/strong>, il commissario generale per l&#8217;Italia a Expo Osaka 2025 <strong>Mario Vattani<\/strong> e il presidente del Transatlantic Investment Committee <strong>Andrea Gumina<\/strong>.<\/p>\n","protected":false},"excerpt":{"rendered":"<p>Presentata a Montecitorio la seconda edizione di &#8220;Investing Italy&#8221;, in programma in Porto Vecchio ad aprile<\/p>\n","protected":false},"author":28,"featured_media":53232,"comment_status":"closed","ping_status":"closed","sticky":false,"template":"","format":"image","meta":{"dwc-title":[""],"dwc-content":[""],"footnotes":""},"categories":[6],"tags":[336,1440,1441,1439,65],"class_list":["post-53231","post","type-post","status-publish","format-image","has-post-thumbnail","hentry","category-societa","tag-economia","tag-esteri","tag-investimenti","tag-selecting-italy","tag-trieste","post_format-post-format-image"],"rttpg_featured_image_url":{"full":["https:\/\/imagazine.it\/wp-content\/uploads\/2024\/03\/selectingItaly.jpg",1366,836,false],"landscape":["https:\/\/imagazine.it\/wp-content\/uploads\/2024\/03\/selectingItaly.jpg",1366,836,false],"portraits":["https:\/\/imagazine.it\/wp-content\/uploads\/2024\/03\/selectingItaly.jpg",1366,836,false],"thumbnail":["https:\/\/imagazine.it\/wp-content\/uploads\/2024\/03\/selectingItaly-150x150.jpg",150,150,true],"medium":["https:\/\/imagazine.it\/wp-content\/uploads\/2024\/03\/selectingItaly-300x184.jpg",300,184,true],"large":["https:\/\/imagazine.it\/wp-content\/uploads\/2024\/03\/selectingItaly-1024x627.jpg",640,392,true],"thumblist":["https:\/\/imagazine.it\/wp-content\/uploads\/2024\/03\/selectingItaly-300x300.jpg",300,300,true],"thumbrelated":["https:\/\/imagazine.it\/wp-content\/uploads\/2024\/03\/selectingItaly-500x500.jpg",500,500,true],"meccarouselthumb":["https:\/\/imagazine.it\/wp-content\/uploads\/2024\/03\/selectingItaly-474x324.jpg",474,324,true],"gridsquare":["https:\/\/imagazine.it\/wp-content\/uploads\/2024\/03\/selectingItaly-391x260.jpg",391,260,true],"tileview":["https:\/\/imagazine.it\/wp-content\/uploads\/2024\/03\/selectingItaly-300x400.jpg",300,400,true],"1536x1536":["https:\/\/imagazine.it\/wp-content\/uploads\/2024\/03\/selectingItaly.jpg",1366,836,false],"2048x2048":["https:\/\/imagazine.it\/wp-content\/uploads\/2024\/03\/selectingItaly.jpg",1366,836,false],"newsup-slider-full":["https:\/\/imagazine.it\/wp-content\/uploads\/2024\/03\/selectingItaly-1280x720.jpg",1280,720,true],"newsup-featured":["https:\/\/imagazine.it\/wp-content\/uploads\/2024\/03\/selectingItaly-1024x627.jpg",1024,627,true],"newsup-medium":["https:\/\/imagazine.it\/wp-content\/uploads\/2024\/03\/selectingItaly-720x380.jpg",720,380,true],"tptn_thumbnail":["https:\/\/imagazine.it\/wp-content\/uploads\/2024\/03\/selectingItaly-250x210.jpg",250,210,true],"sow-carousel-default":["https:\/\/imagazine.it\/wp-content\/uploads\/2024\/03\/selectingItaly.jpg",272,166,false]},"rttpg_author":{"display_name":"redazione","author_link":"https:\/\/imagazine.it\/home_desk\/author\/redazione\/"},"rttpg_comment":0,"rttpg_category":"<a href=\"https:\/\/imagazine.it\/home_desk\/category\/societa\/\" rel=\"category tag\">SOCIET\u00c0<\/a>","rttpg_excerpt":"Presentata a Montecitorio la seconda edizione di \"Investing Italy\", in programma in Porto Vecchio ad aprile","_links":{"self":[{"href":"https:\/\/imagazine.it\/home_desk\/wp-json\/wp\/v2\/posts\/53231","targetHints":{"allow":["GET"]}}],"collection":[{"href":"https:\/\/imagazine.it\/home_desk\/wp-json\/wp\/v2\/posts"}],"about":[{"href":"https:\/\/imagazine.it\/home_desk\/wp-json\/wp\/v2\/types\/post"}],"author":[{"embeddable":true,"href":"https:\/\/imagazine.it\/home_desk\/wp-json\/wp\/v2\/users\/28"}],"replies":[{"embeddable":true,"href":"https:\/\/imagazine.it\/home_desk\/wp-json\/wp\/v2\/comments?post=53231"}],"version-history":[{"count":0,"href":"https:\/\/imagazine.it\/home_desk\/wp-json\/wp\/v2\/posts\/53231\/revisions"}],"wp:featuredmedia":[{"embeddable":true,"href":"https:\/\/imagazine.it\/home_desk\/wp-json\/wp\/v2\/media\/53232"}],"wp:attachment":[{"href":"https:\/\/imagazine.it\/home_desk\/wp-json\/wp\/v2\/media?parent=53231"}],"wp:term":[{"taxonomy":"category","embeddable":true,"href":"https:\/\/imagazine.it\/home_desk\/wp-json\/wp\/v2\/categories?post=53231"},{"taxonomy":"post_tag","embeddable":true,"href":"https:\/\/imagazine.it\/home_desk\/wp-json\/wp\/v2\/tags?post=53231"}],"curies":[{"name":"wp","href":"https:\/\/api.w.org\/{rel}","templated":true}]}}