{"id":53220,"date":"2024-03-28T15:00:59","date_gmt":"2024-03-28T14:00:59","guid":{"rendered":"https:\/\/imagazine.it\/home_desk\/?p=53220"},"modified":"2024-03-29T15:27:26","modified_gmt":"2024-03-29T14:27:26","slug":"studentato-e-museo-nuova-vita-per-palazzo-paternolli","status":"publish","type":"post","link":"https:\/\/imagazine.it\/home_desk\/studentato-e-museo-nuova-vita-per-palazzo-paternolli\/","title":{"rendered":"Studentato e museo: nuova vita per Palazzo Paternolli"},"content":{"rendered":"<p><em><span style=\"font-size: 10pt;\">Palazzo Paternolli a Gorizia (ph. Regione FVG)<\/span><\/em><\/p>\n<p>GORIZIA \u2013 Prosegue l\u2019intervento di riqualificazione di <strong>Palazzo Paternolli<\/strong> in piazza Vittoria a Gorizia.<\/p>\n<p>Grazie al Gruppo Visconti, societ\u00e0 benefit che ha investito 4,5 milioni di euro, il palazzo acquisir\u00e0 una <strong>funzione mista di studentato<\/strong>, con 60 posti letto, <strong>e di spazio museale<\/strong> all&#8217;ultimo piano, dotato inoltre di <strong>sale polifunzionali<\/strong> e di una <strong>palestra<\/strong>.<\/p>\n<p>&#8220;L&#8217;idea vincente \u2013 \u00a0ha affermato il vicegovernatore con delega alla Cultura, <strong>Mario Anzil<\/strong>, durante un sopralluogo assieme all&#8217;assessore regionale all&#8217;Universit\u00e0, <strong>Alessia Rosolen<\/strong> \u2013 \u00e8 quella di una moderna agor\u00e0, un luogo di socialit\u00e0 e di riflessione, dove ci si confronta e si elaborano idee proiettate verso una visione del futuro. Diventer\u00e0 uno spazio prezioso per i nostri studenti, sulla scorta dell&#8217;esempio di Carlo Michelstaedter che in questa parte di Gorizia elabor\u00f2 le sue teorie filosofiche, in un&#8217;epoca in cui le comodit\u00e0 rischiano di compromettere le capacit\u00e0 di pensiero, da ritrovare invece in luoghi suggestivi come Palazzo Paternolli&#8221;.<\/p>\n<figure id=\"attachment_53221\" aria-describedby=\"caption-attachment-53221\" style=\"width: 640px\" class=\"wp-caption aligncenter\"><img loading=\"lazy\" decoding=\"async\" class=\"wp-image-53221 size-large\" src=\"https:\/\/imagazine.it\/wp-content\/uploads\/2024\/03\/paternolliGOautorita-1024x768.jpg\" alt=\"Le autorit\u00e0 presenti al sopralluogo (ph. Regione FVG)\" width=\"640\" height=\"480\" title=\"\" srcset=\"https:\/\/imagazine.it\/wp-content\/uploads\/2024\/03\/paternolliGOautorita-1024x768.jpg 1024w, https:\/\/imagazine.it\/wp-content\/uploads\/2024\/03\/paternolliGOautorita-300x225.jpg 300w, https:\/\/imagazine.it\/wp-content\/uploads\/2024\/03\/paternolliGOautorita-768x576.jpg 768w, https:\/\/imagazine.it\/wp-content\/uploads\/2024\/03\/paternolliGOautorita-1536x1152.jpg 1536w, https:\/\/imagazine.it\/wp-content\/uploads\/2024\/03\/paternolliGOautorita.jpg 1600w\" sizes=\"auto, (max-width: 640px) 100vw, 640px\" \/><figcaption id=\"caption-attachment-53221\" class=\"wp-caption-text\">Le autorit\u00e0 presenti al sopralluogo (ph. Regione FVG)<\/figcaption><\/figure>\n<p>I posti letto saranno destinati agli studenti fuori sede, anche provenienti da Nova Gorica, mentre una porzione di ricettivit\u00e0 potr\u00e0 essere dedicata agli ospiti della Capitale europea della Cultura.<\/p>\n<p>Come \u00e8 stato precisato dai tecnici, terminati gli interventi strutturali su murature e solai e con il rifacimento del tetto, il cantiere pu\u00f2 concentrarsi ora sulle partizioni interne e sulle opere di finitura, che saranno completate, secondo il cronoprogramma, entro il mese di luglio.<\/p>\n<p>Al sopralluogo hanno preso parte numerose autorit\u00e0, tra cui il sindaco di Gorizia, <strong>Rodolfo Ziberna<\/strong>, e il prefetto di Gorizia, <strong>Raffaele Ricciardi<\/strong>.<\/p>\n","protected":false},"excerpt":{"rendered":"<p>Proseguono gli interventi di riqualificazione in piazza Vittoria a Gorizia: l&#8217;edificio dotato inoltre di sale polifunzionali e di una palestra<\/p>\n","protected":false},"author":28,"featured_media":53222,"comment_status":"closed","ping_status":"closed","sticky":false,"template":"","format":"image","meta":{"dwc-title":[""],"dwc-content":[""],"footnotes":""},"categories":[5],"tags":[123,43,1437],"class_list":["post-53220","post","type-post","status-publish","format-image","has-post-thumbnail","hentry","category-attualita","tag-go2025","tag-gorizia","tag-paternolli","post_format-post-format-image"],"rttpg_featured_image_url":{"full":["https:\/\/imagazine.it\/wp-content\/uploads\/2024\/03\/paternolliGO.jpg",1366,732,false],"landscape":["https:\/\/imagazine.it\/wp-content\/uploads\/2024\/03\/paternolliGO.jpg",1366,732,false],"portraits":["https:\/\/imagazine.it\/wp-content\/uploads\/2024\/03\/paternolliGO.jpg",1366,732,false],"thumbnail":["https:\/\/imagazine.it\/wp-content\/uploads\/2024\/03\/paternolliGO-150x150.jpg",150,150,true],"medium":["https:\/\/imagazine.it\/wp-content\/uploads\/2024\/03\/paternolliGO-300x161.jpg",300,161,true],"large":["https:\/\/imagazine.it\/wp-content\/uploads\/2024\/03\/paternolliGO-1024x549.jpg",640,343,true],"thumblist":["https:\/\/imagazine.it\/wp-content\/uploads\/2024\/03\/paternolliGO-300x300.jpg",300,300,true],"thumbrelated":["https:\/\/imagazine.it\/wp-content\/uploads\/2024\/03\/paternolliGO-500x500.jpg",500,500,true],"meccarouselthumb":["https:\/\/imagazine.it\/wp-content\/uploads\/2024\/03\/paternolliGO-474x324.jpg",474,324,true],"gridsquare":["https:\/\/imagazine.it\/wp-content\/uploads\/2024\/03\/paternolliGO-391x260.jpg",391,260,true],"tileview":["https:\/\/imagazine.it\/wp-content\/uploads\/2024\/03\/paternolliGO-300x400.jpg",300,400,true],"1536x1536":["https:\/\/imagazine.it\/wp-content\/uploads\/2024\/03\/paternolliGO.jpg",1366,732,false],"2048x2048":["https:\/\/imagazine.it\/wp-content\/uploads\/2024\/03\/paternolliGO.jpg",1366,732,false],"newsup-slider-full":["https:\/\/imagazine.it\/wp-content\/uploads\/2024\/03\/paternolliGO-1280x720.jpg",1280,720,true],"newsup-featured":["https:\/\/imagazine.it\/wp-content\/uploads\/2024\/03\/paternolliGO-1024x549.jpg",1024,549,true],"newsup-medium":["https:\/\/imagazine.it\/wp-content\/uploads\/2024\/03\/paternolliGO-720x380.jpg",720,380,true],"tptn_thumbnail":["https:\/\/imagazine.it\/wp-content\/uploads\/2024\/03\/paternolliGO-250x210.jpg",250,210,true],"sow-carousel-default":["https:\/\/imagazine.it\/wp-content\/uploads\/2024\/03\/paternolliGO.jpg",272,146,false]},"rttpg_author":{"display_name":"redazione","author_link":"https:\/\/imagazine.it\/home_desk\/author\/redazione\/"},"rttpg_comment":0,"rttpg_category":"<a href=\"https:\/\/imagazine.it\/home_desk\/category\/attualita\/\" rel=\"category tag\">ATTUALIT\u00c0<\/a>","rttpg_excerpt":"Proseguono gli interventi di riqualificazione in piazza Vittoria a Gorizia: l'edificio dotato inoltre di sale polifunzionali e di una palestra","_links":{"self":[{"href":"https:\/\/imagazine.it\/home_desk\/wp-json\/wp\/v2\/posts\/53220","targetHints":{"allow":["GET"]}}],"collection":[{"href":"https:\/\/imagazine.it\/home_desk\/wp-json\/wp\/v2\/posts"}],"about":[{"href":"https:\/\/imagazine.it\/home_desk\/wp-json\/wp\/v2\/types\/post"}],"author":[{"embeddable":true,"href":"https:\/\/imagazine.it\/home_desk\/wp-json\/wp\/v2\/users\/28"}],"replies":[{"embeddable":true,"href":"https:\/\/imagazine.it\/home_desk\/wp-json\/wp\/v2\/comments?post=53220"}],"version-history":[{"count":0,"href":"https:\/\/imagazine.it\/home_desk\/wp-json\/wp\/v2\/posts\/53220\/revisions"}],"wp:featuredmedia":[{"embeddable":true,"href":"https:\/\/imagazine.it\/home_desk\/wp-json\/wp\/v2\/media\/53222"}],"wp:attachment":[{"href":"https:\/\/imagazine.it\/home_desk\/wp-json\/wp\/v2\/media?parent=53220"}],"wp:term":[{"taxonomy":"category","embeddable":true,"href":"https:\/\/imagazine.it\/home_desk\/wp-json\/wp\/v2\/categories?post=53220"},{"taxonomy":"post_tag","embeddable":true,"href":"https:\/\/imagazine.it\/home_desk\/wp-json\/wp\/v2\/tags?post=53220"}],"curies":[{"name":"wp","href":"https:\/\/api.w.org\/{rel}","templated":true}]}}