{"id":53190,"date":"2024-03-27T15:58:53","date_gmt":"2024-03-27T14:58:53","guid":{"rendered":"https:\/\/imagazine.it\/home_desk\/?p=53190"},"modified":"2024-03-28T15:39:35","modified_gmt":"2024-03-28T14:39:35","slug":"trieste-diventa-una-galleria-fotografica","status":"publish","type":"post","link":"https:\/\/imagazine.it\/home_desk\/trieste-diventa-una-galleria-fotografica\/","title":{"rendered":"Trieste diventa una galleria fotografica"},"content":{"rendered":"<p><em><span style=\"font-size: 10pt;\">Presentazione dell&#8217;edizione 2024<\/span><\/em><\/p>\n<p>TRIESTE \u2013 Presentata la dodicesima edizione di \u201c<strong><em>Le Vie delle Foto<\/em><\/strong>\u201d, manifestazione nata nel 2011 che trasforma il centro di Trieste, con i suoi esercizi pubblici e locali storici, in una mostra fotografica.<\/p>\n<p>L\u2019evento \u00e8 stato svelato dalla direttrice <strong>Linda Simeone<\/strong>, alla presenza dell\u2019assessore comunale alle Politiche sociali, <strong>Massimo Tognolli<\/strong>.<\/p>\n<p>Grazie al format de\u00a0\u201c<em>Le Vie delle Foto<\/em>\u201d \u2013 che gode del patrocinio del <strong>Comune di Trieste<\/strong> \u2013 da dodici anni i locali pubblici e gli spazi urbani della citt\u00e0 si trasformano in un\u2019unica galleria dove fotografi, professionisti e non, provenienti da tutta Italia e dal resto del mondo, possono esporre i propri scatti e che, a fine evento, anche quest\u2019anno vedr\u00e0 la pubblicazione di un catalogo fotografico.<\/p>\n<h3>La citt\u00e0 della fotografia<\/h3>\n<p>Invariata la formula che ogni anno per un mese trasforma Trieste nella <strong>\u201cCitt\u00e0 della fotografia\u201d<\/strong>: a ogni fotografo viene assegnato un esercizio pubblico tra quelli aderenti al percorso, cosicch\u00e9 le singole mostre possano avere ciascuna un proprio tema.<\/p>\n<p>Le foto verranno esposte per tutto il mese e sar\u00e0 possibile visitare le mostre durante gli orari di apertura dei singoli locali.<\/p>\n<p>Ogni sabato del mese sono previste inoltre delle visite guidate con percorsi creati\u00a0<em>ad hoc<\/em>\u00a0per poter ammirare sia le mostre che apprezzare i locali che le ospitano, oltre che la citt\u00e0 di Trieste in tutti i suoi angoli pi\u00f9 belli e caratteristici, anche e soprattutto quelli meno noti.<\/p>\n<p>Sono in programma degustazioni, workshop in location esclusive, feste e presentazioni del progetto in tutta Italia con l\u2019obiettivo di portare nuovi fotografi a Trieste e Trieste in giro per il mondo.<\/p>\n<p>Quest&#8217;anno sono quaranta i locali aderenti che ospiteranno le mostre fotografiche di altrettanti artisti, nazionali ed esteri. \u00c8 gi\u00e0 disponibile in omaggio presso tutti i locali che aderiscono all&#8217;iniziativa la mappa con gli esercizi che ospitano le mostre.<\/p>\n<p>Per tutto il mese di aprile, ogni sabato mattina a partire dalle ore 10.30 e il pomeriggio dalle ore 16 una guida specializzata terr\u00e0 delle visite guidate che partiranno ogni volta da punti diversi della citt\u00e0: piazza Sant&#8217;Antonio, piazza dell&#8217;Unit\u00e0 d\u2019Italia, piazza del Ponterosso e Largo Bonifacio (all&#8217;inizio di Viale XX Settembre).<\/p>\n<h3><strong>Le novit\u00e0 2024<\/strong><\/h3>\n<p>Primizia assoluta di questa edizione, la presentazione in esclusiva di una nuova e innovativa<strong> tecnologia per certificare in modo duraturo le opere d\u2019arte.<\/strong> Questo sistema consente infatti ai curatori di identificarsi, caricare e condividere facilmente i dati riguardanti le opere che espongono. A ciascuna opera viene attribuito un codice identificativo univoco che pu\u00f2 essere facilmente condiviso dai curatori e dagli autori, ad esempio tramite <em>QR code<\/em>. Una volta inseriti nel sistema, i dati vengono archiviati in modo sicuro e inalterabile e non possono pi\u00f9 essere modificati.<\/p>\n<p>Inoltre ogni modifica nella storia dell\u2019opera viene registrata e conservata nel sistema.<\/p>\n<p>\u201cInsieme a Linda, Erik e Lisa \u2013 ha spiegato l\u2019ideatore, l\u2019ingegner <strong>Andrei Vukolov<\/strong> \u2013 abbiamo deciso di testare per la prima volta questa tecnologia proprio su Le Vie delle Foto\u201d.<\/p>\n<p>Dopo aver superato la fase di test si prevede che la nuova tecnologia sia accessibile a un vasto numero di persone e organizzazioni interessate e questo rappresenta un notevole progresso nelle tecnologie di condivisione durevole dei dati.<\/p>\n<h3>Nuove collaborazioni<\/h3>\n<p>Accanto alle collaborazioni consolidate, quest\u2019anno si aggiunge quella con <strong>Eataly<\/strong> che sar\u00e0 sede di un corso di <em>Food Photography<\/em> che si svolger\u00e0 <strong>sabato 20 aprile<\/strong> dalle ore 15 con la docente <strong>Fiorella Macor <\/strong>e di una mostra nell\u2019Enoteca al piano -1.<\/p>\n<p>Inoltre nel 2024 inizia una nuova collaborazione anche con il Corso di fotografia della <strong>Comunit\u00e0 degli italiani di Fiume<\/strong> che, capitanata da <strong>\u017deljko Jernei\u0107 <\/strong>e<strong> Lucio Vidotto<\/strong>, sar\u00e0 in visita a Trieste a fine mese per prendere parte a un tour guidato con Le vie delle Foto.<\/p>\n<p>Infine, altra importante collaborazione di quest\u2019anno, sar\u00e0 quella con <strong>Excelsior Caff\u00e8<\/strong> che Le Vie delle Foto accompagner\u00e0 nei festeggiamenti del 70ennale di attivit\u00e0 proponendo alcuni tour con degustazioni mirate.<\/p>\n<p>Il primo weekend di aprile sar\u00e0 presente in citt\u00e0 ospite de Le Vie delle Foto anche il presidente dell\u2019Associazione culturale \u201cArgonauti\u201d <strong>Marco Navone<\/strong>, fotografo e storico della fotografia, responsabile del Festival cinematografico di Tavolara \u201c<em>Una notte in Italia<\/em>\u201d, nonch\u00e9 ideatore, direttore artistico e organizzatore del Festival della fotografia \u201c<strong>Storie di un attimo<\/strong>\u201d giunto alla sua 14\u00aa edizione e gi\u00e0 partner de Le Vie delle Foto.<\/p>\n<p>Nel corso dell\u2019evento verr\u00e0 organizzato un incontro pubblico con i fotografi: sar\u00e0 l&#8217;occasione per visionare il <em>portfolio<\/em> dei vari autori in mostra a Trieste al fine di individuare alcuni progetti da esporre a Olbia in novembre nell\u2019ambito di \u201cStorie di un attimo\u201d 2024.<\/p>\n<p>Per informazioni:\u00a0<a href=\"http:\/\/www.leviedellefoto.it\/\" target=\"_blank\" rel=\"noopener\">www.leviedellefoto.it<\/a><\/p>\n","protected":false},"excerpt":{"rendered":"<p>Presentata la dodicesima edizione di \u201cLe Vie delle Foto\u201d: quaranta locali ospiteranno le mostre di altrettanti fotografi<\/p>\n","protected":false},"author":28,"featured_media":53191,"comment_status":"closed","ping_status":"closed","sticky":false,"template":"","format":"image","meta":{"dwc-title":[""],"dwc-content":[""],"footnotes":""},"categories":[37],"tags":[165,293,60,65],"class_list":["post-53190","post","type-post","status-publish","format-image","has-post-thumbnail","hentry","category-cultura-e-spettacolo","tag-arte","tag-fotografia","tag-mostre","tag-trieste","post_format-post-format-image"],"rttpg_featured_image_url":{"full":["https:\/\/imagazine.it\/wp-content\/uploads\/2024\/03\/gruppo24.jpg",1366,892,false],"landscape":["https:\/\/imagazine.it\/wp-content\/uploads\/2024\/03\/gruppo24.jpg",1366,892,false],"portraits":["https:\/\/imagazine.it\/wp-content\/uploads\/2024\/03\/gruppo24.jpg",1366,892,false],"thumbnail":["https:\/\/imagazine.it\/wp-content\/uploads\/2024\/03\/gruppo24-150x150.jpg",150,150,true],"medium":["https:\/\/imagazine.it\/wp-content\/uploads\/2024\/03\/gruppo24-300x196.jpg",300,196,true],"large":["https:\/\/imagazine.it\/wp-content\/uploads\/2024\/03\/gruppo24-1024x669.jpg",640,418,true],"thumblist":["https:\/\/imagazine.it\/wp-content\/uploads\/2024\/03\/gruppo24-300x300.jpg",300,300,true],"thumbrelated":["https:\/\/imagazine.it\/wp-content\/uploads\/2024\/03\/gruppo24-500x500.jpg",500,500,true],"meccarouselthumb":["https:\/\/imagazine.it\/wp-content\/uploads\/2024\/03\/gruppo24-474x324.jpg",474,324,true],"gridsquare":["https:\/\/imagazine.it\/wp-content\/uploads\/2024\/03\/gruppo24-391x260.jpg",391,260,true],"tileview":["https:\/\/imagazine.it\/wp-content\/uploads\/2024\/03\/gruppo24-300x400.jpg",300,400,true],"1536x1536":["https:\/\/imagazine.it\/wp-content\/uploads\/2024\/03\/gruppo24.jpg",1366,892,false],"2048x2048":["https:\/\/imagazine.it\/wp-content\/uploads\/2024\/03\/gruppo24.jpg",1366,892,false],"newsup-slider-full":["https:\/\/imagazine.it\/wp-content\/uploads\/2024\/03\/gruppo24-1280x720.jpg",1280,720,true],"newsup-featured":["https:\/\/imagazine.it\/wp-content\/uploads\/2024\/03\/gruppo24-1024x669.jpg",1024,669,true],"newsup-medium":["https:\/\/imagazine.it\/wp-content\/uploads\/2024\/03\/gruppo24-720x380.jpg",720,380,true],"tptn_thumbnail":["https:\/\/imagazine.it\/wp-content\/uploads\/2024\/03\/gruppo24-250x210.jpg",250,210,true],"sow-carousel-default":["https:\/\/imagazine.it\/wp-content\/uploads\/2024\/03\/gruppo24.jpg",272,178,false]},"rttpg_author":{"display_name":"redazione","author_link":"https:\/\/imagazine.it\/home_desk\/author\/redazione\/"},"rttpg_comment":0,"rttpg_category":"<a href=\"https:\/\/imagazine.it\/home_desk\/category\/cultura-e-spettacolo\/\" rel=\"category tag\">CULTURA&amp;SPETTACOLO<\/a>","rttpg_excerpt":"Presentata la dodicesima edizione di \u201cLe Vie delle Foto\u201d: quaranta locali ospiteranno le mostre di altrettanti fotografi","_links":{"self":[{"href":"https:\/\/imagazine.it\/home_desk\/wp-json\/wp\/v2\/posts\/53190","targetHints":{"allow":["GET"]}}],"collection":[{"href":"https:\/\/imagazine.it\/home_desk\/wp-json\/wp\/v2\/posts"}],"about":[{"href":"https:\/\/imagazine.it\/home_desk\/wp-json\/wp\/v2\/types\/post"}],"author":[{"embeddable":true,"href":"https:\/\/imagazine.it\/home_desk\/wp-json\/wp\/v2\/users\/28"}],"replies":[{"embeddable":true,"href":"https:\/\/imagazine.it\/home_desk\/wp-json\/wp\/v2\/comments?post=53190"}],"version-history":[{"count":0,"href":"https:\/\/imagazine.it\/home_desk\/wp-json\/wp\/v2\/posts\/53190\/revisions"}],"wp:featuredmedia":[{"embeddable":true,"href":"https:\/\/imagazine.it\/home_desk\/wp-json\/wp\/v2\/media\/53191"}],"wp:attachment":[{"href":"https:\/\/imagazine.it\/home_desk\/wp-json\/wp\/v2\/media?parent=53190"}],"wp:term":[{"taxonomy":"category","embeddable":true,"href":"https:\/\/imagazine.it\/home_desk\/wp-json\/wp\/v2\/categories?post=53190"},{"taxonomy":"post_tag","embeddable":true,"href":"https:\/\/imagazine.it\/home_desk\/wp-json\/wp\/v2\/tags?post=53190"}],"curies":[{"name":"wp","href":"https:\/\/api.w.org\/{rel}","templated":true}]}}