{"id":53096,"date":"2024-03-25T16:46:01","date_gmt":"2024-03-25T15:46:01","guid":{"rendered":"https:\/\/imagazine.it\/home_desk\/?p=53096"},"modified":"2024-03-25T16:46:01","modified_gmt":"2024-03-25T15:46:01","slug":"canottaggio-marvucic-dargento-al-daloja","status":"publish","type":"post","link":"https:\/\/imagazine.it\/home_desk\/canottaggio-marvucic-dargento-al-daloja\/","title":{"rendered":"Canottaggio: Marvucic d\u2019argento al D\u2019Aloja"},"content":{"rendered":"<p><em><span style=\"font-size: 10pt;\">Marvucic, argento nel singolo<\/span><\/em><\/p>\n<p>PIEDILUCO &#8211; Al <strong>Trofeo Paolo D\u2019Aloja<\/strong>, Meeting internazionale tenutosi a Piediluco, il canottiere sangiorgino <strong>Josef Marvucic<\/strong> ha conquistato due medaglie d\u2019argento, una in singolo e l\u2019altra nel doppio Under 19.<\/p>\n<p>Nella finale del sabato Marvucic in singolo \u00e8 partito forte e si \u00e8 portato in testa con il greco <strong>Panagiolis Makrygiannis<\/strong> che ai 1000 metri lo seguiva di una punta e con il resto dei concorrenti ormai tagliati fuori dalla lotta per la vittoria.<\/p>\n<p>Ai 1500 il friulano era in testa con il greco ancora vicinissimo e deciso alla rimonta e infatti con un forcing finale riusciva a superare Marvucic arrivando al traguardo in 7\u201925\u201d32, soltanto 98 centesimi meglio del canottiere sangiorgino che si \u00e8 cos\u00ec preso l\u2019argento, mentre il bronzo andava all\u2019uzbeko <strong>Turgunov<\/strong> che non \u00e8 mai riuscito a insidiare i primi due ed \u00e8 giunto al traguardo con forte distacco.<\/p>\n<p>La domenica Marvucic si \u00e8 trovato a gareggiare nel doppio assieme al nuovo compagno di barca <strong>Pietro Zampaglione<\/strong> della Canottieri Armida e ancora una volta si \u00e8 trovato contro il greco Makrygiannis in barca con <strong>Nikolaos Cholopoulos.<\/strong><\/p>\n<p>L\u2019equipaggio greco, pi\u00f9 affiatato di quello italiano, si \u00e8 portato in testa e ha controllato la gara fin al traguardo dove ha chiuso in 7\u201913\u201d17, staccando gli Azzurrini di 4 secondi.<\/p>\n<figure id=\"attachment_53097\" aria-describedby=\"caption-attachment-53097\" style=\"width: 960px\" class=\"wp-caption aligncenter\"><img loading=\"lazy\" decoding=\"async\" class=\"wp-image-53097 size-full\" src=\"https:\/\/imagazine.it\/wp-content\/uploads\/2024\/03\/alla-sinistra-marvucic-e-zampaglione.jpg\" alt=\"A sinistra Marvucic e Zampaglione\" width=\"960\" height=\"640\" title=\"\" srcset=\"https:\/\/imagazine.it\/wp-content\/uploads\/2024\/03\/alla-sinistra-marvucic-e-zampaglione.jpg 960w, https:\/\/imagazine.it\/wp-content\/uploads\/2024\/03\/alla-sinistra-marvucic-e-zampaglione-300x200.jpg 300w, https:\/\/imagazine.it\/wp-content\/uploads\/2024\/03\/alla-sinistra-marvucic-e-zampaglione-768x512.jpg 768w, https:\/\/imagazine.it\/wp-content\/uploads\/2024\/03\/alla-sinistra-marvucic-e-zampaglione-391x260.jpg 391w\" sizes=\"auto, (max-width: 960px) 100vw, 960px\" \/><figcaption id=\"caption-attachment-53097\" class=\"wp-caption-text\">A sinistra Marvucic e Zampaglione<\/figcaption><\/figure>\n<p>Per il giovane friulano i risultati di Piediluco sono da ritenersi buoni in quanto la stagione \u00e8 solo agli inizi cos\u00ec come lo \u00e8 la preparazione<strong>,<\/strong> che \u00e8 mirata ai Campionati Europei in programma a <strong>g<\/strong>iugno in Polonia e ai Mondiali in Canada ad <strong>a<\/strong>gosto.<\/p>\n","protected":false},"excerpt":{"rendered":"<p>Doppio secondo posto nel singolo e nel doppio per l&#8217;atleta sangiorgino al meeting internazionale disputatosi sul Lago di Piediluco <\/p>\n","protected":false},"author":22,"featured_media":53098,"comment_status":"closed","ping_status":"closed","sticky":false,"template":"","format":"image","meta":{"dwc-title":[""],"dwc-content":[""],"footnotes":""},"categories":[38],"tags":[441,1045,442],"class_list":["post-53096","post","type-post","status-publish","format-image","has-post-thumbnail","hentry","category-sport","tag-canottaggio","tag-marvucic","tag-san-giorgio","post_format-post-format-image"],"rttpg_featured_image_url":{"full":["https:\/\/imagazine.it\/wp-content\/uploads\/2024\/03\/MARVUCIC-AL-DALOJA.jpg",1366,911,false],"landscape":["https:\/\/imagazine.it\/wp-content\/uploads\/2024\/03\/MARVUCIC-AL-DALOJA.jpg",1366,911,false],"portraits":["https:\/\/imagazine.it\/wp-content\/uploads\/2024\/03\/MARVUCIC-AL-DALOJA.jpg",1366,911,false],"thumbnail":["https:\/\/imagazine.it\/wp-content\/uploads\/2024\/03\/MARVUCIC-AL-DALOJA-150x150.jpg",150,150,true],"medium":["https:\/\/imagazine.it\/wp-content\/uploads\/2024\/03\/MARVUCIC-AL-DALOJA-300x200.jpg",300,200,true],"large":["https:\/\/imagazine.it\/wp-content\/uploads\/2024\/03\/MARVUCIC-AL-DALOJA-1024x683.jpg",640,427,true],"thumblist":["https:\/\/imagazine.it\/wp-content\/uploads\/2024\/03\/MARVUCIC-AL-DALOJA-300x300.jpg",300,300,true],"thumbrelated":["https:\/\/imagazine.it\/wp-content\/uploads\/2024\/03\/MARVUCIC-AL-DALOJA-500x500.jpg",500,500,true],"meccarouselthumb":["https:\/\/imagazine.it\/wp-content\/uploads\/2024\/03\/MARVUCIC-AL-DALOJA-474x324.jpg",474,324,true],"gridsquare":["https:\/\/imagazine.it\/wp-content\/uploads\/2024\/03\/MARVUCIC-AL-DALOJA-391x260.jpg",391,260,true],"tileview":["https:\/\/imagazine.it\/wp-content\/uploads\/2024\/03\/MARVUCIC-AL-DALOJA-300x400.jpg",300,400,true],"1536x1536":["https:\/\/imagazine.it\/wp-content\/uploads\/2024\/03\/MARVUCIC-AL-DALOJA.jpg",1366,911,false],"2048x2048":["https:\/\/imagazine.it\/wp-content\/uploads\/2024\/03\/MARVUCIC-AL-DALOJA.jpg",1366,911,false],"newsup-slider-full":["https:\/\/imagazine.it\/wp-content\/uploads\/2024\/03\/MARVUCIC-AL-DALOJA-1280x720.jpg",1280,720,true],"newsup-featured":["https:\/\/imagazine.it\/wp-content\/uploads\/2024\/03\/MARVUCIC-AL-DALOJA-1024x683.jpg",1024,683,true],"newsup-medium":["https:\/\/imagazine.it\/wp-content\/uploads\/2024\/03\/MARVUCIC-AL-DALOJA-720x380.jpg",720,380,true],"tptn_thumbnail":["https:\/\/imagazine.it\/wp-content\/uploads\/2024\/03\/MARVUCIC-AL-DALOJA-250x210.jpg",250,210,true],"sow-carousel-default":["https:\/\/imagazine.it\/wp-content\/uploads\/2024\/03\/MARVUCIC-AL-DALOJA.jpg",272,182,false]},"rttpg_author":{"display_name":"Livio Nonis","author_link":"https:\/\/imagazine.it\/home_desk\/author\/nonis\/"},"rttpg_comment":0,"rttpg_category":"<a href=\"https:\/\/imagazine.it\/home_desk\/category\/sport\/\" rel=\"category tag\">SPORT<\/a>","rttpg_excerpt":"Doppio secondo posto nel singolo e nel doppio per l'atleta sangiorgino al meeting internazionale disputatosi sul Lago di Piediluco","_links":{"self":[{"href":"https:\/\/imagazine.it\/home_desk\/wp-json\/wp\/v2\/posts\/53096","targetHints":{"allow":["GET"]}}],"collection":[{"href":"https:\/\/imagazine.it\/home_desk\/wp-json\/wp\/v2\/posts"}],"about":[{"href":"https:\/\/imagazine.it\/home_desk\/wp-json\/wp\/v2\/types\/post"}],"author":[{"embeddable":true,"href":"https:\/\/imagazine.it\/home_desk\/wp-json\/wp\/v2\/users\/22"}],"replies":[{"embeddable":true,"href":"https:\/\/imagazine.it\/home_desk\/wp-json\/wp\/v2\/comments?post=53096"}],"version-history":[{"count":0,"href":"https:\/\/imagazine.it\/home_desk\/wp-json\/wp\/v2\/posts\/53096\/revisions"}],"wp:featuredmedia":[{"embeddable":true,"href":"https:\/\/imagazine.it\/home_desk\/wp-json\/wp\/v2\/media\/53098"}],"wp:attachment":[{"href":"https:\/\/imagazine.it\/home_desk\/wp-json\/wp\/v2\/media?parent=53096"}],"wp:term":[{"taxonomy":"category","embeddable":true,"href":"https:\/\/imagazine.it\/home_desk\/wp-json\/wp\/v2\/categories?post=53096"},{"taxonomy":"post_tag","embeddable":true,"href":"https:\/\/imagazine.it\/home_desk\/wp-json\/wp\/v2\/tags?post=53096"}],"curies":[{"name":"wp","href":"https:\/\/api.w.org\/{rel}","templated":true}]}}