{"id":53090,"date":"2024-03-25T16:09:29","date_gmt":"2024-03-25T15:09:29","guid":{"rendered":"https:\/\/imagazine.it\/home_desk\/?p=53090"},"modified":"2024-03-26T17:36:38","modified_gmt":"2024-03-26T16:36:38","slug":"la-corsa-dei-castelli-celebra-100-anni-di-universita","status":"publish","type":"post","link":"https:\/\/imagazine.it\/home_desk\/la-corsa-dei-castelli-celebra-100-anni-di-universita\/","title":{"rendered":"La Corsa dei Castelli celebra 100 anni di Universit\u00e0"},"content":{"rendered":"<p><em><span style=\"font-size: 10pt;\">Da sinistra Gamba, Di Lenarda e Gianardi<\/span><\/em><\/p>\n<p>TRIESTE<em> \u2013 <\/em>Presentata presso la Sala Cammarata dell\u2019Universit\u00e0 degli Studi di Trieste la <strong>#100UniTS Corsa dei Castelli<\/strong>, manifestazione podistica di 10 km su strada omologata FIDAL, organizzata da Asd Promorun per <strong>domenica 20 ottobre 2024<\/strong>.<\/p>\n<p>UniTS, che quest\u2019anno festeggia i cento anni, caratterizzer\u00e0 la Corsa dei Castelli 2024: <strong>medaglie e magliette di gara riporteranno il logo scelto per il suo Centenario e tocchi del colore <\/strong><\/p>\n<p>\u201cNel palinsesto di eventi che l\u2019Universit\u00e0 dedica a Trieste e ai suoi visitatori non poteva mancare una grande manifestazione sportiva \u2013 sottolinea il rettore <strong>Roberto Di Lenarda<\/strong> \u2013: il 20 ottobre la comunit\u00e0 UniTS scender\u00e0 in pista con cittadini e sportivi di alto livello per celebrare, tutti insieme, i suoi primi cento anni. Invito tutti a visitare il sito <a href=\"http:\/\/100anni.units.it\" data-saferedirecturl=\"https:\/\/www.google.com\/url?q=http:\/\/100anni.units.it&amp;source=gmail&amp;ust=1711464051593000&amp;usg=AOvVaw36M88JZEiw8qYTUwHKCtlP\" target=\"_blank\" rel=\"noopener\">100anni.units.it<\/a> per scoprire questo e altri appuntamenti imperdibili\u201d.<\/p>\n<p>Alla presentazione sono intervenuti anche l\u2019assessore regionale alla difesa dell&#8217;ambiente, <strong>Fabio Scoccimarro<\/strong>, quello alle Autonomie Locali, <strong>Pierpaolo Roberti<\/strong>, l\u2019assessore alle Politiche della Sicurezza Cittadina, <strong>Caterina de Gavardo<\/strong>, la coordinatrice regionale Friuli Venezia Giulia di Sport e Salute, <strong>Erika Dessabo<\/strong>, il delegato CONI provincia di Trieste, <strong>Ernesto Mari<\/strong>, la presidente di Asd Promorun, <strong>Silvia Gianardi<\/strong> e il direttore tecnico di gara, <strong>Michele Gamba<\/strong>.<\/p>\n<figure id=\"attachment_53093\" aria-describedby=\"caption-attachment-53093\" style=\"width: 640px\" class=\"wp-caption aligncenter\"><img loading=\"lazy\" decoding=\"async\" class=\"wp-image-53093 size-large\" src=\"https:\/\/imagazine.it\/wp-content\/uploads\/2024\/03\/unnamed-1024x642.jpg\" alt=\"Le autorit\u00e0 intervenute\" width=\"640\" height=\"401\" title=\"\" srcset=\"https:\/\/imagazine.it\/wp-content\/uploads\/2024\/03\/unnamed-1024x642.jpg 1024w, https:\/\/imagazine.it\/wp-content\/uploads\/2024\/03\/unnamed-300x188.jpg 300w, https:\/\/imagazine.it\/wp-content\/uploads\/2024\/03\/unnamed-768x482.jpg 768w, https:\/\/imagazine.it\/wp-content\/uploads\/2024\/03\/unnamed.jpg 1068w\" sizes=\"auto, (max-width: 640px) 100vw, 640px\" \/><figcaption id=\"caption-attachment-53093\" class=\"wp-caption-text\">Le autorit\u00e0 intervenute<\/figcaption><\/figure>\n<h3>Le gare<\/h3>\n<p>Partenza dal Castello di Miramare e arrivo a quello di San Giusto. Primi 8 km velocissimi con il piede sull\u2019acceleratore prima di giungere al cospetto di Piazza Unit\u00e0 ed entrare in citt\u00e0 dove inizier\u00e0 l\u2019ultimo chilometro, definito \u201c<em>Il Muro<\/em>\u201d, e raggiungere il Castello di San Giusto.<\/p>\n<p>Sport per tutti con la <strong><em>Non Competitiva Ten<\/em><\/strong>, evento parallelo ma per il quale non \u00e8 necessario il tesseramento e la presentazione di un certificato medico agonistico, e la <strong><em>Family Run 8 km<\/em><\/strong> con arrivo in Piazza Unit\u00e0 per la quale gli organizzatori hanno gi\u00e0 messo in cantiere il rinnovo del progetto solidale nei confronti della Fondazione Burlo Garofolo.<\/p>\n<p>Viene riproposta la <strong><em>International Road Race Running Match u.23 10k<\/em><\/strong> alla quale prenderanno parte gli atleti U23 di Federazioni estere arricchendo il parterre internazionale.<\/p>\n","protected":false},"excerpt":{"rendered":"<p>Attesi al via migliaia tra studenti e personale dell\u2019Ateneo. Confermato lo spettacolare tracciato da Miramare a San Giusto<\/p>\n","protected":false},"author":28,"featured_media":53091,"comment_status":"closed","ping_status":"closed","sticky":false,"template":"","format":"image","meta":{"dwc-title":[""],"dwc-content":[""],"footnotes":""},"categories":[38],"tags":[92,1386,65,388],"class_list":["post-53090","post","type-post","status-publish","format-image","has-post-thumbnail","hentry","category-sport","tag-corsa","tag-corsa-dei-castelli","tag-trieste","tag-universita","post_format-post-format-image"],"rttpg_featured_image_url":{"full":["https:\/\/imagazine.it\/wp-content\/uploads\/2024\/03\/gamba_dilenarda_gianardi.jpg",1366,850,false],"landscape":["https:\/\/imagazine.it\/wp-content\/uploads\/2024\/03\/gamba_dilenarda_gianardi.jpg",1366,850,false],"portraits":["https:\/\/imagazine.it\/wp-content\/uploads\/2024\/03\/gamba_dilenarda_gianardi.jpg",1366,850,false],"thumbnail":["https:\/\/imagazine.it\/wp-content\/uploads\/2024\/03\/gamba_dilenarda_gianardi-150x150.jpg",150,150,true],"medium":["https:\/\/imagazine.it\/wp-content\/uploads\/2024\/03\/gamba_dilenarda_gianardi-300x187.jpg",300,187,true],"large":["https:\/\/imagazine.it\/wp-content\/uploads\/2024\/03\/gamba_dilenarda_gianardi-1024x637.jpg",640,398,true],"thumblist":["https:\/\/imagazine.it\/wp-content\/uploads\/2024\/03\/gamba_dilenarda_gianardi-300x300.jpg",300,300,true],"thumbrelated":["https:\/\/imagazine.it\/wp-content\/uploads\/2024\/03\/gamba_dilenarda_gianardi-500x500.jpg",500,500,true],"meccarouselthumb":["https:\/\/imagazine.it\/wp-content\/uploads\/2024\/03\/gamba_dilenarda_gianardi-474x324.jpg",474,324,true],"gridsquare":["https:\/\/imagazine.it\/wp-content\/uploads\/2024\/03\/gamba_dilenarda_gianardi-391x260.jpg",391,260,true],"tileview":["https:\/\/imagazine.it\/wp-content\/uploads\/2024\/03\/gamba_dilenarda_gianardi-300x400.jpg",300,400,true],"1536x1536":["https:\/\/imagazine.it\/wp-content\/uploads\/2024\/03\/gamba_dilenarda_gianardi.jpg",1366,850,false],"2048x2048":["https:\/\/imagazine.it\/wp-content\/uploads\/2024\/03\/gamba_dilenarda_gianardi.jpg",1366,850,false],"newsup-slider-full":["https:\/\/imagazine.it\/wp-content\/uploads\/2024\/03\/gamba_dilenarda_gianardi-1280x720.jpg",1280,720,true],"newsup-featured":["https:\/\/imagazine.it\/wp-content\/uploads\/2024\/03\/gamba_dilenarda_gianardi-1024x637.jpg",1024,637,true],"newsup-medium":["https:\/\/imagazine.it\/wp-content\/uploads\/2024\/03\/gamba_dilenarda_gianardi-720x380.jpg",720,380,true],"tptn_thumbnail":["https:\/\/imagazine.it\/wp-content\/uploads\/2024\/03\/gamba_dilenarda_gianardi-250x210.jpg",250,210,true],"sow-carousel-default":["https:\/\/imagazine.it\/wp-content\/uploads\/2024\/03\/gamba_dilenarda_gianardi.jpg",272,169,false]},"rttpg_author":{"display_name":"redazione","author_link":"https:\/\/imagazine.it\/home_desk\/author\/redazione\/"},"rttpg_comment":0,"rttpg_category":"<a href=\"https:\/\/imagazine.it\/home_desk\/category\/sport\/\" rel=\"category tag\">SPORT<\/a>","rttpg_excerpt":"Attesi al via migliaia tra studenti e personale dell\u2019Ateneo. Confermato lo spettacolare tracciato da Miramare a San Giusto","_links":{"self":[{"href":"https:\/\/imagazine.it\/home_desk\/wp-json\/wp\/v2\/posts\/53090","targetHints":{"allow":["GET"]}}],"collection":[{"href":"https:\/\/imagazine.it\/home_desk\/wp-json\/wp\/v2\/posts"}],"about":[{"href":"https:\/\/imagazine.it\/home_desk\/wp-json\/wp\/v2\/types\/post"}],"author":[{"embeddable":true,"href":"https:\/\/imagazine.it\/home_desk\/wp-json\/wp\/v2\/users\/28"}],"replies":[{"embeddable":true,"href":"https:\/\/imagazine.it\/home_desk\/wp-json\/wp\/v2\/comments?post=53090"}],"version-history":[{"count":0,"href":"https:\/\/imagazine.it\/home_desk\/wp-json\/wp\/v2\/posts\/53090\/revisions"}],"wp:featuredmedia":[{"embeddable":true,"href":"https:\/\/imagazine.it\/home_desk\/wp-json\/wp\/v2\/media\/53091"}],"wp:attachment":[{"href":"https:\/\/imagazine.it\/home_desk\/wp-json\/wp\/v2\/media?parent=53090"}],"wp:term":[{"taxonomy":"category","embeddable":true,"href":"https:\/\/imagazine.it\/home_desk\/wp-json\/wp\/v2\/categories?post=53090"},{"taxonomy":"post_tag","embeddable":true,"href":"https:\/\/imagazine.it\/home_desk\/wp-json\/wp\/v2\/tags?post=53090"}],"curies":[{"name":"wp","href":"https:\/\/api.w.org\/{rel}","templated":true}]}}