{"id":53000,"date":"2024-03-22T15:30:57","date_gmt":"2024-03-22T14:30:57","guid":{"rendered":"https:\/\/imagazine.it\/home_desk\/?p=53000"},"modified":"2024-03-25T11:55:39","modified_gmt":"2024-03-25T10:55:39","slug":"scuola-in-fvg-lezioni-al-via-l11-settembre","status":"publish","type":"post","link":"https:\/\/imagazine.it\/home_desk\/scuola-in-fvg-lezioni-al-via-l11-settembre\/","title":{"rendered":"Scuola: in FVG lezioni al via l&#8217;11 settembre"},"content":{"rendered":"<p><em><span style=\"font-size: 10pt;\">L&#8217;assessore regionale Alessia Rosolen (ph. Regione FVG)<\/span><\/em><\/p>\n<p>TRIESTE \u2013 La Giunta regionale su proposta dell&#8217;assessore all&#8217;Istruzione del Friuli Venezia Giulia, <strong>Alessia Rosolen<\/strong>, ha approvato il <strong>calendario scolastico regionale 2024-2025<\/strong>.<\/p>\n<p>Per le <strong>scuole dell&#8217;infanzia statali e paritarie l&#8217;inizio delle lezioni viene fissato per l&#8217;11 settembre<\/strong> con <strong>termine il 28 giugno 2025<\/strong>.<\/p>\n<p>Sono 223 i giorni utili per lo svolgimento della didattica ai quali andr\u00e0 sottratta la festa del patrono se ricadente in un giorno coincidente con le lezioni.<\/p>\n<p>Per le <strong>scuole primarie, secondarie di primo grado e secondarie di secondo grado<\/strong>, statali e paritarie, l&#8217;<strong>avvio<\/strong> delle lezioni \u00e8 previsto <strong>sempre per l&#8217;11 settembre<\/strong>, ma si <strong>concluder\u00e0 il 7 giugno 2025<\/strong>, per un totale di 205 giorni utili per lo svolgimento delle lezioni, ai quali andr\u00e0 sottratta la festa del patrono se ricadente in un giorno coincidente con le lezioni.<\/p>\n<h3>Feste e stop alle lezioni<\/h3>\n<p>Le <strong>sospensioni regionali delle lezioni e delle attivit\u00e0 didattiche<\/strong> sono stabilite nei seguenti periodi: sabato 2 novembre 2024, luned\u00ec 23 e marted\u00ec 24 dicembre 2024, venerd\u00ec 27 e sabato 28 dicembre 2024, luned\u00ec 30 e marted\u00ec 31 dicembre 2024, da gioved\u00ec 2 a sabato 4 gennaio 2025 compresi (vacanze natalizie), da luned\u00ec 3 a mercoled\u00ec 5 marzo 2025 compresi (carnevale e mercoled\u00ec delle Ceneri); da gioved\u00ec 17 a sabato 19 aprile 2025 e marted\u00ec 22 aprile 2025 compresi (vacanze pasquali) e sabato 26 aprile 2025.<\/p>\n<p>Lezioni sospese anche tutte le domeniche e nelle festivit\u00e0 nazionali, il 1\u00b0 novembre (festa di tutti i Santi), l&#8217;8 dicembre (festa dell&#8217;Immacolata Concezione), il 25 dicembre Natale, il 26 dicembre (Santo Stefano), il 1\u00b0 gennaio Capodanno, il 6 gennaio (Epifania), luned\u00ec dell&#8217;Angelo (21 aprile 2025), il 25 aprile (anniversario della Liberazione), il 1\u00b0 maggio (Festa del lavoro) e il 2 giugno (Festa nazionale della Repubblica).<\/p>\n<p>Il <strong>calendario<\/strong>, sul quale l&#8217;Ufficio scolastico regionale per il Friuli Venezia Giulia ha espresso parere favorevole, \u00e8 <strong>vincolante per tutte le scuole della regione, statali e paritarie<\/strong>.<\/p>\n<p>Nella delibera viene fatta riserva di assumere con eventuali successivi atti, a seguito di interventi normativi nazionali, ogni ulteriore determinazione in ordine all&#8217;aggiornamento del calendario scolastico regionale.<\/p>\n<p>Infine, nell&#8217;ambito del piano dell&#8217;offerta formativa, le scuole possono provvedere a ulteriori aggiustamenti del calendario scolastico, purch\u00e9 con delibera degli organi collegiali debitamente motivata.<\/p>\n","protected":false},"excerpt":{"rendered":"<p>Approvato il calendario scolastico regionale 2024-2025, che si concluder\u00e0 il 7 giugno. Ecco tutti i giorni di stop alle lezioni<\/p>\n","protected":false},"author":28,"featured_media":53001,"comment_status":"closed","ping_status":"closed","sticky":false,"template":"","format":"image","meta":{"dwc-title":[""],"dwc-content":[""],"footnotes":""},"categories":[5],"tags":[1367,129,128,1368],"class_list":["post-53000","post","type-post","status-publish","format-image","has-post-thumbnail","hentry","category-attualita","tag-lezioni","tag-scuola","tag-studenti","tag-vacanze","post_format-post-format-image"],"rttpg_featured_image_url":{"full":["https:\/\/imagazine.it\/wp-content\/uploads\/2024\/03\/RosolenCalendarioScuola.jpg",1366,825,false],"landscape":["https:\/\/imagazine.it\/wp-content\/uploads\/2024\/03\/RosolenCalendarioScuola.jpg",1366,825,false],"portraits":["https:\/\/imagazine.it\/wp-content\/uploads\/2024\/03\/RosolenCalendarioScuola.jpg",1366,825,false],"thumbnail":["https:\/\/imagazine.it\/wp-content\/uploads\/2024\/03\/RosolenCalendarioScuola-150x150.jpg",150,150,true],"medium":["https:\/\/imagazine.it\/wp-content\/uploads\/2024\/03\/RosolenCalendarioScuola-300x181.jpg",300,181,true],"large":["https:\/\/imagazine.it\/wp-content\/uploads\/2024\/03\/RosolenCalendarioScuola-1024x618.jpg",640,386,true],"thumblist":["https:\/\/imagazine.it\/wp-content\/uploads\/2024\/03\/RosolenCalendarioScuola-300x300.jpg",300,300,true],"thumbrelated":["https:\/\/imagazine.it\/wp-content\/uploads\/2024\/03\/RosolenCalendarioScuola-500x500.jpg",500,500,true],"meccarouselthumb":["https:\/\/imagazine.it\/wp-content\/uploads\/2024\/03\/RosolenCalendarioScuola-474x324.jpg",474,324,true],"gridsquare":["https:\/\/imagazine.it\/wp-content\/uploads\/2024\/03\/RosolenCalendarioScuola-391x260.jpg",391,260,true],"tileview":["https:\/\/imagazine.it\/wp-content\/uploads\/2024\/03\/RosolenCalendarioScuola-300x400.jpg",300,400,true],"1536x1536":["https:\/\/imagazine.it\/wp-content\/uploads\/2024\/03\/RosolenCalendarioScuola.jpg",1366,825,false],"2048x2048":["https:\/\/imagazine.it\/wp-content\/uploads\/2024\/03\/RosolenCalendarioScuola.jpg",1366,825,false],"newsup-slider-full":["https:\/\/imagazine.it\/wp-content\/uploads\/2024\/03\/RosolenCalendarioScuola-1280x720.jpg",1280,720,true],"newsup-featured":["https:\/\/imagazine.it\/wp-content\/uploads\/2024\/03\/RosolenCalendarioScuola-1024x618.jpg",1024,618,true],"newsup-medium":["https:\/\/imagazine.it\/wp-content\/uploads\/2024\/03\/RosolenCalendarioScuola-720x380.jpg",720,380,true],"tptn_thumbnail":["https:\/\/imagazine.it\/wp-content\/uploads\/2024\/03\/RosolenCalendarioScuola-250x210.jpg",250,210,true],"sow-carousel-default":["https:\/\/imagazine.it\/wp-content\/uploads\/2024\/03\/RosolenCalendarioScuola.jpg",272,164,false]},"rttpg_author":{"display_name":"redazione","author_link":"https:\/\/imagazine.it\/home_desk\/author\/redazione\/"},"rttpg_comment":0,"rttpg_category":"<a href=\"https:\/\/imagazine.it\/home_desk\/category\/attualita\/\" rel=\"category tag\">ATTUALIT\u00c0<\/a>","rttpg_excerpt":"Approvato il calendario scolastico regionale 2024-2025, che si concluder\u00e0 il 7 giugno. Ecco tutti i giorni di stop alle lezioni","_links":{"self":[{"href":"https:\/\/imagazine.it\/home_desk\/wp-json\/wp\/v2\/posts\/53000","targetHints":{"allow":["GET"]}}],"collection":[{"href":"https:\/\/imagazine.it\/home_desk\/wp-json\/wp\/v2\/posts"}],"about":[{"href":"https:\/\/imagazine.it\/home_desk\/wp-json\/wp\/v2\/types\/post"}],"author":[{"embeddable":true,"href":"https:\/\/imagazine.it\/home_desk\/wp-json\/wp\/v2\/users\/28"}],"replies":[{"embeddable":true,"href":"https:\/\/imagazine.it\/home_desk\/wp-json\/wp\/v2\/comments?post=53000"}],"version-history":[{"count":0,"href":"https:\/\/imagazine.it\/home_desk\/wp-json\/wp\/v2\/posts\/53000\/revisions"}],"wp:featuredmedia":[{"embeddable":true,"href":"https:\/\/imagazine.it\/home_desk\/wp-json\/wp\/v2\/media\/53001"}],"wp:attachment":[{"href":"https:\/\/imagazine.it\/home_desk\/wp-json\/wp\/v2\/media?parent=53000"}],"wp:term":[{"taxonomy":"category","embeddable":true,"href":"https:\/\/imagazine.it\/home_desk\/wp-json\/wp\/v2\/categories?post=53000"},{"taxonomy":"post_tag","embeddable":true,"href":"https:\/\/imagazine.it\/home_desk\/wp-json\/wp\/v2\/tags?post=53000"}],"curies":[{"name":"wp","href":"https:\/\/api.w.org\/{rel}","templated":true}]}}