{"id":52993,"date":"2024-03-22T13:02:25","date_gmt":"2024-03-22T12:02:25","guid":{"rendered":"https:\/\/imagazine.it\/home_desk\/?p=52993"},"modified":"2024-03-25T10:51:56","modified_gmt":"2024-03-25T09:51:56","slug":"grado-precursore-europeo-delle-comunita-energetiche","status":"publish","type":"post","link":"https:\/\/imagazine.it\/home_desk\/grado-precursore-europeo-delle-comunita-energetiche\/","title":{"rendered":"Grado precursore europeo delle Comunit\u00e0 energetiche"},"content":{"rendered":"<p><span style=\"font-size: 10pt;\"><em>L&#8217;incontro tra esperti a Grado<\/em><\/span><\/p>\n<p>GRADO \u2013 Il Comune di Grado si \u00e8 recentemente distinto come fulcro di un evento dedicato alla lotta contro i cambiamenti climatici e alla promozione delle fonti energetiche sostenibili.<\/p>\n<p>Tra ieri e oggi, infatti, l\u2019isola del sole ha ospitato i partner europei del <strong>progetto VPP4Islands<\/strong> per un workshop di alto livello, che ha visto la partecipazione di professionisti provenienti da Francia, Spagna, Danimarca e Regno Unito.<\/p>\n<h3>Il progetto<\/h3>\n<p>Il <strong>progetto VPP4Islands<\/strong> (<strong><em>Virtual Power Plant for Interoperable and Smart isLANDS<\/em><\/strong><strong>)<\/strong>, <strong>finanziato con oltre 6,5 milioni di euro dall&#8217;Unione Europea<\/strong> all&#8217;interno del programma Horizon 2020, si pone l&#8217;obiettivo di <strong>affrontare i cambiamenti climatici e di promuovere l&#8217;adozione di fonti energetiche sostenibili<\/strong>.<\/p>\n<p>Il workshop tenutosi a Grado \u00e8 stata un&#8217;opportunit\u00e0 per condividere conoscenze e innovazioni riguardanti la <strong>produzione e la conservazione dell&#8217;energia<\/strong>, con particolare attenzione agli algoritmi e ai modelli avanzati per ottimizzare gli scambi energetici all&#8217;interno delle Comunit\u00e0 Energetiche.<\/p>\n<p>Durante il workshop, \u00e8 stato presentato il progetto approvato per un <strong>impianto fotovoltaico con <em>storage<\/em><\/strong> finanziato dalla Regione Friuli Venezia Giulia per 995mila euro per il primo lotto, che verr\u00e0 ubicato a <strong>Sacca Moreri<\/strong>, e sono stati discussi i dettagli dell&#8217;iniziativa per la <strong>creazione di una Comunit\u00e0 Energetica Virtuale<\/strong>.<\/p>\n<h3>L&#8217;autosufficienza<\/h3>\n<p>Inoltre, l\u2019accento \u00e8 stato posto anche su come lo sviluppo delle comunit\u00e0 energetiche pu\u00f2 portare <strong>benefici tangibili nelle comunit\u00e0 locali<\/strong>: promuovendo la partecipazione attiva dei cittadini e permettendo loro di diventare autosufficienti in termini di energia, si abbattono notevolmente i costi migliorando cos\u00ec il tenore di vita collettivo.<\/p>\n<p>&#8220;<em>Questo progetto \u2013 <\/em>spiega <strong>Gianni Favaretto<\/strong>, Dirigente dell&#8217;Area Tecnica del Servizio Ambiente del Comune di Grado<em> \u2013 ha rappresentato e rappresenta un importante traguardo per Grado e per tutte le isole europee che si stanno impegnando nella transizione verso fonti energetiche pi\u00f9 sostenibili<\/em>. <em>In un momento in cui le tensioni globali sono sempre pi\u00f9 palpabili,<\/em> <em>un ulteriore grande valore da riconoscere ad incontri come quello di oggi e domani, \u00e8 la promozione di strumenti essenziali come la conoscenza e la condivisione, per contrastare divisioni e conflitti<\/em>&#8220;.<\/p>\n","protected":false},"excerpt":{"rendered":"<p>Concluso un workshop, con ospiti internazionali, dedicato al progetto europeo VPP4Islands, che mira a facilitare l\u2019integrazione dei sistemi rinnovabili, accelerare la transizione verso un\u2019energia verde e aiutare le isole a sfruttare il potenziale di efficienza energetica<\/p>\n","protected":false},"author":28,"featured_media":52994,"comment_status":"closed","ping_status":"closed","sticky":false,"template":"","format":"image","meta":{"dwc-title":[""],"dwc-content":[""],"footnotes":""},"categories":[5],"tags":[66,1366,339,174],"class_list":["post-52993","post","type-post","status-publish","format-image","has-post-thumbnail","hentry","category-attualita","tag-ambiente","tag-comunita-energetiche","tag-energia","tag-grado","post_format-post-format-image"],"rttpg_featured_image_url":{"full":["https:\/\/imagazine.it\/wp-content\/uploads\/2024\/03\/Workshop_Grado.jpg",1366,686,false],"landscape":["https:\/\/imagazine.it\/wp-content\/uploads\/2024\/03\/Workshop_Grado.jpg",1366,686,false],"portraits":["https:\/\/imagazine.it\/wp-content\/uploads\/2024\/03\/Workshop_Grado.jpg",1366,686,false],"thumbnail":["https:\/\/imagazine.it\/wp-content\/uploads\/2024\/03\/Workshop_Grado-150x150.jpg",150,150,true],"medium":["https:\/\/imagazine.it\/wp-content\/uploads\/2024\/03\/Workshop_Grado-300x151.jpg",300,151,true],"large":["https:\/\/imagazine.it\/wp-content\/uploads\/2024\/03\/Workshop_Grado-1024x514.jpg",640,321,true],"thumblist":["https:\/\/imagazine.it\/wp-content\/uploads\/2024\/03\/Workshop_Grado-300x300.jpg",300,300,true],"thumbrelated":["https:\/\/imagazine.it\/wp-content\/uploads\/2024\/03\/Workshop_Grado-500x500.jpg",500,500,true],"meccarouselthumb":["https:\/\/imagazine.it\/wp-content\/uploads\/2024\/03\/Workshop_Grado-474x324.jpg",474,324,true],"gridsquare":["https:\/\/imagazine.it\/wp-content\/uploads\/2024\/03\/Workshop_Grado-391x260.jpg",391,260,true],"tileview":["https:\/\/imagazine.it\/wp-content\/uploads\/2024\/03\/Workshop_Grado-300x400.jpg",300,400,true],"1536x1536":["https:\/\/imagazine.it\/wp-content\/uploads\/2024\/03\/Workshop_Grado.jpg",1366,686,false],"2048x2048":["https:\/\/imagazine.it\/wp-content\/uploads\/2024\/03\/Workshop_Grado.jpg",1366,686,false],"newsup-slider-full":["https:\/\/imagazine.it\/wp-content\/uploads\/2024\/03\/Workshop_Grado-1280x686.jpg",1280,686,true],"newsup-featured":["https:\/\/imagazine.it\/wp-content\/uploads\/2024\/03\/Workshop_Grado-1024x514.jpg",1024,514,true],"newsup-medium":["https:\/\/imagazine.it\/wp-content\/uploads\/2024\/03\/Workshop_Grado-720x380.jpg",720,380,true],"tptn_thumbnail":["https:\/\/imagazine.it\/wp-content\/uploads\/2024\/03\/Workshop_Grado-250x210.jpg",250,210,true],"sow-carousel-default":["https:\/\/imagazine.it\/wp-content\/uploads\/2024\/03\/Workshop_Grado.jpg",272,137,false]},"rttpg_author":{"display_name":"redazione","author_link":"https:\/\/imagazine.it\/home_desk\/author\/redazione\/"},"rttpg_comment":0,"rttpg_category":"<a href=\"https:\/\/imagazine.it\/home_desk\/category\/attualita\/\" rel=\"category tag\">ATTUALIT\u00c0<\/a>","rttpg_excerpt":"Concluso un workshop, con ospiti internazionali, dedicato al progetto europeo VPP4Islands, che mira a facilitare l\u2019integrazione dei sistemi rinnovabili, accelerare la transizione verso un\u2019energia verde e aiutare le isole a sfruttare il potenziale di efficienza energetica","_links":{"self":[{"href":"https:\/\/imagazine.it\/home_desk\/wp-json\/wp\/v2\/posts\/52993","targetHints":{"allow":["GET"]}}],"collection":[{"href":"https:\/\/imagazine.it\/home_desk\/wp-json\/wp\/v2\/posts"}],"about":[{"href":"https:\/\/imagazine.it\/home_desk\/wp-json\/wp\/v2\/types\/post"}],"author":[{"embeddable":true,"href":"https:\/\/imagazine.it\/home_desk\/wp-json\/wp\/v2\/users\/28"}],"replies":[{"embeddable":true,"href":"https:\/\/imagazine.it\/home_desk\/wp-json\/wp\/v2\/comments?post=52993"}],"version-history":[{"count":0,"href":"https:\/\/imagazine.it\/home_desk\/wp-json\/wp\/v2\/posts\/52993\/revisions"}],"wp:featuredmedia":[{"embeddable":true,"href":"https:\/\/imagazine.it\/home_desk\/wp-json\/wp\/v2\/media\/52994"}],"wp:attachment":[{"href":"https:\/\/imagazine.it\/home_desk\/wp-json\/wp\/v2\/media?parent=52993"}],"wp:term":[{"taxonomy":"category","embeddable":true,"href":"https:\/\/imagazine.it\/home_desk\/wp-json\/wp\/v2\/categories?post=52993"},{"taxonomy":"post_tag","embeddable":true,"href":"https:\/\/imagazine.it\/home_desk\/wp-json\/wp\/v2\/tags?post=52993"}],"curies":[{"name":"wp","href":"https:\/\/api.w.org\/{rel}","templated":true}]}}