{"id":52871,"date":"2024-03-19T16:32:38","date_gmt":"2024-03-19T15:32:38","guid":{"rendered":"https:\/\/imagazine.it\/home_desk\/?p=52871"},"modified":"2024-03-20T12:27:37","modified_gmt":"2024-03-20T11:27:37","slug":"la-solidarieta-di-trieste-per-i-bambini-chirurgici-del-burlo","status":"publish","type":"post","link":"https:\/\/imagazine.it\/home_desk\/la-solidarieta-di-trieste-per-i-bambini-chirurgici-del-burlo\/","title":{"rendered":"La solidariet\u00e0 di Trieste per i bambini chirurgici del Burlo"},"content":{"rendered":"<p><em><span style=\"font-size: 10pt;\">Da sinistra Pellaschiar, Suban, Battain<\/span><\/em><\/p>\n<p>TRIESTE \u2013 Si e\u0300 conclusa nei primi giorni di marzo la quinta edizione di &#8220;<strong><em>Offri un Caffe\u0300 Buonissimo<\/em><\/strong>&#8220;, la campagna di solidariet\u00e0 che <strong>A.B.C. Associazione per i Bambini Chirurgici del Burlo<\/strong> promuove in collaborazione con <strong>Confcommercio Trieste<\/strong> e <strong>Fipe Trieste<\/strong>.<\/p>\n<h3>Coinvolte 133 attivit\u00e0<\/h3>\n<p>Grazie alla generosita\u0300 dei cittadini sono stati raccolti, da parte dei 133 esercizi pubblici e commerciali aderenti alla campagna, <strong>9.500 euro<\/strong>: il ricavato della quinta edizione verr\u00e0 devoluto <strong>al Progetto Accoglienza <\/strong>e, in particolare, sar\u00e0 destinato a <strong>coprire le spese della sesta Casa A.B.C.<\/strong>, inaugurata nel 2023 per far fronte alle richieste sempre crescenti da parte delle famiglie.<\/p>\n<p>Dal 2005 A.B.C. accompagna e supporta i bambini che devono affrontare lunghi e ripetuti interventi chirurgici all\u2019IRCCS Burlo Garofolo di Trieste e le loro famiglie, e si prende cura dei loro bisogni: quelli pratici e, non meno importanti, quelli emotivi.<\/p>\n<p>Con il Progetto Accoglienza, l\u2019Associazione offre ospitalit\u00e0 gratuita alle famiglie dei bambini chirurgici durante il periodo di ricovero dei piccoli pazienti e durante il soggiorno a Trieste per le cure all&#8217;IRCCS Burlo Garofolo.<\/p>\n<h3>Finanziata la sesta casa dell&#8217;associazione<\/h3>\n<p>I proventi della quinta edizione della campagna \u201c<em>Offri un Caff\u00e8 Buonissimo<\/em>\u201d saranno destinati a <strong>coprire le spese della sest<\/strong><strong>a casa di A.B.C<\/strong>.: dalle semplici spese correnti per acqua luce e gas, ai canoni di locazione, dalla piccola manutenzione ordinaria alle spese per la pulizia e la cura degli appartamenti.<\/p>\n<p>Una parte del ricavato sar\u00e0, inoltre, devoluta alla<strong> formazione dei volontari di A.B.C<\/strong>., che contribuiscono allo svolgimento delle attivit\u00e0 dell\u2019associazione.<\/p>\n<p>Anno dopo anno, il coinvolgimento della comunit\u00e0, grazie alla preziosa rete di partner che chiama a raccolta le realt\u00e0 commerciali cittadine, si \u00e8 reso fondamentale per supportare varie attivit\u00e0 di A.B.C. e per garantire risposte concrete e durature ai bisogni delle famiglie dei bambini chirurgici.<\/p>\n<p>All\u2019incontro sono intervenuti <strong>Antonio Paoletti<\/strong>, presidente di Confcommercio Trieste e della Camera di Commercio Venezia Giulia;<strong> Elena Pellaschiar<\/strong>, vicepresidente di Confcommercio Trieste;<strong> Federica Suban<\/strong>, presidente di FIPE Trieste;<strong> Giusy Battain<\/strong>, direttrice di A.B.C. Associazione per i Bambini Chirurgici del Burlo;<strong> Roberto Gerin<\/strong>, presidente di Solidariet\u00e0 Trieste e<strong> Franco Zerial<\/strong>, consigliere dell&#8217;Associazione Caff\u00e8 Trieste.<\/p>\n","protected":false},"excerpt":{"rendered":"<p>Raccolti 9.500 euro grazie all&#8217;iniziativa &#8220;Offri un Caffe\u0300 Buonissimo&#8221;: devoluti per l\u2019accoglienza delle famiglie dei piccoli pazienti <\/p>\n","protected":false},"author":28,"featured_media":52872,"comment_status":"closed","ping_status":"closed","sticky":false,"template":"","format":"image","meta":{"dwc-title":[""],"dwc-content":[""],"footnotes":""},"categories":[5],"tags":[546,162,160,97,95,145,65],"class_list":["post-52871","post","type-post","status-publish","format-image","has-post-thumbnail","hentry","category-attualita","tag-bambini","tag-bambini-chirurgici","tag-burlo","tag-salute","tag-sanita","tag-solidarieta","tag-trieste","post_format-post-format-image"],"rttpg_featured_image_url":{"full":["https:\/\/imagazine.it\/wp-content\/uploads\/2024\/03\/Pellaschiar_Suban_Battain.jpg",1366,655,false],"landscape":["https:\/\/imagazine.it\/wp-content\/uploads\/2024\/03\/Pellaschiar_Suban_Battain.jpg",1366,655,false],"portraits":["https:\/\/imagazine.it\/wp-content\/uploads\/2024\/03\/Pellaschiar_Suban_Battain.jpg",1366,655,false],"thumbnail":["https:\/\/imagazine.it\/wp-content\/uploads\/2024\/03\/Pellaschiar_Suban_Battain-150x150.jpg",150,150,true],"medium":["https:\/\/imagazine.it\/wp-content\/uploads\/2024\/03\/Pellaschiar_Suban_Battain-300x144.jpg",300,144,true],"large":["https:\/\/imagazine.it\/wp-content\/uploads\/2024\/03\/Pellaschiar_Suban_Battain-1024x491.jpg",640,307,true],"thumblist":["https:\/\/imagazine.it\/wp-content\/uploads\/2024\/03\/Pellaschiar_Suban_Battain-300x300.jpg",300,300,true],"thumbrelated":["https:\/\/imagazine.it\/wp-content\/uploads\/2024\/03\/Pellaschiar_Suban_Battain-500x500.jpg",500,500,true],"meccarouselthumb":["https:\/\/imagazine.it\/wp-content\/uploads\/2024\/03\/Pellaschiar_Suban_Battain-474x324.jpg",474,324,true],"gridsquare":["https:\/\/imagazine.it\/wp-content\/uploads\/2024\/03\/Pellaschiar_Suban_Battain-391x260.jpg",391,260,true],"tileview":["https:\/\/imagazine.it\/wp-content\/uploads\/2024\/03\/Pellaschiar_Suban_Battain-300x400.jpg",300,400,true],"1536x1536":["https:\/\/imagazine.it\/wp-content\/uploads\/2024\/03\/Pellaschiar_Suban_Battain.jpg",1366,655,false],"2048x2048":["https:\/\/imagazine.it\/wp-content\/uploads\/2024\/03\/Pellaschiar_Suban_Battain.jpg",1366,655,false],"newsup-slider-full":["https:\/\/imagazine.it\/wp-content\/uploads\/2024\/03\/Pellaschiar_Suban_Battain-1280x655.jpg",1280,655,true],"newsup-featured":["https:\/\/imagazine.it\/wp-content\/uploads\/2024\/03\/Pellaschiar_Suban_Battain-1024x491.jpg",1024,491,true],"newsup-medium":["https:\/\/imagazine.it\/wp-content\/uploads\/2024\/03\/Pellaschiar_Suban_Battain-720x380.jpg",720,380,true],"tptn_thumbnail":["https:\/\/imagazine.it\/wp-content\/uploads\/2024\/03\/Pellaschiar_Suban_Battain-250x210.jpg",250,210,true],"sow-carousel-default":["https:\/\/imagazine.it\/wp-content\/uploads\/2024\/03\/Pellaschiar_Suban_Battain.jpg",272,130,false]},"rttpg_author":{"display_name":"redazione","author_link":"https:\/\/imagazine.it\/home_desk\/author\/redazione\/"},"rttpg_comment":0,"rttpg_category":"<a href=\"https:\/\/imagazine.it\/home_desk\/category\/attualita\/\" rel=\"category tag\">ATTUALIT\u00c0<\/a>","rttpg_excerpt":"Raccolti 9.500 euro grazie all'iniziativa \"Offri un Caffe\u0300 Buonissimo\": devoluti per l\u2019accoglienza delle famiglie dei piccoli pazienti","_links":{"self":[{"href":"https:\/\/imagazine.it\/home_desk\/wp-json\/wp\/v2\/posts\/52871","targetHints":{"allow":["GET"]}}],"collection":[{"href":"https:\/\/imagazine.it\/home_desk\/wp-json\/wp\/v2\/posts"}],"about":[{"href":"https:\/\/imagazine.it\/home_desk\/wp-json\/wp\/v2\/types\/post"}],"author":[{"embeddable":true,"href":"https:\/\/imagazine.it\/home_desk\/wp-json\/wp\/v2\/users\/28"}],"replies":[{"embeddable":true,"href":"https:\/\/imagazine.it\/home_desk\/wp-json\/wp\/v2\/comments?post=52871"}],"version-history":[{"count":0,"href":"https:\/\/imagazine.it\/home_desk\/wp-json\/wp\/v2\/posts\/52871\/revisions"}],"wp:featuredmedia":[{"embeddable":true,"href":"https:\/\/imagazine.it\/home_desk\/wp-json\/wp\/v2\/media\/52872"}],"wp:attachment":[{"href":"https:\/\/imagazine.it\/home_desk\/wp-json\/wp\/v2\/media?parent=52871"}],"wp:term":[{"taxonomy":"category","embeddable":true,"href":"https:\/\/imagazine.it\/home_desk\/wp-json\/wp\/v2\/categories?post=52871"},{"taxonomy":"post_tag","embeddable":true,"href":"https:\/\/imagazine.it\/home_desk\/wp-json\/wp\/v2\/tags?post=52871"}],"curies":[{"name":"wp","href":"https:\/\/api.w.org\/{rel}","templated":true}]}}