{"id":52856,"date":"2024-03-19T12:57:13","date_gmt":"2024-03-19T11:57:13","guid":{"rendered":"https:\/\/imagazine.it\/home_desk\/?p=52856"},"modified":"2024-03-19T12:57:13","modified_gmt":"2024-03-19T11:57:13","slug":"cervignano-limpegno-dei-volontari-per-le-persone-in-difficolta","status":"publish","type":"post","link":"https:\/\/imagazine.it\/home_desk\/cervignano-limpegno-dei-volontari-per-le-persone-in-difficolta\/","title":{"rendered":"Cervignano, l&#8217;impegno dei volontari per le persone in difficolt\u00e0"},"content":{"rendered":"<p><em><span style=\"font-size: 10pt;\">I volontari che operano nell&#8217;Emporio della Solidariet\u00e0<\/span><\/em><\/p>\n<p>CERVIGNANO DEL FRIULI \u2013 L\u2019<strong>Emporio<\/strong> <strong>della Solidariet\u00e0<\/strong> in via Trieste a Cervignano \u00e8 ormai operativo da 4 anni.<\/p>\n<p>L\u2019iniziativa ha preso vita dalla collaborazione tra <strong>Parrocchia di San Michele<\/strong>, la <strong>Caritas diocesana<\/strong> e il <strong>Comune di Cervignano<\/strong>, con la partecipazione e il contributo di <strong>Credifriuli<\/strong>.<\/p>\n<p>Dal 1\u00b0 agosto del 2020, ogni marted\u00ec e ogni venerd\u00ec le famiglie che ne hanno bisogno vanno a fare la spesa in via Trieste dove trovano generi di prima necessit\u00e0. Qui si trovano due squadre di volontari dell\u2019Unit\u00e0 Pastorale \u201cBassa Friulana\u201d e un dipendente, che, a turno, si mettono a disposizione degli utenti per riempire le borse.<\/p>\n<p>Il tutto \u00e8 reso possibile grazie anche ai numerosi supermercati, panifici, aziende agricole, che mettono volontariamente a disposizione i propri prodotti per donarli a chi ne ha bisogno.<\/p>\n<p>I volontari, girando per tutta l\u2019arcidiocesi e non solo, vanno a recuperare i prodotti per poi portarli sugli scaffali dell\u2019Emporio.<\/p>\n<p>Domenica scorsa, intanto, i giovani del Clan \u201cTre Cime\u201d del gruppo Agesci Cervignano 1 ha organizzato la tradizionale <strong>raccolta solidale di uova di Pasqua<\/strong>, con il desiderio di regalare un sorriso e un po\u2019 di serenit\u00e0 ai bambini e bambine che in famiglia risentono della difficile situazione economica e lavorativa dei loro genitori.<\/p>\n<figure id=\"attachment_52857\" aria-describedby=\"caption-attachment-52857\" style=\"width: 1000px\" class=\"wp-caption aligncenter\"><img loading=\"lazy\" decoding=\"async\" class=\"wp-image-52857 size-full\" src=\"https:\/\/imagazine.it\/wp-content\/uploads\/2024\/03\/uova-pasquali-dono-04.jpeg\" alt=\"Il banchetto allestito dagli scout\" width=\"1000\" height=\"669\" title=\"\" srcset=\"https:\/\/imagazine.it\/wp-content\/uploads\/2024\/03\/uova-pasquali-dono-04.jpeg 1000w, https:\/\/imagazine.it\/wp-content\/uploads\/2024\/03\/uova-pasquali-dono-04-300x201.jpeg 300w, https:\/\/imagazine.it\/wp-content\/uploads\/2024\/03\/uova-pasquali-dono-04-768x514.jpeg 768w\" sizes=\"auto, (max-width: 1000px) 100vw, 1000px\" \/><figcaption id=\"caption-attachment-52857\" class=\"wp-caption-text\">Il banchetto allestito dagli scout<\/figcaption><\/figure>\n<p>Presso il banchetto allestito davanti al duomo, grazie alla generosit\u00e0 della cittadinanza, sono state raccolte oltre un centinaio tra colombe e uova di Pasqua.<\/p>\n<p>Il tutto \u00e8 stato devoluto all\u2019Emporio della Solidariet\u00e0 di Cervignano e verr\u00e0 <strong>distribuito in settimana tra i beneficiari di questo servizio<\/strong>.<\/p>\n","protected":false},"excerpt":{"rendered":"<p>Prosegue da quattro anni l&#8217;attivit\u00e0 dell&#8217;Emporio della Solidariet\u00e0. Successo per la raccolta di uova pasquali promossa dagli scout<\/p>\n","protected":false},"author":22,"featured_media":52858,"comment_status":"closed","ping_status":"closed","sticky":false,"template":"","format":"image","meta":{"dwc-title":[""],"dwc-content":[""],"footnotes":""},"categories":[5],"tags":[119,1309,1081,145,214],"class_list":["post-52856","post","type-post","status-publish","format-image","has-post-thumbnail","hentry","category-attualita","tag-cervignano","tag-poverta","tag-scout","tag-solidarieta","tag-volontariato","post_format-post-format-image"],"rttpg_featured_image_url":{"full":["https:\/\/imagazine.it\/wp-content\/uploads\/2024\/03\/volontari.jpg",1366,737,false],"landscape":["https:\/\/imagazine.it\/wp-content\/uploads\/2024\/03\/volontari.jpg",1366,737,false],"portraits":["https:\/\/imagazine.it\/wp-content\/uploads\/2024\/03\/volontari.jpg",1366,737,false],"thumbnail":["https:\/\/imagazine.it\/wp-content\/uploads\/2024\/03\/volontari-150x150.jpg",150,150,true],"medium":["https:\/\/imagazine.it\/wp-content\/uploads\/2024\/03\/volontari-300x162.jpg",300,162,true],"large":["https:\/\/imagazine.it\/wp-content\/uploads\/2024\/03\/volontari-1024x552.jpg",640,345,true],"thumblist":["https:\/\/imagazine.it\/wp-content\/uploads\/2024\/03\/volontari-300x300.jpg",300,300,true],"thumbrelated":["https:\/\/imagazine.it\/wp-content\/uploads\/2024\/03\/volontari-500x500.jpg",500,500,true],"meccarouselthumb":["https:\/\/imagazine.it\/wp-content\/uploads\/2024\/03\/volontari-474x324.jpg",474,324,true],"gridsquare":["https:\/\/imagazine.it\/wp-content\/uploads\/2024\/03\/volontari-391x260.jpg",391,260,true],"tileview":["https:\/\/imagazine.it\/wp-content\/uploads\/2024\/03\/volontari-300x400.jpg",300,400,true],"1536x1536":["https:\/\/imagazine.it\/wp-content\/uploads\/2024\/03\/volontari.jpg",1366,737,false],"2048x2048":["https:\/\/imagazine.it\/wp-content\/uploads\/2024\/03\/volontari.jpg",1366,737,false],"newsup-slider-full":["https:\/\/imagazine.it\/wp-content\/uploads\/2024\/03\/volontari-1280x720.jpg",1280,720,true],"newsup-featured":["https:\/\/imagazine.it\/wp-content\/uploads\/2024\/03\/volontari-1024x552.jpg",1024,552,true],"newsup-medium":["https:\/\/imagazine.it\/wp-content\/uploads\/2024\/03\/volontari-720x380.jpg",720,380,true],"tptn_thumbnail":["https:\/\/imagazine.it\/wp-content\/uploads\/2024\/03\/volontari-250x210.jpg",250,210,true],"sow-carousel-default":["https:\/\/imagazine.it\/wp-content\/uploads\/2024\/03\/volontari.jpg",272,147,false]},"rttpg_author":{"display_name":"Livio Nonis","author_link":"https:\/\/imagazine.it\/home_desk\/author\/nonis\/"},"rttpg_comment":0,"rttpg_category":"<a href=\"https:\/\/imagazine.it\/home_desk\/category\/attualita\/\" rel=\"category tag\">ATTUALIT\u00c0<\/a>","rttpg_excerpt":"Prosegue da quattro anni l'attivit\u00e0 dell'Emporio della Solidariet\u00e0. Successo per la raccolta di uova pasquali promossa dagli scout","_links":{"self":[{"href":"https:\/\/imagazine.it\/home_desk\/wp-json\/wp\/v2\/posts\/52856","targetHints":{"allow":["GET"]}}],"collection":[{"href":"https:\/\/imagazine.it\/home_desk\/wp-json\/wp\/v2\/posts"}],"about":[{"href":"https:\/\/imagazine.it\/home_desk\/wp-json\/wp\/v2\/types\/post"}],"author":[{"embeddable":true,"href":"https:\/\/imagazine.it\/home_desk\/wp-json\/wp\/v2\/users\/22"}],"replies":[{"embeddable":true,"href":"https:\/\/imagazine.it\/home_desk\/wp-json\/wp\/v2\/comments?post=52856"}],"version-history":[{"count":0,"href":"https:\/\/imagazine.it\/home_desk\/wp-json\/wp\/v2\/posts\/52856\/revisions"}],"wp:featuredmedia":[{"embeddable":true,"href":"https:\/\/imagazine.it\/home_desk\/wp-json\/wp\/v2\/media\/52858"}],"wp:attachment":[{"href":"https:\/\/imagazine.it\/home_desk\/wp-json\/wp\/v2\/media?parent=52856"}],"wp:term":[{"taxonomy":"category","embeddable":true,"href":"https:\/\/imagazine.it\/home_desk\/wp-json\/wp\/v2\/categories?post=52856"},{"taxonomy":"post_tag","embeddable":true,"href":"https:\/\/imagazine.it\/home_desk\/wp-json\/wp\/v2\/tags?post=52856"}],"curies":[{"name":"wp","href":"https:\/\/api.w.org\/{rel}","templated":true}]}}