{"id":52624,"date":"2024-03-14T11:02:54","date_gmt":"2024-03-14T10:02:54","guid":{"rendered":"https:\/\/imagazine.it\/home_desk\/?p=52624"},"modified":"2024-03-15T13:01:25","modified_gmt":"2024-03-15T12:01:25","slug":"velisti-monfalconesi-navigano-sotto-le-alpi","status":"publish","type":"post","link":"https:\/\/imagazine.it\/home_desk\/velisti-monfalconesi-navigano-sotto-le-alpi\/","title":{"rendered":"Velisti monfalconesi navigano dentro le Alpi"},"content":{"rendered":"<p><em><span style=\"font-size: 10pt;\">La navigazione sul lago di St-L\u00e9onard<\/span><\/em><\/p>\n<p>MONFALCONE \u2013 Da una idea degli sportivi <strong>Franco Deganutti<\/strong> e <strong>Manuel Vlacich<\/strong>, nel 2024 prosegue il progetto sportivo \u201c<strong><em>The Grand Tour Sailing<\/em><\/strong>\u201d che giunge cos\u00ec alla sua terza edizione.<\/p>\n<p>Dopo i successi dell\u2019<a href=\"https:\/\/imagazine.it\/home_desk\/la-vela-monfalconese-entra-nei-guinness-world-records\/\">edizione 2022<\/a> e di <a href=\"https:\/\/imagazine.it\/home_desk\/a-vela-da-monfalcone-al-lago-di-loch-ness\/\">quella del 2023<\/a>, sempre con la linea guida di \u201ctre tappe, nello stesso anno, con la stessa barca\u201d, per quest\u2019anno l\u2019equipaggio velegger\u00e0 in altri luoghi spettacolari.<\/p>\n<h3>Nel cuore delle Alpi<\/h3>\n<p>La prima tappa si \u00e8 conclusa due giorni fa con la navigazione del <strong>lago sotterraneo di St-L\u00e9onard<\/strong>, nel cuore delle Alpi vallesane in Svizzera. Lungo oltre 300 metri, \u00e8 <strong>il pi\u00f9 grande lago sotterraneo naturale navigabile d&#8217;Europa<\/strong>.<\/p>\n<p>Scoperto nel 1943, il lago si trova tra i 30 e i 70 metri sotto ai vigneti della zona. La parete nord \u00e8 di scisto di carbone, una roccia risalente a pi\u00f9 di 300 milioni di anni fa, mentre la parete sud \u00e8 di marmo: rocce impermeabili che assicurano che l&#8217;acqua non possa defluire lateralmente e rimanga all&#8217;interno della cavit\u00e0.<\/p>\n<p>Sono state tre le imbarcazioni (Tiwal 3) che si sono calate nelle viscere della grotta per poter navigare nelle acque cristalline del lago in una grotta appena illuminata. I tre sportivi al timone erano <strong>Manuel Vlacich<\/strong>, <strong>Franco Deganutti<\/strong> ed <strong>Elisabetta Maffei<\/strong>: youtuber ed imprenditrice nautica nota con il proprio marchio \u201c25 nodi\u201d.<\/p>\n<div id=\"metaslider-id-52626\" style=\"max-width: 800px; margin: 0 auto;\" class=\"ml-slider-3-108-0 metaslider metaslider-flex metaslider-52626 ml-slider ms-theme-default nav-hidden\" role=\"region\" aria-label=\"Lago sotterraneo di St-L\u00e9onard\" data-height=\"600\" data-width=\"800\">\n    <div id=\"metaslider_container_52626\">\n        <div id=\"metaslider_52626\">\n            <ul class='slides'>\n                <li style=\"display: block; width: 100%;\" class=\"slide-52632 ms-image \" aria-roledescription=\"slide\" data-date=\"2024-03-14 10:57:05\" data-filename=\"avvio.jpg\" data-slide-type=\"image\"><img loading=\"lazy\" decoding=\"async\" width=\"1366\" height=\"910\" src=\"https:\/\/imagazine.it\/wp-content\/uploads\/2024\/03\/avvio.jpg\" class=\"slider-52626 slide-52632 msDefaultImage\" alt=\"\" rel=\"\" title=\"avvio\" srcset=\"https:\/\/imagazine.it\/wp-content\/uploads\/2024\/03\/avvio.jpg 1366w, https:\/\/imagazine.it\/wp-content\/uploads\/2024\/03\/avvio-300x200.jpg 300w, https:\/\/imagazine.it\/wp-content\/uploads\/2024\/03\/avvio-1024x682.jpg 1024w, https:\/\/imagazine.it\/wp-content\/uploads\/2024\/03\/avvio-768x512.jpg 768w, https:\/\/imagazine.it\/wp-content\/uploads\/2024\/03\/avvio-391x260.jpg 391w\" sizes=\"auto, (max-width: 1366px) 100vw, 1366px\"><\/li>\n                <li style=\"display: none; width: 100%;\" class=\"slide-52633 ms-image \" aria-roledescription=\"slide\" data-date=\"2024-03-14 10:57:06\" data-filename=\"gruppo.jpg\" data-slide-type=\"image\"><img loading=\"lazy\" decoding=\"async\" width=\"1366\" height=\"958\" src=\"https:\/\/imagazine.it\/wp-content\/uploads\/2024\/03\/gruppo.jpg\" class=\"slider-52626 slide-52633 msDefaultImage\" alt=\"\" rel=\"\" title=\"gruppo\" srcset=\"https:\/\/imagazine.it\/wp-content\/uploads\/2024\/03\/gruppo.jpg 1366w, https:\/\/imagazine.it\/wp-content\/uploads\/2024\/03\/gruppo-300x210.jpg 300w, https:\/\/imagazine.it\/wp-content\/uploads\/2024\/03\/gruppo-1024x718.jpg 1024w, https:\/\/imagazine.it\/wp-content\/uploads\/2024\/03\/gruppo-768x539.jpg 768w\" sizes=\"auto, (max-width: 1366px) 100vw, 1366px\"><div class=\"caption-wrap\"><div class=\"caption\"><div>Da sinistra Vlacich, Maffei e Deganutti<\/div><\/div><\/div><\/li>\n                <li style=\"display: none; width: 100%;\" class=\"slide-52634 ms-image \" aria-roledescription=\"slide\" data-date=\"2024-03-14 10:57:06\" data-filename=\"gruppoInterno.jpg\" data-slide-type=\"image\"><img loading=\"lazy\" decoding=\"async\" width=\"1366\" height=\"1025\" src=\"https:\/\/imagazine.it\/wp-content\/uploads\/2024\/03\/gruppoInterno.jpg\" class=\"slider-52626 slide-52634 msDefaultImage\" alt=\"\" rel=\"\" title=\"gruppoInterno\" srcset=\"https:\/\/imagazine.it\/wp-content\/uploads\/2024\/03\/gruppoInterno.jpg 1366w, https:\/\/imagazine.it\/wp-content\/uploads\/2024\/03\/gruppoInterno-300x225.jpg 300w, https:\/\/imagazine.it\/wp-content\/uploads\/2024\/03\/gruppoInterno-1024x768.jpg 1024w, https:\/\/imagazine.it\/wp-content\/uploads\/2024\/03\/gruppoInterno-768x576.jpg 768w\" sizes=\"auto, (max-width: 1366px) 100vw, 1366px\"><div class=\"caption-wrap\"><div class=\"caption\"><div>Da sinistra Deganutti, Maffei e Vlacich<\/div><\/div><\/div><\/li>\n                <li style=\"display: none; width: 100%;\" class=\"slide-52635 ms-image \" aria-roledescription=\"slide\" data-date=\"2024-03-14 10:57:06\" data-filename=\"partenza.jpg\" data-slide-type=\"image\"><img loading=\"lazy\" decoding=\"async\" width=\"1366\" height=\"1025\" src=\"https:\/\/imagazine.it\/wp-content\/uploads\/2024\/03\/partenza.jpg\" class=\"slider-52626 slide-52635 msDefaultImage\" alt=\"\" rel=\"\" title=\"partenza\" srcset=\"https:\/\/imagazine.it\/wp-content\/uploads\/2024\/03\/partenza.jpg 1366w, https:\/\/imagazine.it\/wp-content\/uploads\/2024\/03\/partenza-300x225.jpg 300w, https:\/\/imagazine.it\/wp-content\/uploads\/2024\/03\/partenza-1024x768.jpg 1024w, https:\/\/imagazine.it\/wp-content\/uploads\/2024\/03\/partenza-768x576.jpg 768w\" sizes=\"auto, (max-width: 1366px) 100vw, 1366px\"><\/li>\n                <li style=\"display: none; width: 100%;\" class=\"slide-52636 ms-image \" aria-roledescription=\"slide\" data-date=\"2024-03-14 10:57:06\" data-filename=\"remi.jpg\" data-slide-type=\"image\"><img loading=\"lazy\" decoding=\"async\" width=\"1366\" height=\"910\" src=\"https:\/\/imagazine.it\/wp-content\/uploads\/2024\/03\/remi.jpg\" class=\"slider-52626 slide-52636 msDefaultImage\" alt=\"\" rel=\"\" title=\"remi\" srcset=\"https:\/\/imagazine.it\/wp-content\/uploads\/2024\/03\/remi.jpg 1366w, https:\/\/imagazine.it\/wp-content\/uploads\/2024\/03\/remi-300x200.jpg 300w, https:\/\/imagazine.it\/wp-content\/uploads\/2024\/03\/remi-1024x682.jpg 1024w, https:\/\/imagazine.it\/wp-content\/uploads\/2024\/03\/remi-768x512.jpg 768w, https:\/\/imagazine.it\/wp-content\/uploads\/2024\/03\/remi-391x260.jpg 391w\" sizes=\"auto, (max-width: 1366px) 100vw, 1366px\"><\/li>\n            <\/ul>\n        <\/div>\n        \n    <\/div>\n<\/div>\n<p>L\u2019 accesso al lago \u00e8 stato possibile grazie al coinvolgimento della direzione dell\u2019attrazione turistica che \u00e8 stata quindi aperta in via riservata in questa giornata, unicamente per la realizzazione dell\u2019impresa sportiva degli sportivi italiani.<\/p>\n<p>Le imbarcazioni sono state portate dal team fino all\u2019accesso alla grotta, al termine di una lunga scalinata, dove sono state successivamente montate e varate. Per le prime decine di metri non \u00e8 stato possibile issare l\u2019albero con la vela a causa dell\u2019altezza della grotta limitata a pochi metri, quindi si \u00e8 proseguito a remi. Raggiunto poi il centro del lago, dove si registra l\u2019altezza massima (circa 12 metri), sono state armate le rande e si \u00e8 dato il via alla prima navigazione a vela in una grotta, in un circuito tra le boe.<\/p>\n<h3>Le prossime tappe<\/h3>\n<p>La prossima tappa \u00e8 prevista ad <strong>Ilulissat<\/strong>, in <strong>Groenlandia<\/strong>, dove il team avr\u00e0 come obiettivo la circumnavigazione di un Iceberg. La partenza \u00e8 prevista per il 10 giugno.<\/p>\n<p>L\u2019ultima tappa sar\u00e0 infine \u201c<strong><em>Round the Island<\/em><\/strong>\u201d: la <strong>circumnavigazione dell\u2019Isola di Venezia<\/strong>.<\/p>\n","protected":false},"excerpt":{"rendered":"<p>Prima tappa del Grand Tour Sailing sulle acque del pi\u00f9 grande lago sotterraneo naturale navigabile d&#8217;Europa, quello di St-L\u00e9onard<\/p>\n","protected":false},"author":28,"featured_media":52637,"comment_status":"closed","ping_status":"closed","sticky":false,"template":"","format":"image","meta":{"dwc-title":[""],"dwc-content":[""],"footnotes":""},"categories":[38],"tags":[1242,1243,51,1056],"class_list":["post-52624","post","type-post","status-publish","format-image","has-post-thumbnail","hentry","category-sport","tag-alpi","tag-grand-tour-sailing","tag-monfalcone","tag-vela","post_format-post-format-image"],"rttpg_featured_image_url":{"full":["https:\/\/imagazine.it\/wp-content\/uploads\/2024\/03\/lago_interno.jpg",1366,689,false],"landscape":["https:\/\/imagazine.it\/wp-content\/uploads\/2024\/03\/lago_interno.jpg",1366,689,false],"portraits":["https:\/\/imagazine.it\/wp-content\/uploads\/2024\/03\/lago_interno.jpg",1366,689,false],"thumbnail":["https:\/\/imagazine.it\/wp-content\/uploads\/2024\/03\/lago_interno-150x150.jpg",150,150,true],"medium":["https:\/\/imagazine.it\/wp-content\/uploads\/2024\/03\/lago_interno-300x151.jpg",300,151,true],"large":["https:\/\/imagazine.it\/wp-content\/uploads\/2024\/03\/lago_interno-1024x516.jpg",640,323,true],"thumblist":["https:\/\/imagazine.it\/wp-content\/uploads\/2024\/03\/lago_interno-300x300.jpg",300,300,true],"thumbrelated":["https:\/\/imagazine.it\/wp-content\/uploads\/2024\/03\/lago_interno-500x500.jpg",500,500,true],"meccarouselthumb":["https:\/\/imagazine.it\/wp-content\/uploads\/2024\/03\/lago_interno-474x324.jpg",474,324,true],"gridsquare":["https:\/\/imagazine.it\/wp-content\/uploads\/2024\/03\/lago_interno-391x260.jpg",391,260,true],"tileview":["https:\/\/imagazine.it\/wp-content\/uploads\/2024\/03\/lago_interno-300x400.jpg",300,400,true],"1536x1536":["https:\/\/imagazine.it\/wp-content\/uploads\/2024\/03\/lago_interno.jpg",1366,689,false],"2048x2048":["https:\/\/imagazine.it\/wp-content\/uploads\/2024\/03\/lago_interno.jpg",1366,689,false],"newsup-slider-full":["https:\/\/imagazine.it\/wp-content\/uploads\/2024\/03\/lago_interno-1280x689.jpg",1280,689,true],"newsup-featured":["https:\/\/imagazine.it\/wp-content\/uploads\/2024\/03\/lago_interno-1024x516.jpg",1024,516,true],"newsup-medium":["https:\/\/imagazine.it\/wp-content\/uploads\/2024\/03\/lago_interno-720x380.jpg",720,380,true],"tptn_thumbnail":["https:\/\/imagazine.it\/wp-content\/uploads\/2024\/03\/lago_interno-250x210.jpg",250,210,true],"sow-carousel-default":["https:\/\/imagazine.it\/wp-content\/uploads\/2024\/03\/lago_interno.jpg",272,137,false]},"rttpg_author":{"display_name":"redazione","author_link":"https:\/\/imagazine.it\/home_desk\/author\/redazione\/"},"rttpg_comment":0,"rttpg_category":"<a href=\"https:\/\/imagazine.it\/home_desk\/category\/sport\/\" rel=\"category tag\">SPORT<\/a>","rttpg_excerpt":"Prima tappa del Grand Tour Sailing sulle acque del pi\u00f9 grande lago sotterraneo naturale navigabile d'Europa, quello di St-L\u00e9onard","_links":{"self":[{"href":"https:\/\/imagazine.it\/home_desk\/wp-json\/wp\/v2\/posts\/52624","targetHints":{"allow":["GET"]}}],"collection":[{"href":"https:\/\/imagazine.it\/home_desk\/wp-json\/wp\/v2\/posts"}],"about":[{"href":"https:\/\/imagazine.it\/home_desk\/wp-json\/wp\/v2\/types\/post"}],"author":[{"embeddable":true,"href":"https:\/\/imagazine.it\/home_desk\/wp-json\/wp\/v2\/users\/28"}],"replies":[{"embeddable":true,"href":"https:\/\/imagazine.it\/home_desk\/wp-json\/wp\/v2\/comments?post=52624"}],"version-history":[{"count":0,"href":"https:\/\/imagazine.it\/home_desk\/wp-json\/wp\/v2\/posts\/52624\/revisions"}],"wp:featuredmedia":[{"embeddable":true,"href":"https:\/\/imagazine.it\/home_desk\/wp-json\/wp\/v2\/media\/52637"}],"wp:attachment":[{"href":"https:\/\/imagazine.it\/home_desk\/wp-json\/wp\/v2\/media?parent=52624"}],"wp:term":[{"taxonomy":"category","embeddable":true,"href":"https:\/\/imagazine.it\/home_desk\/wp-json\/wp\/v2\/categories?post=52624"},{"taxonomy":"post_tag","embeddable":true,"href":"https:\/\/imagazine.it\/home_desk\/wp-json\/wp\/v2\/tags?post=52624"}],"curies":[{"name":"wp","href":"https:\/\/api.w.org\/{rel}","templated":true}]}}