{"id":52519,"date":"2024-03-11T17:03:04","date_gmt":"2024-03-11T16:03:04","guid":{"rendered":"https:\/\/imagazine.it\/home_desk\/?p=52519"},"modified":"2024-03-12T17:09:39","modified_gmt":"2024-03-12T16:09:39","slug":"gorizia-ringrazia-gli-eroi-delle-forze-dellordine","status":"publish","type":"post","link":"https:\/\/imagazine.it\/home_desk\/gorizia-ringrazia-gli-eroi-delle-forze-dellordine\/","title":{"rendered":"Gorizia ringrazia gli eroi delle forze dell&#8217;ordine"},"content":{"rendered":"<p>GORIZIA \u2013 Dieci i riconoscimenti assegnati quest\u2019anno ai <strong>rappresentanti delle forze dell\u2019ordine<\/strong> che con impegno, seriet\u00e0 e senso del dovere si sono resi <strong>protagonisti di episodi motivo di orgoglio per la comunit\u00e0<\/strong>, spesso anche al di fuori dell\u2019orario di servizio.<\/p>\n<h3>Il significato dei riconoscimenti<\/h3>\n<p>Da diversi anni la commissione del Premio patroni, formata dai rappresentanti di Comune, Diocesi, Fondazione Carigo, Camera di Commercio, Diocesi e Consorzio per lo sviluppo universitario, ha deciso che in occasione delle celebrazioni per i Santi Ilario e Taziano la citt\u00e0 di Gorizia doveva <strong>premiare coloro che sono un esempio virtuoso in una societ\u00e0 che, troppo spesso, si volta dall\u2019altra parte<\/strong>.<\/p>\n<p>\u201c\u00c8 un onore consegnare questi riconoscimenti, che intendono rendere merito agli operatori delle forze dell\u2019ordine che hanno avuto una reazione esemplare, anche al di fuori dell\u2019orario di servizio e mettendo a rischio la propria sicurezza.\u00a0Rendendo merito al valore delle loro azioni speriamo anche di suscitare una riflessione e di ispirare la volont\u00e0 di emularli nella nostra comunit\u00e0, che \u00e8 una famiglia allargata\u201d, ha sottolineato il sindaco, <strong>Rodolfo Ziberna<\/strong>.<\/p>\n<p>Il prefetto, <strong>Raffaele Ricciardi<\/strong>, ha posto l\u2019accento sull\u2019importanza del lavoro di squadra, che come ben rappresentato dalla cerimonia va a beneficio di tutti.<\/p>\n<h3>I premiati e le motivazioni<\/h3>\n<p>\u00c8 stato reso merito per azioni compiute nel 2023 a <strong>Fabrizio Butini<\/strong> vice sovrintendente della Polizia di Stato, <strong>Lorenzo Carota<\/strong> vice brigadiere, <strong>Aldo Preite<\/strong> e <strong>Tommaso Lentini<\/strong> appuntati scelti della Compagnia Carabinieri, <strong>Giovanni Guerriero<\/strong> appuntato scelto del Comando Provinciale della Guardia di Finanza,\u00a0<strong>Roberto Visintin<\/strong> capo reparto, <strong>Enrico Nardon<\/strong> capo squadra, <strong>Massimiliano Valente<\/strong> e <strong>Stefano Battistel<\/strong>\u00a0vigili coordinatori del comando provinciale dei Vigili del fuoco, <strong>Massimo Paolini<\/strong> assistente amministrativo del reparto comando e supporti tattici Cavalleggeri di Treviso (28\u00b0) della Brigata di cavalleria Pozzuolo del Friuli.<\/p>\n<p><strong>Fabrizio Butini<\/strong>, in servizio nel Settore di Polizia di Frontiera Terrestre di Gorizia, nel pomeriggio dello scorso 4 luglio, libero dal servizio, nei pressi della spiaggia attigua allo stabilimento balneare <em>Bora bora beach<\/em> di Grado notava una persona anziana, colta da improvviso malore, immobile con il viso riverso nelle acque. Grazie alla straordinaria professionalit\u00e0 e alla non comune determinazione operativa, il vice sovrintendente raggiungeva tempestivamente il malcapitato per sostenerlo e successivamente trasportarlo, con l\u2019ausilio di altri bagnanti, sul bagnasciuga, ove veniva posto in posizione di sicurezza in attesa dell\u2019arrivo del personale sanitario.<\/p>\n<p><strong>Lorenzo Carota, Aldo Preite e Tommaso Lentini<\/strong>, effettivi al Nor della Compagnia Carabinieri di Gorizia, il 25 settembre 2023, in occasione di un intervento a seguito di un tentativo di suicidio di un uomo, con prontezza, determinazione, altruismo e risolutezza sono riusciti a impedire il compimento dell\u2019estremo gesto.<\/p>\n<p><strong>Giovanni Guerriero<\/strong>\u00a0ha prestato preziosa collaborazione e disponibilit\u00e0 al personale della squadra mobile della Questura, nonostante fosse assente dal servizio per gravi motivi di salute (terapia salvavita). Il militare, con cui l\u2019ufficio investigativo aveva gi\u00e0 avuto modo di operare in attivit\u00e0 congiunte pregresse, contattato il 12 giugno 2023, ha fatto pervenire la traduzione dal tedesco di un mandato di arresto europeo che ha consentito di procedere alla sua esecuzione a salvaguardia della sicurezza dei cittadini.<\/p>\n<p><strong>Roberto Visintin, Enrico Nardon, Massimiliano Valente e Stefano Battistel<\/strong>\u00a0hanno\u00a0preso parte alle operazioni di ricerca persona condotte nel comune di Turriaco che, dopo diverse ore di intensa attivit\u00e0, hanno consentito il ritrovamento nella notte del 2 novembre 2023 di un uomo disperso sull\u2019argine dell\u2019Isonzo in circostanze climatiche rese particolarmente avverse dalle piogge intense e violente della giornata. Il personale VVF in elenco si \u00e8 distinto per la particolare determinazione, per la professionalit\u00e0 dimostrata nello svolgimento dell\u2019intervento di ricerca persona che \u00e8 stato portato a termine con efficacia, tempestivit\u00e0 utilizzando con estrema competenza le tecniche di soccorso e le misure richieste dalla particolarit\u00e0 dello scenario reso straordinariamente critico dalle condizioni climatiche avverse.<\/p>\n<p><strong>Massimo Paolini,\u00a0<\/strong>effettivo al Reparto Comando e Supporti Tattici Cavalleggeri di Treviso (28\u00b0), libero dal servizio, domenica 3 dicembre 2023 con tempismo e sprezzo del pericolo non ha esitato a intervenire e sedare una lite. Mentre circolava con la sua auto a Udine, ha notato una coppia di ragazzi intenti a litigare violentemente. Si \u00e8 quindi fermato ed \u00e8 intervenuto in difesa della ragazza che, gesticolando, chiedeva aiuto. Con la propria determinazione \u00e8 riuscito a portarla in salvo cercando anche di sedare gli animi del ragazzo in attesa dell\u2019arrivo delle forze dell\u2019ordine.<\/p>\n","protected":false},"excerpt":{"rendered":"<p>Nell&#8217;ambito delle celebrazioni dei patroni, consegnati dieci riconoscimenti a protagonisti di reazioni esemplari in situazioni difficili<\/p>\n","protected":false},"author":28,"featured_media":52520,"comment_status":"closed","ping_status":"closed","sticky":false,"template":"","format":"image","meta":{"dwc-title":[""],"dwc-content":[""],"footnotes":""},"categories":[5],"tags":[1171,1170,43,540],"class_list":["post-52519","post","type-post","status-publish","format-image","has-post-thumbnail","hentry","category-attualita","tag-encomi","tag-forze-dellordine","tag-gorizia","tag-premi","post_format-post-format-image"],"rttpg_featured_image_url":{"full":["https:\/\/imagazine.it\/wp-content\/uploads\/2024\/03\/Forze-dellordine_premiPatroni.jpg",1366,687,false],"landscape":["https:\/\/imagazine.it\/wp-content\/uploads\/2024\/03\/Forze-dellordine_premiPatroni.jpg",1366,687,false],"portraits":["https:\/\/imagazine.it\/wp-content\/uploads\/2024\/03\/Forze-dellordine_premiPatroni.jpg",1366,687,false],"thumbnail":["https:\/\/imagazine.it\/wp-content\/uploads\/2024\/03\/Forze-dellordine_premiPatroni-150x150.jpg",150,150,true],"medium":["https:\/\/imagazine.it\/wp-content\/uploads\/2024\/03\/Forze-dellordine_premiPatroni-300x151.jpg",300,151,true],"large":["https:\/\/imagazine.it\/wp-content\/uploads\/2024\/03\/Forze-dellordine_premiPatroni-1024x515.jpg",640,322,true],"thumblist":["https:\/\/imagazine.it\/wp-content\/uploads\/2024\/03\/Forze-dellordine_premiPatroni-300x300.jpg",300,300,true],"thumbrelated":["https:\/\/imagazine.it\/wp-content\/uploads\/2024\/03\/Forze-dellordine_premiPatroni-500x500.jpg",500,500,true],"meccarouselthumb":["https:\/\/imagazine.it\/wp-content\/uploads\/2024\/03\/Forze-dellordine_premiPatroni-474x324.jpg",474,324,true],"gridsquare":["https:\/\/imagazine.it\/wp-content\/uploads\/2024\/03\/Forze-dellordine_premiPatroni-391x260.jpg",391,260,true],"tileview":["https:\/\/imagazine.it\/wp-content\/uploads\/2024\/03\/Forze-dellordine_premiPatroni-300x400.jpg",300,400,true],"1536x1536":["https:\/\/imagazine.it\/wp-content\/uploads\/2024\/03\/Forze-dellordine_premiPatroni.jpg",1366,687,false],"2048x2048":["https:\/\/imagazine.it\/wp-content\/uploads\/2024\/03\/Forze-dellordine_premiPatroni.jpg",1366,687,false],"newsup-slider-full":["https:\/\/imagazine.it\/wp-content\/uploads\/2024\/03\/Forze-dellordine_premiPatroni-1280x687.jpg",1280,687,true],"newsup-featured":["https:\/\/imagazine.it\/wp-content\/uploads\/2024\/03\/Forze-dellordine_premiPatroni-1024x515.jpg",1024,515,true],"newsup-medium":["https:\/\/imagazine.it\/wp-content\/uploads\/2024\/03\/Forze-dellordine_premiPatroni-720x380.jpg",720,380,true],"tptn_thumbnail":["https:\/\/imagazine.it\/wp-content\/uploads\/2024\/03\/Forze-dellordine_premiPatroni-250x210.jpg",250,210,true],"sow-carousel-default":["https:\/\/imagazine.it\/wp-content\/uploads\/2024\/03\/Forze-dellordine_premiPatroni.jpg",272,137,false]},"rttpg_author":{"display_name":"redazione","author_link":"https:\/\/imagazine.it\/home_desk\/author\/redazione\/"},"rttpg_comment":0,"rttpg_category":"<a href=\"https:\/\/imagazine.it\/home_desk\/category\/attualita\/\" rel=\"category tag\">ATTUALIT\u00c0<\/a>","rttpg_excerpt":"Nell'ambito delle celebrazioni dei patroni, consegnati dieci riconoscimenti a protagonisti di reazioni esemplari in situazioni difficili","_links":{"self":[{"href":"https:\/\/imagazine.it\/home_desk\/wp-json\/wp\/v2\/posts\/52519","targetHints":{"allow":["GET"]}}],"collection":[{"href":"https:\/\/imagazine.it\/home_desk\/wp-json\/wp\/v2\/posts"}],"about":[{"href":"https:\/\/imagazine.it\/home_desk\/wp-json\/wp\/v2\/types\/post"}],"author":[{"embeddable":true,"href":"https:\/\/imagazine.it\/home_desk\/wp-json\/wp\/v2\/users\/28"}],"replies":[{"embeddable":true,"href":"https:\/\/imagazine.it\/home_desk\/wp-json\/wp\/v2\/comments?post=52519"}],"version-history":[{"count":0,"href":"https:\/\/imagazine.it\/home_desk\/wp-json\/wp\/v2\/posts\/52519\/revisions"}],"wp:featuredmedia":[{"embeddable":true,"href":"https:\/\/imagazine.it\/home_desk\/wp-json\/wp\/v2\/media\/52520"}],"wp:attachment":[{"href":"https:\/\/imagazine.it\/home_desk\/wp-json\/wp\/v2\/media?parent=52519"}],"wp:term":[{"taxonomy":"category","embeddable":true,"href":"https:\/\/imagazine.it\/home_desk\/wp-json\/wp\/v2\/categories?post=52519"},{"taxonomy":"post_tag","embeddable":true,"href":"https:\/\/imagazine.it\/home_desk\/wp-json\/wp\/v2\/tags?post=52519"}],"curies":[{"name":"wp","href":"https:\/\/api.w.org\/{rel}","templated":true}]}}