{"id":52292,"date":"2024-03-07T11:31:25","date_gmt":"2024-03-07T10:31:25","guid":{"rendered":"https:\/\/imagazine.it\/home_desk\/?p=52292"},"modified":"2024-03-07T13:10:07","modified_gmt":"2024-03-07T12:10:07","slug":"go2025-fa-rete-con-le-capitali-italiane-della-cultura","status":"publish","type":"post","link":"https:\/\/imagazine.it\/home_desk\/go2025-fa-rete-con-le-capitali-italiane-della-cultura\/","title":{"rendered":"GO!2025 fa rete con le Capitali italiane della cultura"},"content":{"rendered":"<p>ROMA \u2013 Condividere e mettere a sistema informazioni e strumenti per la costruzione di nuove strategie di sviluppo del territorio su base culturale: questo l\u2019obiettivo di\u00a0<strong>\u201c<em>Cantiere Citt\u00e0. Opportunit\u00e0 e networking<\/em>\u201d<\/strong>, la due-giorni di studio e confronto\u00a0promosse dal\u00a0<strong>Ministero della Cultura<\/strong>\u00a0e dalla\u00a0<strong>Fondazione Scuola dei beni e delle attivit\u00e0 culturali<\/strong>, che si \u00e8 svolto a Roma per consolidare le capacit\u00e0 progettuali delle citt\u00e0 finaliste al titolo di Capitale italiana della cultura.<\/p>\n<p>Ai lavori ha preso parte anche il team di\u00a0GO!2025<strong>, <\/strong>con il project manager del GECT GO <strong>Marco Marinuzzi <\/strong>e\u00a0l\u2019assessore comunale a GO!2025<strong> Patrizia Artico,\u00a0<\/strong>in virt\u00f9\u00a0dell\u2019accordo sottoscritto con la Fondazione Scuola Beni e Attivit\u00e0 Culturali per un progetto di\u00a0<em>capacity-building<\/em>\u00a0e accompagnamento all\u2019evento di\u00a0<strong>Nova Gorica e Gorizia Capitale Europea della Cultura.\u00a0<\/strong><\/p>\n<h3>Le opportunit\u00e0<\/h3>\n<p>\u00abLa due giorni al Ministero ha permesso non solo di condividere strumenti e buone pratiche \u2013 osserva\u00a0<strong>Marinuzzi<\/strong>\u00a0\u2013 ma anche di valutare\u00a0<strong>sinergie possibili con altre citt\u00e0<\/strong>, <a href=\"https:\/\/imagazine.it\/home_desk\/gorizia-e-agrigento-unite-nella-cultura\/\">come\u00a0<strong>Agrigento<\/strong>\u00a0<strong>Capitale italiana della Cultura 2025<\/strong><\/a>, intorno al tema\u00a0<strong>dell\u2019identit\u00e0 di frontiera<\/strong>, terrestre e marittima. Ma anche per possibili progetti europei da sviluppare attraverso un partenariato mediterraneo sul tema dello sviluppo locale a base culturale. Di grande interesse anche il confronto con\u00a0<strong>Matera<\/strong>\u00a0per gli impatti della Capitale Europea a cinque anni dalla sua edizione. Dal gruppo\u00a0<strong>Reti e progetti di rete<\/strong>\u00a0emerge anche una visione delle\u00a0<strong>reti delle biblioteche\u00a0<\/strong>come presidio sociale per la comunit\u00e0, in un\u2019ottica di benessere e crescita culturale\u00bb.<\/p>\n<p>Nel tavolo di lavoro sui \u201c<strong>Festival<\/strong>\u201d, al quale ha preso parte\u00a0l\u2019assessore<strong> Patrizia Artico<\/strong>, si \u00e8 parlato della mappatura di oltre 1500 manifestazioni culturali e dei festival come spazi di innovazione culturale a livello anche tecnico-organizzativo e nel rapporto con il pubblico.<\/p>\n<h3>Le possibili collaborazioni<\/h3>\n<p>\u00ab\u00c8 stato un incontro molto positivo e produttivo, per il quale siamo grati al Ministero della Cultura e ai bravissimi organizzatori della Fondazione Scuola dei beni e delle attivit\u00e0 culturali \u2013 spiega <strong>Artico <\/strong>\u2013.<strong>\u00a0<\/strong>Due giorni che ci hanno permesso di confrontarci con le altre citt\u00e0 finaliste a capitale della cultura sulle problematiche ma, soprattutto, sulle<strong>\u00a0opportunit\u00e0\u00a0<\/strong>che il titolo offre di far conoscere splendidi siti della nostra bellissima Italia. La &#8220;strana&#8221; capitale europea\u00a0<strong>Nova Gorica <\/strong>\u2013<strong> Gorizia anche in questa occasione ha destato grande interesse<\/strong> e, naturalmente, abbiamo invitato i rappresentanti di\u00a0<strong>tutte le citt\u00e0 italiane finaliste a capitale della cultura<\/strong>\u00a0a venire a Gorizia nel 2025. \u00c8 stato anche un momento creativo in cui sono nate idee di collaborazione, non solo con Agrigento ma anche con altre citt\u00e0 con cui ci sono punti di contatto, ad esempio\u00a0<strong>Assisi\u00a0<\/strong>sul filo conduttore della pace<strong>.<\/strong>\u00a0Diversi anche gli spunti collegati a iniziative gi\u00e0 consolidate in altre realt\u00e0, come\u00a0<strong>le milanesi Bookcity o Maratown<\/strong>, che si potrebbero sviluppare anche in territori diversi come il nostro. Ma l&#8217;incontro credo sia andato oltre i propositi, perch\u00e9 ha fatto emergere la possibilit\u00e0 di\u00a0<strong>creare una rete fra le citt\u00e0 italiane che abbia al centro una proposta storico-culturale coordinata<\/strong>\u00a0e avviare contestualmente una riflessione su nuove opportunit\u00e0 di valorizzazione, in questa chiave, delle nostre citt\u00e0\u00bb.<\/p>\n<h3>Formazione a Gorizia<\/h3>\n<p>\u00ab<em>Networking<\/em> \u00e8 la parola chiave per la grande opportunit\u00e0 della Capitale Europea della Cultura\u00a0\u2013 spiega la direttrice del GECT GO\u00a0<strong>Romina Kocina<\/strong>\u00a0\u2013. Dalla due giorni di Roma arrivano spunti preziosi per le sinergie in fase di attivazione a livello transfrontaliero, nazionale e internazionale. Un tema che avremo modo di approfondire gioved\u00ec 14 e venerd\u00ec 15 marzo a Gorizia, quando ospiteremo una \u2018<em>task force<\/em>\u2019 di formazione della\u00a0<strong>Fondazione Scuola dei beni e delle attivit\u00e0 culturali\u00a0<\/strong>e contestualmente\u00a0<strong>prender\u00e0 avvio il\u00a0progetto SKILLS2GO! a Nova Gorica<\/strong>\u00a0con il primo workshop sul tema\u00a0<em>\u201cAudience engagement, strategie e strumenti per favorire la partecipazione transfrontaliera\u201d.\u00a0<\/em>In questo contesto potremo concretamente confrontarci sul tema della\u00a0<strong>co-creazione e del coinvolgimento del pubblico<\/strong>, dalla profilazione alla\u00a0<strong>costruzione di una vera e propria comunit\u00e0 transfrontaliera<\/strong>\u00bb.<\/p>\n<p>Info\u00a0e aggiornamenti sul\u00a0sito<strong>\u00a0<a href=\"http:\/\/www.go2025.eu\/\" target=\"_blank\" rel=\"noopener\">www.go2025.eu<\/a><\/strong><\/p>\n","protected":false},"excerpt":{"rendered":"<p>Due giorni di incontri a Roma. Possibili sinergie con Agrigento, Assisi e con realt\u00e0 culturali milanesi Bookcity e Maratown<\/p>\n","protected":false},"author":28,"featured_media":52293,"comment_status":"closed","ping_status":"closed","sticky":false,"template":"","format":"image","meta":{"dwc-title":[""],"dwc-content":[""],"footnotes":""},"categories":[37],"tags":[1112,123,43,1113],"class_list":["post-52292","post","type-post","status-publish","format-image","has-post-thumbnail","hentry","category-cultura-e-spettacolo","tag-capitale-europea-cultura","tag-go2025","tag-gorizia","tag-network","post_format-post-format-image"],"rttpg_featured_image_url":{"full":["https:\/\/imagazine.it\/wp-content\/uploads\/2024\/03\/ALLtogether-Rome.jpg",1366,694,false],"landscape":["https:\/\/imagazine.it\/wp-content\/uploads\/2024\/03\/ALLtogether-Rome.jpg",1366,694,false],"portraits":["https:\/\/imagazine.it\/wp-content\/uploads\/2024\/03\/ALLtogether-Rome.jpg",1366,694,false],"thumbnail":["https:\/\/imagazine.it\/wp-content\/uploads\/2024\/03\/ALLtogether-Rome-150x150.jpg",150,150,true],"medium":["https:\/\/imagazine.it\/wp-content\/uploads\/2024\/03\/ALLtogether-Rome-300x152.jpg",300,152,true],"large":["https:\/\/imagazine.it\/wp-content\/uploads\/2024\/03\/ALLtogether-Rome-1024x520.jpg",640,325,true],"thumblist":["https:\/\/imagazine.it\/wp-content\/uploads\/2024\/03\/ALLtogether-Rome-300x300.jpg",300,300,true],"thumbrelated":["https:\/\/imagazine.it\/wp-content\/uploads\/2024\/03\/ALLtogether-Rome-500x500.jpg",500,500,true],"meccarouselthumb":["https:\/\/imagazine.it\/wp-content\/uploads\/2024\/03\/ALLtogether-Rome-474x324.jpg",474,324,true],"gridsquare":["https:\/\/imagazine.it\/wp-content\/uploads\/2024\/03\/ALLtogether-Rome-391x260.jpg",391,260,true],"tileview":["https:\/\/imagazine.it\/wp-content\/uploads\/2024\/03\/ALLtogether-Rome-300x400.jpg",300,400,true],"1536x1536":["https:\/\/imagazine.it\/wp-content\/uploads\/2024\/03\/ALLtogether-Rome.jpg",1366,694,false],"2048x2048":["https:\/\/imagazine.it\/wp-content\/uploads\/2024\/03\/ALLtogether-Rome.jpg",1366,694,false],"newsup-slider-full":["https:\/\/imagazine.it\/wp-content\/uploads\/2024\/03\/ALLtogether-Rome-1280x694.jpg",1280,694,true],"newsup-featured":["https:\/\/imagazine.it\/wp-content\/uploads\/2024\/03\/ALLtogether-Rome-1024x520.jpg",1024,520,true],"newsup-medium":["https:\/\/imagazine.it\/wp-content\/uploads\/2024\/03\/ALLtogether-Rome-720x380.jpg",720,380,true],"tptn_thumbnail":["https:\/\/imagazine.it\/wp-content\/uploads\/2024\/03\/ALLtogether-Rome.jpg",250,127,false],"sow-carousel-default":["https:\/\/imagazine.it\/wp-content\/uploads\/2024\/03\/ALLtogether-Rome.jpg",272,138,false]},"rttpg_author":{"display_name":"redazione","author_link":"https:\/\/imagazine.it\/home_desk\/author\/redazione\/"},"rttpg_comment":0,"rttpg_category":"<a href=\"https:\/\/imagazine.it\/home_desk\/category\/cultura-e-spettacolo\/\" rel=\"category tag\">CULTURA&amp;SPETTACOLO<\/a>","rttpg_excerpt":"Due giorni di incontri a Roma. Possibili sinergie con Agrigento, Assisi e con realt\u00e0 culturali milanesi Bookcity e Maratown","_links":{"self":[{"href":"https:\/\/imagazine.it\/home_desk\/wp-json\/wp\/v2\/posts\/52292","targetHints":{"allow":["GET"]}}],"collection":[{"href":"https:\/\/imagazine.it\/home_desk\/wp-json\/wp\/v2\/posts"}],"about":[{"href":"https:\/\/imagazine.it\/home_desk\/wp-json\/wp\/v2\/types\/post"}],"author":[{"embeddable":true,"href":"https:\/\/imagazine.it\/home_desk\/wp-json\/wp\/v2\/users\/28"}],"replies":[{"embeddable":true,"href":"https:\/\/imagazine.it\/home_desk\/wp-json\/wp\/v2\/comments?post=52292"}],"version-history":[{"count":0,"href":"https:\/\/imagazine.it\/home_desk\/wp-json\/wp\/v2\/posts\/52292\/revisions"}],"wp:featuredmedia":[{"embeddable":true,"href":"https:\/\/imagazine.it\/home_desk\/wp-json\/wp\/v2\/media\/52293"}],"wp:attachment":[{"href":"https:\/\/imagazine.it\/home_desk\/wp-json\/wp\/v2\/media?parent=52292"}],"wp:term":[{"taxonomy":"category","embeddable":true,"href":"https:\/\/imagazine.it\/home_desk\/wp-json\/wp\/v2\/categories?post=52292"},{"taxonomy":"post_tag","embeddable":true,"href":"https:\/\/imagazine.it\/home_desk\/wp-json\/wp\/v2\/tags?post=52292"}],"curies":[{"name":"wp","href":"https:\/\/api.w.org\/{rel}","templated":true}]}}