{"id":52177,"date":"2024-03-05T11:19:55","date_gmt":"2024-03-05T10:19:55","guid":{"rendered":"https:\/\/imagazine.it\/home_desk\/?p=52177"},"modified":"2024-03-05T11:22:08","modified_gmt":"2024-03-05T10:22:08","slug":"torna-a-cervignano-il-presepe-pasquale","status":"publish","type":"post","link":"https:\/\/imagazine.it\/home_desk\/torna-a-cervignano-il-presepe-pasquale\/","title":{"rendered":"Torna a Cervignano il Presepe Pasquale"},"content":{"rendered":"<p><em><span style=\"font-size: 10pt;\">Alcuni componenti del Gruppo Presepisti assieme al sindaco di Cervignano, Andrea Balducci, che ha visitato il laboratorio<\/span><\/em><\/p>\n<p>CERVIGNANO DEL FRIULI \u2013 Luned\u00ec 11 marzo verr\u00e0 allestito in duomo a Cervignano l\u2019ormai tradizionale \u201c<strong>Presepe Pasquale<\/strong>\u201d, che rester\u00e0 visitabile fino a domenica 7 aprile.<\/p>\n<p>\u00c8 il quarto anno che i volontari del <strong>gruppo \u201cPresepisti del Duomo di Cervignano\u201d<\/strong> realizzano e incrementano il racconto della passione, morte e resurrezione di Ges\u00f9 Cristo.<\/p>\n<p>Quest\u2019anno ci saranno <strong>nove scene<\/strong>, una in pi\u00f9 rispetto allo scorso anno nella quale sar\u00e0 rappresentato anche Ponzio Pilato che si lava le mani dopo essere stato chiamato in causa dalla folla per giudicare Ges\u00f9 (episodio narrato nel Vangelo di Matteo).<\/p>\n<h3>La tecnica utilizzata<\/h3>\n<p>Il \u201cPresepe Pasquale\u201d \u00e8 realizzato con la <strong>tecnica del diorama<\/strong>: insieme di vedute dipinte che, per effetto di prospettiva e giochi di luce, danno allo spettatore l&#8217;illusione di un panorama naturale nelle varie ore del giorno.<\/p>\n<p>Il tutto accompagnato da una voce narrante registrata.<\/p>\n<div id=\"metaslider-id-52179\" style=\"max-width: 800px; margin: 0 auto;\" class=\"ml-slider-3-108-0 metaslider metaslider-flex metaslider-52179 ml-slider ms-theme-default nav-hidden\" role=\"region\" aria-label=\"Presepe Pasquale 2024 Cervignano\" data-height=\"600\" data-width=\"800\">\n    <div id=\"metaslider_container_52179\">\n        <div id=\"metaslider_52179\">\n            <ul class='slides'>\n                <li style=\"display: block; width: 100%;\" class=\"slide-52185 ms-image \" aria-roledescription=\"slide\" data-date=\"2024-03-05 11:18:37\" data-filename=\"presepe-pasquale-011.jpg\" data-slide-type=\"image\"><img loading=\"lazy\" decoding=\"async\" width=\"1000\" height=\"750\" src=\"https:\/\/imagazine.it\/wp-content\/uploads\/2024\/03\/presepe-pasquale-011.jpg\" class=\"slider-52179 slide-52185 msDefaultImage\" alt=\"I preparativi del Presepe Pasquale\" rel=\"\" title=\"I preparativi del Presepe Pasquale\" srcset=\"https:\/\/imagazine.it\/wp-content\/uploads\/2024\/03\/presepe-pasquale-011.jpg 1000w, https:\/\/imagazine.it\/wp-content\/uploads\/2024\/03\/presepe-pasquale-011-300x225.jpg 300w, https:\/\/imagazine.it\/wp-content\/uploads\/2024\/03\/presepe-pasquale-011-768x576.jpg 768w\" sizes=\"auto, (max-width: 1000px) 100vw, 1000px\" \/><div class=\"caption-wrap\"><div class=\"caption\">I preparativi del Presepe Pasquale<\/div><\/div><\/li>\n                <li style=\"display: none; width: 100%;\" class=\"slide-52186 ms-image \" aria-roledescription=\"slide\" data-date=\"2024-03-05 11:18:38\" data-filename=\"presepe-pasquale-012.jpg\" data-slide-type=\"image\"><img loading=\"lazy\" decoding=\"async\" width=\"1000\" height=\"750\" src=\"https:\/\/imagazine.it\/wp-content\/uploads\/2024\/03\/presepe-pasquale-012.jpg\" class=\"slider-52179 slide-52186 msDefaultImage\" alt=\"\" rel=\"\" title=\"presepe pasquale 012\" srcset=\"https:\/\/imagazine.it\/wp-content\/uploads\/2024\/03\/presepe-pasquale-012.jpg 1000w, https:\/\/imagazine.it\/wp-content\/uploads\/2024\/03\/presepe-pasquale-012-300x225.jpg 300w, https:\/\/imagazine.it\/wp-content\/uploads\/2024\/03\/presepe-pasquale-012-768x576.jpg 768w\" sizes=\"auto, (max-width: 1000px) 100vw, 1000px\"><div class=\"caption-wrap\"><div class=\"caption\"><div>I preparativi del Presepe Pasquale<\/div><\/div><\/div><\/li>\n                <li style=\"display: none; width: 100%;\" class=\"slide-52187 ms-image \" aria-roledescription=\"slide\" data-date=\"2024-03-05 11:18:38\" data-filename=\"presepe-pasquale-013.jpg\" data-slide-type=\"image\"><img loading=\"lazy\" decoding=\"async\" width=\"1000\" height=\"750\" src=\"https:\/\/imagazine.it\/wp-content\/uploads\/2024\/03\/presepe-pasquale-013.jpg\" class=\"slider-52179 slide-52187 msDefaultImage\" alt=\"\" rel=\"\" title=\"presepe pasquale 013\" srcset=\"https:\/\/imagazine.it\/wp-content\/uploads\/2024\/03\/presepe-pasquale-013.jpg 1000w, https:\/\/imagazine.it\/wp-content\/uploads\/2024\/03\/presepe-pasquale-013-300x225.jpg 300w, https:\/\/imagazine.it\/wp-content\/uploads\/2024\/03\/presepe-pasquale-013-768x576.jpg 768w\" sizes=\"auto, (max-width: 1000px) 100vw, 1000px\"><div class=\"caption-wrap\"><div class=\"caption\"><div>I preparativi del Presepe Pasquale<\/div><\/div><\/div><\/li>\n                <li style=\"display: none; width: 100%;\" class=\"slide-52188 ms-image \" aria-roledescription=\"slide\" data-date=\"2024-03-05 11:18:39\" data-filename=\"presepe-pasquale-014.jpg\" data-slide-type=\"image\"><img loading=\"lazy\" decoding=\"async\" width=\"1000\" height=\"750\" src=\"https:\/\/imagazine.it\/wp-content\/uploads\/2024\/03\/presepe-pasquale-014.jpg\" class=\"slider-52179 slide-52188 msDefaultImage\" alt=\"\" rel=\"\" title=\"presepe pasquale 014\" srcset=\"https:\/\/imagazine.it\/wp-content\/uploads\/2024\/03\/presepe-pasquale-014.jpg 1000w, https:\/\/imagazine.it\/wp-content\/uploads\/2024\/03\/presepe-pasquale-014-300x225.jpg 300w, https:\/\/imagazine.it\/wp-content\/uploads\/2024\/03\/presepe-pasquale-014-768x576.jpg 768w\" sizes=\"auto, (max-width: 1000px) 100vw, 1000px\"><div class=\"caption-wrap\"><div class=\"caption\"><div>I preparativi del Presepe Pasquale<\/div><\/div><\/div><\/li>\n                <li style=\"display: none; width: 100%;\" class=\"slide-52189 ms-image \" aria-roledescription=\"slide\" data-date=\"2024-03-05 11:18:39\" data-filename=\"presepe-pasquale-015.jpg\" data-slide-type=\"image\"><img loading=\"lazy\" decoding=\"async\" width=\"1000\" height=\"750\" src=\"https:\/\/imagazine.it\/wp-content\/uploads\/2024\/03\/presepe-pasquale-015.jpg\" class=\"slider-52179 slide-52189 msDefaultImage\" alt=\"\" rel=\"\" title=\"presepe pasquale 015\" srcset=\"https:\/\/imagazine.it\/wp-content\/uploads\/2024\/03\/presepe-pasquale-015.jpg 1000w, https:\/\/imagazine.it\/wp-content\/uploads\/2024\/03\/presepe-pasquale-015-300x225.jpg 300w, https:\/\/imagazine.it\/wp-content\/uploads\/2024\/03\/presepe-pasquale-015-768x576.jpg 768w\" sizes=\"auto, (max-width: 1000px) 100vw, 1000px\"><div class=\"caption-wrap\"><div class=\"caption\"><div>I preparativi del Presepe Pasquale<\/div><\/div><\/div><\/li>\n            <\/ul>\n        <\/div>\n        \n    <\/div>\n<\/div>\n<h3>I volontari<\/h3>\n<p>Il nuovo gruppo di \u201clavoro\u201d \u00e8 composto da <strong>una quindicina di persone<\/strong> che hanno portato in dote la propria professionalit\u00e0: chi si dedica alla pittura, chi cuce tessuti, chi esegue lavori di carpenteria metallica o falegnameria, chi cura gli impianti elettrici e gestisce i suoni.<\/p>\n<p>A disposizione c\u2019\u00e8 poi un laboratorio fornito di tutto ci\u00f2 che pu\u00f2 servire: archi a caldo per tagliare il polistirolo, pirografi per incidere e per creare pareti che sembrano di vera roccia, torni con la fresa, macchine per saldare, piallatrici, seghe a nastro e altro ancora.<\/p>\n<p>Il risultato di questo lavoro \u00e8 rimasto immutato nel tempo ed \u00e8 il sentimento profondo che anima la realizzazione del presepe: l&#8217;emozione che viene trasmessa. Se a Natale \u00e8 l\u2019evocazione di buoni sentimenti, tenerezza e tanto stupore, in quello pasquale si evoca le autentiche radici della fede cristiana che trova la sua origine proprio nella morte e resurrezione.<\/p>\n","protected":false},"excerpt":{"rendered":"<p>Allestito in duomo da luned\u00ec 11 marzo, proporr\u00e0 nove diverse scene della passione, morte e resurrezione di Ges\u00f9. Tutte realizzate da una quindicina di volontari<\/p>\n","protected":false},"author":22,"featured_media":52178,"comment_status":"closed","ping_status":"closed","sticky":false,"template":"","format":"image","meta":{"dwc-title":[""],"dwc-content":[""],"footnotes":""},"categories":[5],"tags":[],"class_list":["post-52177","post","type-post","status-publish","format-image","has-post-thumbnail","hentry","category-attualita","post_format-post-format-image"],"rttpg_featured_image_url":{"full":["https:\/\/imagazine.it\/wp-content\/uploads\/2024\/03\/presepe-pasquale-01.jpg",1366,715,false],"landscape":["https:\/\/imagazine.it\/wp-content\/uploads\/2024\/03\/presepe-pasquale-01.jpg",1366,715,false],"portraits":["https:\/\/imagazine.it\/wp-content\/uploads\/2024\/03\/presepe-pasquale-01.jpg",1366,715,false],"thumbnail":["https:\/\/imagazine.it\/wp-content\/uploads\/2024\/03\/presepe-pasquale-01-150x150.jpg",150,150,true],"medium":["https:\/\/imagazine.it\/wp-content\/uploads\/2024\/03\/presepe-pasquale-01-300x157.jpg",300,157,true],"large":["https:\/\/imagazine.it\/wp-content\/uploads\/2024\/03\/presepe-pasquale-01-1024x536.jpg",640,335,true],"thumblist":["https:\/\/imagazine.it\/wp-content\/uploads\/2024\/03\/presepe-pasquale-01-300x300.jpg",300,300,true],"thumbrelated":["https:\/\/imagazine.it\/wp-content\/uploads\/2024\/03\/presepe-pasquale-01-500x500.jpg",500,500,true],"meccarouselthumb":["https:\/\/imagazine.it\/wp-content\/uploads\/2024\/03\/presepe-pasquale-01-474x324.jpg",474,324,true],"gridsquare":["https:\/\/imagazine.it\/wp-content\/uploads\/2024\/03\/presepe-pasquale-01-391x260.jpg",391,260,true],"tileview":["https:\/\/imagazine.it\/wp-content\/uploads\/2024\/03\/presepe-pasquale-01-300x400.jpg",300,400,true],"1536x1536":["https:\/\/imagazine.it\/wp-content\/uploads\/2024\/03\/presepe-pasquale-01.jpg",1366,715,false],"2048x2048":["https:\/\/imagazine.it\/wp-content\/uploads\/2024\/03\/presepe-pasquale-01.jpg",1366,715,false],"newsup-slider-full":["https:\/\/imagazine.it\/wp-content\/uploads\/2024\/03\/presepe-pasquale-01-1280x715.jpg",1280,715,true],"newsup-featured":["https:\/\/imagazine.it\/wp-content\/uploads\/2024\/03\/presepe-pasquale-01-1024x536.jpg",1024,536,true],"newsup-medium":["https:\/\/imagazine.it\/wp-content\/uploads\/2024\/03\/presepe-pasquale-01-720x380.jpg",720,380,true],"tptn_thumbnail":["https:\/\/imagazine.it\/wp-content\/uploads\/2024\/03\/presepe-pasquale-01.jpg",250,131,false],"sow-carousel-default":["https:\/\/imagazine.it\/wp-content\/uploads\/2024\/03\/presepe-pasquale-01.jpg",272,142,false]},"rttpg_author":{"display_name":"Livio Nonis","author_link":"https:\/\/imagazine.it\/home_desk\/author\/nonis\/"},"rttpg_comment":0,"rttpg_category":"<a href=\"https:\/\/imagazine.it\/home_desk\/category\/attualita\/\" rel=\"category tag\">ATTUALIT\u00c0<\/a>","rttpg_excerpt":"Allestito in duomo da luned\u00ec 11 marzo, proporr\u00e0 nove diverse scene della passione, morte e resurrezione di Ges\u00f9. Tutte realizzate da una quindicina di volontari","_links":{"self":[{"href":"https:\/\/imagazine.it\/home_desk\/wp-json\/wp\/v2\/posts\/52177","targetHints":{"allow":["GET"]}}],"collection":[{"href":"https:\/\/imagazine.it\/home_desk\/wp-json\/wp\/v2\/posts"}],"about":[{"href":"https:\/\/imagazine.it\/home_desk\/wp-json\/wp\/v2\/types\/post"}],"author":[{"embeddable":true,"href":"https:\/\/imagazine.it\/home_desk\/wp-json\/wp\/v2\/users\/22"}],"replies":[{"embeddable":true,"href":"https:\/\/imagazine.it\/home_desk\/wp-json\/wp\/v2\/comments?post=52177"}],"version-history":[{"count":0,"href":"https:\/\/imagazine.it\/home_desk\/wp-json\/wp\/v2\/posts\/52177\/revisions"}],"wp:featuredmedia":[{"embeddable":true,"href":"https:\/\/imagazine.it\/home_desk\/wp-json\/wp\/v2\/media\/52178"}],"wp:attachment":[{"href":"https:\/\/imagazine.it\/home_desk\/wp-json\/wp\/v2\/media?parent=52177"}],"wp:term":[{"taxonomy":"category","embeddable":true,"href":"https:\/\/imagazine.it\/home_desk\/wp-json\/wp\/v2\/categories?post=52177"},{"taxonomy":"post_tag","embeddable":true,"href":"https:\/\/imagazine.it\/home_desk\/wp-json\/wp\/v2\/tags?post=52177"}],"curies":[{"name":"wp","href":"https:\/\/api.w.org\/{rel}","templated":true}]}}