{"id":52171,"date":"2024-03-04T18:58:33","date_gmt":"2024-03-04T17:58:33","guid":{"rendered":"https:\/\/imagazine.it\/home_desk\/?p=52171"},"modified":"2024-03-06T16:28:11","modified_gmt":"2024-03-06T15:28:11","slug":"gorizia-riscopre-le-sue-scrittrici","status":"publish","type":"post","link":"https:\/\/imagazine.it\/home_desk\/gorizia-riscopre-le-sue-scrittrici\/","title":{"rendered":"Gorizia riscopre le sue scrittrici"},"content":{"rendered":"<p>GORIZIA \u2013 \u201c<em>Riscopriamo le scrittrici di Gorizia<\/em>\u201d \u00e8 il titolo dell\u2019evento organizzato dal <strong>Comune di Gorizia<\/strong> e dall\u2019associazione <strong>Sos Rosa<\/strong> in occasione dell\u20198 marzo, Giornata internazionale della donna.<\/p>\n<p>L\u2019incontro si svolger\u00e0 venerd\u00ec alle 17.30 nella sala Dora Bassi di via Garibaldi 7, per presentare le <strong>18 autrici <a href=\"https:\/\/imagazine.it\/home_desk\/il-segno-delle-donne-gorizia-ricorda-le-sue-scrittrici\/\">il cui nome \u00e8 riportato sui gradini della scalinata Sebastiano Sotgia<\/a><\/strong>, in via San Michele a Gorizia, trasformatasi grazie al murales \u201c<em>Il segno delle donne. Gorizia ricorda le sue scrittrici<\/em>\u201d.<\/p>\n<h3>L&#8217;iniziativa<\/h3>\n<p>Si tratta di scrittrici, poetesse e saggiste che hanno segnato la storia di Gorizia, contribuendo alla valorizzazione della citt\u00e0 e del suo territorio.<\/p>\n<p>L\u2019opera \u00e8 stata realizzata dall&#8217;associazione <strong>Save Art<\/strong> nell\u2019ambito delle iniziative organizzate per il 25 novembre, Giornata internazionale\u00a0per l&#8217;eliminazione della violenza contro le donne,\u00a0dal Comune di Gorizia insieme all\u2019associazione\u00a0Sos Rosa, con il contributo della Regione.<\/p>\n<p>L\u2019iniziativa \u00e8 stata presentata da <strong>Marilena Bernobich<\/strong>, consigliere comunale con delega alle Pari Opportunit\u00e0, <strong>Sarah Filisetti<\/strong>, assessore comunale ai Lavori pubblici, <strong>Francesca Vuaran<\/strong>, presidente dell\u2019associazione Sos Rosa, <strong>Katty Faion<\/strong>, presidente di Save Art, e <strong>Antonella Gallarotti<\/strong>, che ha individuato i nomi dando vita a una sorta di percorso ideale.<\/p>\n<h3>Segnalazioni in aumento<\/h3>\n<p>In occasione della presentazione, \u00e8 stato fatto presente che rispetto a un anno fa \u00e8 gi\u00e0 aumentato del 10% nei primi due mesi del 2024 il numero delle donne che si sono rivolte a Sos Rosa.<\/p>\n<p>\u201cDall\u2019inizio dell\u2019anno a Gorizia hanno chiesto aiuto 62 donne, a cui se ne aggiunge una ventina che ha fatto riferimento ai nostri sportelli di Cividale e Grado. I casi sono quindi in aumento, perch\u00e9 sta crescendo la consapevolezza dell\u2019importanza di chiedere aiuto\u201d, ha spiegato Francesca Vuaran.<\/p>\n<h3>Le scrittrici<\/h3>\n<p>Le scrittrici ricordate dalla scalinata e di cui si parler\u00e0 venerd\u00ec 8 marzo sono: <strong>Maria Maddalena Malni<\/strong> <strong>Pascoletti<\/strong> (1945-2023), <strong>Anna Maria Fabbroni<\/strong> (1934-2023), <strong>Lojzka\u00a0Bratu\u017e<\/strong> (1934-2019), <strong>Giovanna Ludovico Giannattasio<\/strong> (1932-2020), <strong>Gianna Bigi Pirella<\/strong> (1930-2001), <strong>Maura Bozzini La Stella<\/strong> (1928-2012), <strong>Lella Au Fiore<\/strong> (1920-2003), <strong>Carmen Perco Jacchia<\/strong> (1915-1986), <strong>Zora Pi\u0161\u010danc<\/strong> (1912-1989), <strong>Nella Cattaruzza Piemonti<\/strong> (1911-2003), <strong>Ljubka\u00a0<\/strong><strong>\u0160orli\u00a0<\/strong><strong>Bratu\u017e<\/strong> (1910-1993), <strong>Jolanda Pisani \u201cCassandra\u201d<\/strong> (1905-1978), <strong>Nicoletta Coronini<\/strong> (1896-1984), <strong>Elda Michelstaedter Morpurgo<\/strong> (1879-1944), <strong>Maria Von Schmitzahausen De Egger<\/strong> (Paul Marie Lacroma) (1851-1929), <strong>Carolina Sabbadini Luzzatto Coen<\/strong> (1837-1919), <strong>Teresa Von Abensperg und Thraun della pace<\/strong> (1759-1920), <strong>Marianna De Dietrichstein Coronini Cronberg<\/strong> (1736-1805).<\/p>\n<p>L\u2019evento di venerd\u00ec 8, organizzato in collaborazione con Save Art e <strong>Lions Club Gorizia Maria Theresia<\/strong>, sar\u00e0 corredato dall\u2019esibizione del trio goriziano <strong>Yellow Garage<\/strong>.<\/p>\n","protected":false},"excerpt":{"rendered":"<p>Venerd\u00ec 8 marzo un evento speciale per ricordare le 18 autrici il cui nome \u00e8 riportato sui gradini della scalinata Sebastiano Sotgia<\/p>\n","protected":false},"author":28,"featured_media":52172,"comment_status":"closed","ping_status":"closed","sticky":false,"template":"","format":"image","meta":{"dwc-title":[""],"dwc-content":[""],"footnotes":""},"categories":[6],"tags":[387,1055,43,273],"class_list":["post-52171","post","type-post","status-publish","format-image","has-post-thumbnail","hentry","category-societa","tag-donne","tag-giornata-della-donna","tag-gorizia","tag-libri","post_format-post-format-image"],"rttpg_featured_image_url":{"full":["https:\/\/imagazine.it\/wp-content\/uploads\/2024\/03\/Presentazione-evento-scrittrici.jpg",1366,702,false],"landscape":["https:\/\/imagazine.it\/wp-content\/uploads\/2024\/03\/Presentazione-evento-scrittrici.jpg",1366,702,false],"portraits":["https:\/\/imagazine.it\/wp-content\/uploads\/2024\/03\/Presentazione-evento-scrittrici.jpg",1366,702,false],"thumbnail":["https:\/\/imagazine.it\/wp-content\/uploads\/2024\/03\/Presentazione-evento-scrittrici-150x150.jpg",150,150,true],"medium":["https:\/\/imagazine.it\/wp-content\/uploads\/2024\/03\/Presentazione-evento-scrittrici-300x154.jpg",300,154,true],"large":["https:\/\/imagazine.it\/wp-content\/uploads\/2024\/03\/Presentazione-evento-scrittrici-1024x526.jpg",640,329,true],"thumblist":["https:\/\/imagazine.it\/wp-content\/uploads\/2024\/03\/Presentazione-evento-scrittrici-300x300.jpg",300,300,true],"thumbrelated":["https:\/\/imagazine.it\/wp-content\/uploads\/2024\/03\/Presentazione-evento-scrittrici-500x500.jpg",500,500,true],"meccarouselthumb":["https:\/\/imagazine.it\/wp-content\/uploads\/2024\/03\/Presentazione-evento-scrittrici-474x324.jpg",474,324,true],"gridsquare":["https:\/\/imagazine.it\/wp-content\/uploads\/2024\/03\/Presentazione-evento-scrittrici-391x260.jpg",391,260,true],"tileview":["https:\/\/imagazine.it\/wp-content\/uploads\/2024\/03\/Presentazione-evento-scrittrici-300x400.jpg",300,400,true],"1536x1536":["https:\/\/imagazine.it\/wp-content\/uploads\/2024\/03\/Presentazione-evento-scrittrici.jpg",1366,702,false],"2048x2048":["https:\/\/imagazine.it\/wp-content\/uploads\/2024\/03\/Presentazione-evento-scrittrici.jpg",1366,702,false],"newsup-slider-full":["https:\/\/imagazine.it\/wp-content\/uploads\/2024\/03\/Presentazione-evento-scrittrici-1280x702.jpg",1280,702,true],"newsup-featured":["https:\/\/imagazine.it\/wp-content\/uploads\/2024\/03\/Presentazione-evento-scrittrici-1024x526.jpg",1024,526,true],"newsup-medium":["https:\/\/imagazine.it\/wp-content\/uploads\/2024\/03\/Presentazione-evento-scrittrici-720x380.jpg",720,380,true],"tptn_thumbnail":["https:\/\/imagazine.it\/wp-content\/uploads\/2024\/03\/Presentazione-evento-scrittrici.jpg",250,128,false],"sow-carousel-default":["https:\/\/imagazine.it\/wp-content\/uploads\/2024\/03\/Presentazione-evento-scrittrici.jpg",272,140,false]},"rttpg_author":{"display_name":"redazione","author_link":"https:\/\/imagazine.it\/home_desk\/author\/redazione\/"},"rttpg_comment":0,"rttpg_category":"<a href=\"https:\/\/imagazine.it\/home_desk\/category\/societa\/\" rel=\"category tag\">SOCIET\u00c0<\/a>","rttpg_excerpt":"Venerd\u00ec 8 marzo un evento speciale per ricordare le 18 autrici il cui nome \u00e8 riportato sui gradini della scalinata Sebastiano Sotgia","_links":{"self":[{"href":"https:\/\/imagazine.it\/home_desk\/wp-json\/wp\/v2\/posts\/52171","targetHints":{"allow":["GET"]}}],"collection":[{"href":"https:\/\/imagazine.it\/home_desk\/wp-json\/wp\/v2\/posts"}],"about":[{"href":"https:\/\/imagazine.it\/home_desk\/wp-json\/wp\/v2\/types\/post"}],"author":[{"embeddable":true,"href":"https:\/\/imagazine.it\/home_desk\/wp-json\/wp\/v2\/users\/28"}],"replies":[{"embeddable":true,"href":"https:\/\/imagazine.it\/home_desk\/wp-json\/wp\/v2\/comments?post=52171"}],"version-history":[{"count":0,"href":"https:\/\/imagazine.it\/home_desk\/wp-json\/wp\/v2\/posts\/52171\/revisions"}],"wp:featuredmedia":[{"embeddable":true,"href":"https:\/\/imagazine.it\/home_desk\/wp-json\/wp\/v2\/media\/52172"}],"wp:attachment":[{"href":"https:\/\/imagazine.it\/home_desk\/wp-json\/wp\/v2\/media?parent=52171"}],"wp:term":[{"taxonomy":"category","embeddable":true,"href":"https:\/\/imagazine.it\/home_desk\/wp-json\/wp\/v2\/categories?post=52171"},{"taxonomy":"post_tag","embeddable":true,"href":"https:\/\/imagazine.it\/home_desk\/wp-json\/wp\/v2\/tags?post=52171"}],"curies":[{"name":"wp","href":"https:\/\/api.w.org\/{rel}","templated":true}]}}