{"id":52051,"date":"2024-03-01T18:12:02","date_gmt":"2024-03-01T17:12:02","guid":{"rendered":"https:\/\/imagazine.it\/home_desk\/?p=52051"},"modified":"2024-03-01T18:12:02","modified_gmt":"2024-03-01T17:12:02","slug":"giulia-milani-nuovo-medico-di-base-a-monfalcone","status":"publish","type":"post","link":"https:\/\/imagazine.it\/home_desk\/giulia-milani-nuovo-medico-di-base-a-monfalcone\/","title":{"rendered":"Giulia Milani nuovo medico di base a Monfalcone"},"content":{"rendered":"<p>MONFALCONE \u2013 Ha preso servizio oggi, presso l\u2019ambulatorio di via Mazzini 3, la <strong>dottoressa Giulia Milani<\/strong>, nuovo medico di base per i residenti nel Comune di Monfalcone.<\/p>\n<p>Ventisettenne, laureata in Medicina e Chirurgia presso l&#8217;Universit\u00e0 degli studi di Udine, sar\u00e0 <strong>a servizio dei cittadini dal luned\u00ec al venerd\u00ec<\/strong>: luned\u00ec e mercoled\u00ec dalle 16 alle 18, il marted\u00ec, gioved\u00ec e venerd\u00ec dalle 9 alle 11.<\/p>\n<p>\u201cUn mestiere \u2013 spiega la dottoressa Milani \u2013 che tengo nel cuore da quando sono bambina. La cura della persona e delle materie scientifiche mi hanno sempre affascinato, cosa che mi ha portato a frequentare il corso di laurea in medicina. Non vedo l\u2019ora di conoscere tutti i miei pazienti\u201d.<\/p>\n","protected":false},"excerpt":{"rendered":"<p>Ricever\u00e0 dal luned\u00ec al venerd\u00ec presso l\u2019ambulatorio di via Mazzini 3. &#8220;Un mestiere che tengo nel cuore da quando sono bambina&#8221;<\/p>\n","protected":false},"author":28,"featured_media":52052,"comment_status":"closed","ping_status":"closed","sticky":false,"template":"","format":"image","meta":{"dwc-title":[""],"dwc-content":[""],"footnotes":""},"categories":[5],"tags":[1040,1041,51,1042,95],"class_list":["post-52051","post","type-post","status-publish","format-image","has-post-thumbnail","hentry","category-attualita","tag-medicina","tag-milani","tag-monfalcone","tag-pazienti","tag-sanita","post_format-post-format-image"],"rttpg_featured_image_url":{"full":["https:\/\/imagazine.it\/wp-content\/uploads\/2024\/03\/giulia-milani-medico.jpeg",1366,781,false],"landscape":["https:\/\/imagazine.it\/wp-content\/uploads\/2024\/03\/giulia-milani-medico.jpeg",1366,781,false],"portraits":["https:\/\/imagazine.it\/wp-content\/uploads\/2024\/03\/giulia-milani-medico.jpeg",1366,781,false],"thumbnail":["https:\/\/imagazine.it\/wp-content\/uploads\/2024\/03\/giulia-milani-medico-150x150.jpeg",150,150,true],"medium":["https:\/\/imagazine.it\/wp-content\/uploads\/2024\/03\/giulia-milani-medico-300x172.jpeg",300,172,true],"large":["https:\/\/imagazine.it\/wp-content\/uploads\/2024\/03\/giulia-milani-medico-1024x585.jpeg",640,366,true],"thumblist":["https:\/\/imagazine.it\/wp-content\/uploads\/2024\/03\/giulia-milani-medico-300x300.jpeg",300,300,true],"thumbrelated":["https:\/\/imagazine.it\/wp-content\/uploads\/2024\/03\/giulia-milani-medico-500x500.jpeg",500,500,true],"meccarouselthumb":["https:\/\/imagazine.it\/wp-content\/uploads\/2024\/03\/giulia-milani-medico-474x324.jpeg",474,324,true],"gridsquare":["https:\/\/imagazine.it\/wp-content\/uploads\/2024\/03\/giulia-milani-medico-391x260.jpeg",391,260,true],"tileview":["https:\/\/imagazine.it\/wp-content\/uploads\/2024\/03\/giulia-milani-medico-300x400.jpeg",300,400,true],"1536x1536":["https:\/\/imagazine.it\/wp-content\/uploads\/2024\/03\/giulia-milani-medico.jpeg",1366,781,false],"2048x2048":["https:\/\/imagazine.it\/wp-content\/uploads\/2024\/03\/giulia-milani-medico.jpeg",1366,781,false],"newsup-slider-full":["https:\/\/imagazine.it\/wp-content\/uploads\/2024\/03\/giulia-milani-medico-1280x720.jpeg",1280,720,true],"newsup-featured":["https:\/\/imagazine.it\/wp-content\/uploads\/2024\/03\/giulia-milani-medico-1024x585.jpeg",1024,585,true],"newsup-medium":["https:\/\/imagazine.it\/wp-content\/uploads\/2024\/03\/giulia-milani-medico-720x380.jpeg",720,380,true],"tptn_thumbnail":["https:\/\/imagazine.it\/wp-content\/uploads\/2024\/03\/giulia-milani-medico.jpeg",250,143,false],"sow-carousel-default":["https:\/\/imagazine.it\/wp-content\/uploads\/2024\/03\/giulia-milani-medico.jpeg",272,156,false]},"rttpg_author":{"display_name":"redazione","author_link":"https:\/\/imagazine.it\/home_desk\/author\/redazione\/"},"rttpg_comment":0,"rttpg_category":"<a href=\"https:\/\/imagazine.it\/home_desk\/category\/attualita\/\" rel=\"category tag\">ATTUALIT\u00c0<\/a>","rttpg_excerpt":"Ricever\u00e0 dal luned\u00ec al venerd\u00ec presso l\u2019ambulatorio di via Mazzini 3. \"Un mestiere che tengo nel cuore da quando sono bambina\"","_links":{"self":[{"href":"https:\/\/imagazine.it\/home_desk\/wp-json\/wp\/v2\/posts\/52051","targetHints":{"allow":["GET"]}}],"collection":[{"href":"https:\/\/imagazine.it\/home_desk\/wp-json\/wp\/v2\/posts"}],"about":[{"href":"https:\/\/imagazine.it\/home_desk\/wp-json\/wp\/v2\/types\/post"}],"author":[{"embeddable":true,"href":"https:\/\/imagazine.it\/home_desk\/wp-json\/wp\/v2\/users\/28"}],"replies":[{"embeddable":true,"href":"https:\/\/imagazine.it\/home_desk\/wp-json\/wp\/v2\/comments?post=52051"}],"version-history":[{"count":0,"href":"https:\/\/imagazine.it\/home_desk\/wp-json\/wp\/v2\/posts\/52051\/revisions"}],"wp:featuredmedia":[{"embeddable":true,"href":"https:\/\/imagazine.it\/home_desk\/wp-json\/wp\/v2\/media\/52052"}],"wp:attachment":[{"href":"https:\/\/imagazine.it\/home_desk\/wp-json\/wp\/v2\/media?parent=52051"}],"wp:term":[{"taxonomy":"category","embeddable":true,"href":"https:\/\/imagazine.it\/home_desk\/wp-json\/wp\/v2\/categories?post=52051"},{"taxonomy":"post_tag","embeddable":true,"href":"https:\/\/imagazine.it\/home_desk\/wp-json\/wp\/v2\/tags?post=52051"}],"curies":[{"name":"wp","href":"https:\/\/api.w.org\/{rel}","templated":true}]}}