{"id":52034,"date":"2024-03-01T16:53:17","date_gmt":"2024-03-01T15:53:17","guid":{"rendered":"https:\/\/imagazine.it\/home_desk\/?p=52034"},"modified":"2024-03-01T17:13:01","modified_gmt":"2024-03-01T16:13:01","slug":"i-colori-del-rispetto","status":"publish","type":"post","link":"https:\/\/imagazine.it\/home_desk\/i-colori-del-rispetto\/","title":{"rendered":"I colori del rispetto"},"content":{"rendered":"<p><span style=\"font-size: 10pt;\"><em>Da sinistra Silvia Blazina, Edy Lovisetto, Clara Zaghis, Giulia Zoratto, Sabrina Flapp<\/em><\/span><\/p>\n<p>Dopo l\u2019evento nazionale, ecco il libro illustrato per bambini. \u00c8 infatti stato pubblicato \u201c<strong><em>Una giornata straordinaria per i calzini spaiati<\/em><\/strong>\u201d, edito da Mondadori, 64 pagine illustrate deliziosamente.<\/p>\n<p>Con questa storia le sue <strong>cinque autrici<\/strong> desiderano diffondere un messaggio positivo, dando la giusta importanza alle peculiarit\u00e0 e unicit\u00e0 di tutti, alla forza dell\u2019amicizia, alla condivisione.<\/p>\n<h3>Le origini<\/h3>\n<p>Una storia che parte da lontano, quando la maestra <strong>Sabrina Flapp <\/strong>insegnava nella scuola primaria a tempo pieno di Terzo di Aquileia. Una scuola da sempre innovativa, come dimostrano le attivit\u00e0 progettate nel tempo: dalle zucche intagliate che i bambini portavano a scuola (e chiss\u00e0 se proprio dalla passione di alcuni di loro \u00e8 nata la celebre Festa della zucca di San Martino), i castelli di Halloween, la giornata ecologica, la giornata con i nonni&#8230;<\/p>\n<p>Un giorno la maestra Flapp ebbe una nuova intuizione: inventare una giornata dei calzini spaiati per parlare ai bambini di amicizia e unicit\u00e0.<\/p>\n<p>Una novit\u00e0 che venne accompagnata da altre attivit\u00e0: letture, giochi, creazioni di storie, filastrocche e, soprattutto, riflessioni condivise.<\/p>\n<p>\u00abUna modalit\u00e0 multisensoriale \u2013 spiega proprio l\u2019insegnante \u2013 per far comprendere ai bambini che siamo tutti diversi, liberi di essere unici e insieme speciali\u00bb.<\/p>\n<h3>Clown in corsia<\/h3>\n<p>Nel 2007 la maestra Sabrina intraprese anche l\u2019attivit\u00e0 di \u201c<strong><em>Clown in corsia<\/em><\/strong>\u201d, per portare gratuitamente sorrisi e spensieratezza ai bambini ricoverati negli ospedali. Un contesto in cui nacquero nuove amicizie, in particolare con altre quattro clown: <strong>Silvia Blazina<\/strong>, <em>graphic designer<\/em>; <strong>Edy Lovisetto<\/strong>, architetto; <strong>Clara Zaghis<\/strong>, medico anestesista; <strong>Giulia Zoratto<\/strong>, libera professionista nel campo della comunicazione.<\/p>\n<p>Condividendo con loro la sua progettualit\u00e0, nel 2013 vide la luce \u201c<em>La giornata dei calzini spaiati<\/em>\u201d: evento social (Facebook e Instagram) che anno dopo anno \u00e8 cresciuto divenendo \u201cvirale\u201d e, soprattutto, entrando nel cuore di moltissime persone, che indossavano appunto calzini tra loro spaiati e postavano <em>on line <\/em>le foto di questi abbinamenti.<\/p>\n<p>In poco tempo segu\u00ec un vero e proprio boom di visualizzazioni sul web, che attir\u00f2 le attenzioni di societ\u00e0 multinazionali, a loro volta attive nella pubblicazione di post a tema dedicati all\u2019evento.<\/p>\n<p>\u00ab\u00c8 stato bellissimo e al tempo stesso interessante \u2013 aggiunge Sabrina Flapp \u2013 osservare come nelle scuole si moltiplicassero le adesioni\u00bb.<\/p>\n<p>E, a seguire, anche il mondo dello sport ha riconosciuto questa iniziativa, avvicinandosi alla \u201c<em>Giornata dei\u00a0<\/em><em>calzini spaiati<\/em>\u201d squadre di rugby, di pallavolo, di calcio.<\/p>\n<p>\u00abIl reparto di neonatologia dell\u2019<strong>Ospedale Santa Maria della Misericordia di Udine <\/strong>\u2013 confida Flapp \u2013 \u00e8 uno dei sostenitori pi\u00f9 affezionati, ma anche tante mamme in attesa di un bambino postano ogni anno foto\u00a0con i calzini spaiati sopra la pancia. C\u2019\u00e8 stato un successo incredibile\u00bb.<\/p>\n<h3>L&#8217;evoluzione<\/h3>\n<p>Qualche anno fa \u00e8 stato chiesto dalle promotrici, come idea per un progetto speciale, di spedire dei calzini:\u00a0ne sono arrivati pi\u00f9 di 800 che si sono trasformati in pupazzetti e marionette fatti giungere nei campi profughi della Rotta Balcanica, portati dai volontari della Carovana artistica (composta da attori, cantanti,\u00a0musicisti), dove sono diventati strumento di svago e di divertimento.<\/p>\n<p>Grazie ai social network il tam tam fra maestri, amici e persone di ogni et\u00e0 cresce ogni anno non solo in Italia, ma anche all\u2019estero, persino oltreoceano. Un\u2019iniziativa ormai istituzionalizzata il <strong>primo venerd\u00ec del\u00a0<\/strong><strong>mese di febbraio<\/strong>, proprio per poter contare sempre sulla partecipazione dei bambini e delle scuole.<\/p>\n<p>E proprio ai bambini e alle scuole \u00e8 dedicato il <strong>libro illustrato <\/strong>realizzato dalle cinque ideatrici della giornata dei calzini spaiati.<\/p>\n<p>\u00abAbbiamo preso spunto \u2013 conclude Flapp \u2013 dalle esperienze nelle scuole e negli ospedali, cercando di diffondere messaggi che spingano a cercare il lato bello di ognuno. Per poter interagire meglio insieme in modo da creare energia positiva. Perch\u00e9 ognuno di noi \u00e8 un importante pezzetto nel grande puzzle del mondo. E dobbiamo averne cura, rispettandoci\u00bb.<\/p>\n<figure id=\"attachment_52039\" aria-describedby=\"caption-attachment-52039\" style=\"width: 300px\" class=\"wp-caption alignnone\"><img loading=\"lazy\" decoding=\"async\" class=\"size-medium wp-image-52039\" src=\"https:\/\/imagazine.it\/wp-content\/uploads\/2024\/03\/cpver-1-300x255.jpg\" alt=\"La copertina del libro\" width=\"300\" height=\"255\" title=\"\" srcset=\"https:\/\/imagazine.it\/wp-content\/uploads\/2024\/03\/cpver-1-300x255.jpg 300w, https:\/\/imagazine.it\/wp-content\/uploads\/2024\/03\/cpver-1-768x653.jpg 768w, https:\/\/imagazine.it\/wp-content\/uploads\/2024\/03\/cpver-1.jpg 899w\" sizes=\"auto, (max-width: 300px) 100vw, 300px\" \/><figcaption id=\"caption-attachment-52039\" class=\"wp-caption-text\">La copertina del libro<\/figcaption><\/figure>\n<h3>La trama del libro<\/h3>\n<p>Il libro fotografico delle cinque ideatrici della Giornata di calzini spaiati narra l\u2019avventura di 5 calzini: Sbru, Cico, Colory, Yu e Pindu, fatta di tanti colpi di scena e, come in ogni storia che si rispetti, presenta anche un personaggio birbone che li vuole catturare. Ce la faranno i nostri amici calzini a venirne fuori?<\/p>\n","protected":false},"excerpt":{"rendered":"<p>Da un\u2019idea di cinque amiche della Bassa friulana, nel 2013 nacque \u201cLa giornata dei calzini spaiati\u201d, che in breve tempo \u00e8 diventata un successo internazionale. Sul tema le promotrici hanno recentemente realizzato un libro illustrato<\/p>\n","protected":false},"author":22,"featured_media":52035,"comment_status":"closed","ping_status":"closed","sticky":false,"template":"","format":"image","meta":{"dwc-title":[""],"dwc-content":[""],"footnotes":""},"categories":[37],"tags":[819,1032,273,1033],"class_list":["post-52034","post","type-post","status-publish","format-image","has-post-thumbnail","hentry","category-cultura-e-spettacolo","tag-bassa-friulana","tag-calzini-spaiati","tag-libri","tag-rispetto","post_format-post-format-image"],"rttpg_featured_image_url":{"full":["https:\/\/imagazine.it\/wp-content\/uploads\/2024\/03\/gruppoOK.jpg",1366,746,false],"landscape":["https:\/\/imagazine.it\/wp-content\/uploads\/2024\/03\/gruppoOK.jpg",1366,746,false],"portraits":["https:\/\/imagazine.it\/wp-content\/uploads\/2024\/03\/gruppoOK.jpg",1366,746,false],"thumbnail":["https:\/\/imagazine.it\/wp-content\/uploads\/2024\/03\/gruppoOK-150x150.jpg",150,150,true],"medium":["https:\/\/imagazine.it\/wp-content\/uploads\/2024\/03\/gruppoOK-300x164.jpg",300,164,true],"large":["https:\/\/imagazine.it\/wp-content\/uploads\/2024\/03\/gruppoOK-1024x559.jpg",640,349,true],"thumblist":["https:\/\/imagazine.it\/wp-content\/uploads\/2024\/03\/gruppoOK-300x300.jpg",300,300,true],"thumbrelated":["https:\/\/imagazine.it\/wp-content\/uploads\/2024\/03\/gruppoOK-500x500.jpg",500,500,true],"meccarouselthumb":["https:\/\/imagazine.it\/wp-content\/uploads\/2024\/03\/gruppoOK-474x324.jpg",474,324,true],"gridsquare":["https:\/\/imagazine.it\/wp-content\/uploads\/2024\/03\/gruppoOK-391x260.jpg",391,260,true],"tileview":["https:\/\/imagazine.it\/wp-content\/uploads\/2024\/03\/gruppoOK-300x400.jpg",300,400,true],"1536x1536":["https:\/\/imagazine.it\/wp-content\/uploads\/2024\/03\/gruppoOK.jpg",1366,746,false],"2048x2048":["https:\/\/imagazine.it\/wp-content\/uploads\/2024\/03\/gruppoOK.jpg",1366,746,false],"newsup-slider-full":["https:\/\/imagazine.it\/wp-content\/uploads\/2024\/03\/gruppoOK-1280x720.jpg",1280,720,true],"newsup-featured":["https:\/\/imagazine.it\/wp-content\/uploads\/2024\/03\/gruppoOK-1024x559.jpg",1024,559,true],"newsup-medium":["https:\/\/imagazine.it\/wp-content\/uploads\/2024\/03\/gruppoOK-720x380.jpg",720,380,true],"tptn_thumbnail":["https:\/\/imagazine.it\/wp-content\/uploads\/2024\/03\/gruppoOK.jpg",250,137,false],"sow-carousel-default":["https:\/\/imagazine.it\/wp-content\/uploads\/2024\/03\/gruppoOK.jpg",272,149,false]},"rttpg_author":{"display_name":"Livio Nonis","author_link":"https:\/\/imagazine.it\/home_desk\/author\/nonis\/"},"rttpg_comment":0,"rttpg_category":"<a href=\"https:\/\/imagazine.it\/home_desk\/category\/cultura-e-spettacolo\/\" rel=\"category tag\">CULTURA&amp;SPETTACOLO<\/a>","rttpg_excerpt":"Da un\u2019idea di cinque amiche della Bassa friulana, nel 2013 nacque \u201cLa giornata dei calzini spaiati\u201d, che in breve tempo \u00e8 diventata un successo internazionale. Sul tema le promotrici hanno recentemente realizzato un libro illustrato","_links":{"self":[{"href":"https:\/\/imagazine.it\/home_desk\/wp-json\/wp\/v2\/posts\/52034","targetHints":{"allow":["GET"]}}],"collection":[{"href":"https:\/\/imagazine.it\/home_desk\/wp-json\/wp\/v2\/posts"}],"about":[{"href":"https:\/\/imagazine.it\/home_desk\/wp-json\/wp\/v2\/types\/post"}],"author":[{"embeddable":true,"href":"https:\/\/imagazine.it\/home_desk\/wp-json\/wp\/v2\/users\/22"}],"replies":[{"embeddable":true,"href":"https:\/\/imagazine.it\/home_desk\/wp-json\/wp\/v2\/comments?post=52034"}],"version-history":[{"count":0,"href":"https:\/\/imagazine.it\/home_desk\/wp-json\/wp\/v2\/posts\/52034\/revisions"}],"wp:featuredmedia":[{"embeddable":true,"href":"https:\/\/imagazine.it\/home_desk\/wp-json\/wp\/v2\/media\/52035"}],"wp:attachment":[{"href":"https:\/\/imagazine.it\/home_desk\/wp-json\/wp\/v2\/media?parent=52034"}],"wp:term":[{"taxonomy":"category","embeddable":true,"href":"https:\/\/imagazine.it\/home_desk\/wp-json\/wp\/v2\/categories?post=52034"},{"taxonomy":"post_tag","embeddable":true,"href":"https:\/\/imagazine.it\/home_desk\/wp-json\/wp\/v2\/tags?post=52034"}],"curies":[{"name":"wp","href":"https:\/\/api.w.org\/{rel}","templated":true}]}}