{"id":51742,"date":"2024-02-21T15:14:03","date_gmt":"2024-02-21T14:14:03","guid":{"rendered":"https:\/\/imagazine.it\/home_desk\/?p=51742"},"modified":"2024-02-22T17:31:43","modified_gmt":"2024-02-22T16:31:43","slug":"a-gorizia-la-grande-mostra-su-tullio-crali","status":"publish","type":"post","link":"https:\/\/imagazine.it\/home_desk\/a-gorizia-la-grande-mostra-su-tullio-crali\/","title":{"rendered":"A Gorizia la grande mostra su Tullio Crali"},"content":{"rendered":"<p><em><span style=\"font-size: 10pt;\">Da sinistra De Grassi, Ziberna e Oreti<\/span><\/em><\/p>\n<p>GORIZIA \u2013 Oltre 200 opere tra dipinti, sculture, disegni, progetti di architettura, scenografie, cartelloni pubblicitari, \u201csassintesi\u201d e altre creazioni sperimentali e innovative: sar\u00e0 inaugurata gioved\u00ec 11 aprile al Museo di Santa Chiara \u201c<strong><em>Tullio Crali. Una vita per il Futurismo<\/em><\/strong>\u201d, la mostra voluta dal Comune di Gorizia nel percorso di avvicinamento verso la Capitale Europea della Cultura 2025.<\/p>\n<p>L\u2019esposizione sar\u00e0 <strong>la pi\u00f9 grande dedicata a Crali mai realizzata in Friuli Venezia Giulia<\/strong>, con materiale per la prima volta raccolto tutto insieme, che celebrer\u00e0 le radici profondamente goriziane dell\u2019artista.<\/p>\n<p>\u201cLa sfida espositiva con cui partiamo nel cammino verso GO!2025 \u00e8 questa grande mostra antologica. Sar\u00e0 davvero unica, visto il legame fortissimo dell\u2019artista con Gorizia, dove ha vissuto a lungo. Ringrazio gli eredi che ci hanno aiutato, persone veramente squisite\u201d, ha sottolineato il sindaco di Gorizia, <strong>Rodolfo Ziberna<\/strong>, in occasione della presentazione della rassegna, affiancato dall\u2019assessore alla Cultura, <strong>Fabrizio Oreti<\/strong>.<\/p>\n<p>La rassegna si distinguer\u00e0 per l\u2019esposizione di opere anche del periodo 1919-1929, cio\u00e8 quando nacque e si svilupp\u00f2 il Futurismo Giuliano. Saranno presentati dipinti, disegni e foto dei seguenti autori: \u010cargo, Carmelich, \u010cernigoj, Claris, Cossar, Demanins, Dolfi, Farfa, Fattorello, Mix, Pilon, Pocarini, Sanzin, Spazzapan, Stepancic, Vucetich, Wulz, che formeranno un compatto ma significativo insieme di lavori ancora poco noti al grande pubblico.<\/p>\n<p>La mostra, curata da <strong>Marino De Grassi<\/strong>, sar\u00e0 visitabile gratuitamente venerd\u00ec, sabato e domenica dalle 10 alle 13 e dalle 15.30 alle 19.30 fino al 29 settembre. Il catalogo sar\u00e0 pubblicato in edizione italiana e in edizione slovena.<\/p>\n<p>I contenuti dell\u2019esposizione sono stati dettagliatamente presentati dal curatore De Grassi, che ha annunciato anche che potr\u00e0 essere ammirato il dipinto del 1942 \u201cBattaglia danzante di paracadutisti\u201d, di 2,20&#215;2 metri, appeso attualmente a Venezia nell\u2019ufficio del presidente della Regione Veneto, Luca Zaia.<\/p>\n<p><a href=\"https:\/\/imagazine.it\/home_desk\/events\/tullio-crali-una-vita-per-il-futurismo\/\"><strong>Clicca qui per i dettagli della mostra<\/strong><\/a><\/p>\n","protected":false},"excerpt":{"rendered":"<p>Con oltre 200 opere sar\u00e0 la pi\u00f9 grande esposizione in Friuli Venezia Giulia dedicata all&#8217;artista. Inaugurazione ad aprile<\/p>\n","protected":false},"author":28,"featured_media":51743,"comment_status":"closed","ping_status":"closed","sticky":false,"template":"","format":"image","meta":{"dwc-title":[""],"dwc-content":[""],"footnotes":""},"categories":[37],"tags":[165,836,826,839,123,43,251],"class_list":["post-51742","post","type-post","status-publish","format-image","has-post-thumbnail","hentry","category-cultura-e-spettacolo","tag-arte","tag-crali","tag-eventi-fvg","tag-futurismo","tag-go2025","tag-gorizia","tag-mostra","post_format-post-format-image"],"rttpg_featured_image_url":{"full":["https:\/\/imagazine.it\/wp-content\/uploads\/2024\/02\/Presentazione-Crali.jpg",1366,668,false],"landscape":["https:\/\/imagazine.it\/wp-content\/uploads\/2024\/02\/Presentazione-Crali.jpg",1366,668,false],"portraits":["https:\/\/imagazine.it\/wp-content\/uploads\/2024\/02\/Presentazione-Crali.jpg",1366,668,false],"thumbnail":["https:\/\/imagazine.it\/wp-content\/uploads\/2024\/02\/Presentazione-Crali-150x150.jpg",150,150,true],"medium":["https:\/\/imagazine.it\/wp-content\/uploads\/2024\/02\/Presentazione-Crali-300x147.jpg",300,147,true],"large":["https:\/\/imagazine.it\/wp-content\/uploads\/2024\/02\/Presentazione-Crali-1024x501.jpg",640,313,true],"thumblist":["https:\/\/imagazine.it\/wp-content\/uploads\/2024\/02\/Presentazione-Crali-300x300.jpg",300,300,true],"thumbrelated":["https:\/\/imagazine.it\/wp-content\/uploads\/2024\/02\/Presentazione-Crali-500x500.jpg",500,500,true],"meccarouselthumb":["https:\/\/imagazine.it\/wp-content\/uploads\/2024\/02\/Presentazione-Crali-474x324.jpg",474,324,true],"gridsquare":["https:\/\/imagazine.it\/wp-content\/uploads\/2024\/02\/Presentazione-Crali-391x260.jpg",391,260,true],"tileview":["https:\/\/imagazine.it\/wp-content\/uploads\/2024\/02\/Presentazione-Crali-300x400.jpg",300,400,true],"1536x1536":["https:\/\/imagazine.it\/wp-content\/uploads\/2024\/02\/Presentazione-Crali.jpg",1366,668,false],"2048x2048":["https:\/\/imagazine.it\/wp-content\/uploads\/2024\/02\/Presentazione-Crali.jpg",1366,668,false],"newsup-slider-full":["https:\/\/imagazine.it\/wp-content\/uploads\/2024\/02\/Presentazione-Crali-1280x668.jpg",1280,668,true],"newsup-featured":["https:\/\/imagazine.it\/wp-content\/uploads\/2024\/02\/Presentazione-Crali-1024x501.jpg",1024,501,true],"newsup-medium":["https:\/\/imagazine.it\/wp-content\/uploads\/2024\/02\/Presentazione-Crali-720x380.jpg",720,380,true],"tptn_thumbnail":["https:\/\/imagazine.it\/wp-content\/uploads\/2024\/02\/Presentazione-Crali.jpg",250,122,false],"sow-carousel-default":["https:\/\/imagazine.it\/wp-content\/uploads\/2024\/02\/Presentazione-Crali.jpg",272,133,false]},"rttpg_author":{"display_name":"redazione","author_link":"https:\/\/imagazine.it\/home_desk\/author\/redazione\/"},"rttpg_comment":0,"rttpg_category":"<a href=\"https:\/\/imagazine.it\/home_desk\/category\/cultura-e-spettacolo\/\" rel=\"category tag\">CULTURA&amp;SPETTACOLO<\/a>","rttpg_excerpt":"Con oltre 200 opere sar\u00e0 la pi\u00f9 grande esposizione in Friuli Venezia Giulia dedicata all'artista. Inaugurazione ad aprile","_links":{"self":[{"href":"https:\/\/imagazine.it\/home_desk\/wp-json\/wp\/v2\/posts\/51742","targetHints":{"allow":["GET"]}}],"collection":[{"href":"https:\/\/imagazine.it\/home_desk\/wp-json\/wp\/v2\/posts"}],"about":[{"href":"https:\/\/imagazine.it\/home_desk\/wp-json\/wp\/v2\/types\/post"}],"author":[{"embeddable":true,"href":"https:\/\/imagazine.it\/home_desk\/wp-json\/wp\/v2\/users\/28"}],"replies":[{"embeddable":true,"href":"https:\/\/imagazine.it\/home_desk\/wp-json\/wp\/v2\/comments?post=51742"}],"version-history":[{"count":0,"href":"https:\/\/imagazine.it\/home_desk\/wp-json\/wp\/v2\/posts\/51742\/revisions"}],"wp:featuredmedia":[{"embeddable":true,"href":"https:\/\/imagazine.it\/home_desk\/wp-json\/wp\/v2\/media\/51743"}],"wp:attachment":[{"href":"https:\/\/imagazine.it\/home_desk\/wp-json\/wp\/v2\/media?parent=51742"}],"wp:term":[{"taxonomy":"category","embeddable":true,"href":"https:\/\/imagazine.it\/home_desk\/wp-json\/wp\/v2\/categories?post=51742"},{"taxonomy":"post_tag","embeddable":true,"href":"https:\/\/imagazine.it\/home_desk\/wp-json\/wp\/v2\/tags?post=51742"}],"curies":[{"name":"wp","href":"https:\/\/api.w.org\/{rel}","templated":true}]}}