{"id":51727,"date":"2024-02-21T10:48:47","date_gmt":"2024-02-21T09:48:47","guid":{"rendered":"https:\/\/imagazine.it\/home_desk\/?p=51727"},"modified":"2024-02-22T12:41:36","modified_gmt":"2024-02-22T11:41:36","slug":"cividale-inondata-di-domande-per-mittelyoung","status":"publish","type":"post","link":"https:\/\/imagazine.it\/home_desk\/cividale-inondata-di-domande-per-mittelyoung\/","title":{"rendered":"Cividale inondata di domande per Mittelyoung"},"content":{"rendered":"<p><em><span style=\"font-size: 10pt;\">Giacomo Pedini (\u00a9 Luca D\u2019Agostino &#8211; Phocus Agency)<\/span><\/em><\/p>\n<p>CIVIDALE DEL FRIULI \u2013 Sono 250 le domande arrivate per partecipare alla quarta edizione di <strong><em>Mittelyoung<\/em><\/strong>, il palcoscenico di Mittelfest riservato alla <strong>nuova giovent\u00f9 artistica europea<\/strong> che andr\u00e0 in scena <strong>dal 16 al 18 luglio<\/strong>.<\/p>\n<p>Un numero mai raggiunto in precedenza, <strong>quasi il 50% in pi\u00f9 rispetto alle 169 del 2023<\/strong>: le candidature sono arrivate da 27 Paesi, non solo della Mitteleuropa ma anche da pi\u00f9 lontano, dalla Gran Bretagna e da Israele, per esempio, ma anche da Stati Uniti e Corea, paesi che non potranno essere ammessi alla selezione perch\u00e9 esterni alla geografia di Mittelfest.<\/p>\n<p><strong>Sono 108 le domande provenienti dall\u2019Italia mentre le altre 142 dall\u2019estero <\/strong>per un totale di 20 Paesi ammessi alla selezione, ovvero Albania, Austria, Belgio, Bielorussia, Croazia, Estonia, Germania, Grecia, Lettonia, Lituania, Macedonia del Nord, Paesi Bassi, Polonia, Repubblica Ceca, Romania, Serbia, Slovacchia, Slovenia, Ucraina, Ungheria. <strong>Germania e Paesi Bassi sono i paesi con il maggior numero di candidature<\/strong>, rispettivamente 29 e 19.<\/p>\n<p><em>\u201cIl risultato della open call \u2013 <\/em>commenta il direttore artistico, <strong>Giacomo<\/strong> <strong>Pedini<\/strong> \u2013<em> \u00e8 straordinario non solo per il numero di domande, ma anche per la provenienza cos\u00ec estesa e da paesi cos\u00ec lontani, per quanto non eligibili.<\/em> <em>\u00c8 l\u2019evidenza che, in soli quattro anni, Mittelyoung \u00e8 saldamente riconosciuto come tappa internazionale fondamentale per chi si sta affacciando professionalmente alle arti performative. Sar\u00e0 davvero una grande sfida per gli oltre 30 curatores che dovranno selezionare i 9 spettacoli\u201d. <\/em><\/p>\n<p>Il lavoro passa subito al gruppo dei <em>curatores<\/em>, anch\u2019essi under 30: valuteranno quasi 100 proposte di teatro e di danza, oltre 50 di musica e una ventina di circo per formare il cartellone di Mittelyoung 2024 composto da 9 spettacoli che dovranno raccontare i <em>Disordini<\/em>, tema scelto da Pedini per raccontare il rapporto tra destino, caos e responsabilit\u00e0 delle scelte individuali.<\/p>\n<p>E saranno gli stessi <em>curatores<\/em>, coordinati dalla direzione artistica, a selezionare i 3 spettacoli vincitori che avranno la possibilit\u00e0 di tornare in scena all\u2019interno del cartellone Mittelfest dal 19 al 28 luglio.<\/p>\n<p><em>\u201cMittelyoung <\/em>\u2013 sottolinea la presidente <strong>Cristina<\/strong> <strong>Mattiussi<\/strong> \u2013 <em>rappresenta una grande vittoria di Mittelfest: partito nel 2021 come una scommessa, oggi ne suggella la visione per il futuro come catalizzatore della migliore offerta artistica internazionale, come ponte tra i confini mitteleuropei e come fucina di giovani talenti\u201d. <\/em><\/p>\n<p>Il gruppo di curatrici e curatori (curatores) under 30 \u00e8 costruito grazie alla collaborazione con Associazione culturale Arearea, Civica Accademia d\u2019Arte Drammatica Nico Pepe, Conservatorio Statale di Musica Giuseppe Tartini di Trieste, Conservatorio Statale di Musica Jacopo Tomadini di Udine, Fondazione Luigi Bon, Universit\u00e0 degli Studi di Trieste, Universit\u00e0 degli Studi di Udine, e anche Associazione culturale Circo all\u2019incirca, Associazione culturale Quarantasettezeroquattro, Associazione giovanile Robida, Convitto Nazionale Paolo Diacono, Istituto Tecnico Arturo Malignani, Scuola di Danza Erica Bront, Teatro Club Udine \u2013 Palio Teatrale Studentesco. Inoltre, faranno parte del gruppo di curatores alcune persone selezionate dal SNG Nova Gorica (Slovenia).<\/p>\n","protected":false},"excerpt":{"rendered":"<p>Record di richieste di partecipazione al festival riservato alla nuova giovent\u00f9 artistica europea. Curatores al lavoro per selezionare i 9 spettacoli del cartellone <\/p>\n","protected":false},"author":28,"featured_media":51728,"comment_status":"closed","ping_status":"closed","sticky":false,"template":"","format":"image","meta":{"dwc-title":[""],"dwc-content":[""],"footnotes":""},"categories":[37],"tags":[165,170,824,82,823,822,821,52],"class_list":["post-51727","post","type-post","status-publish","format-image","has-post-thumbnail","hentry","category-cultura-e-spettacolo","tag-arte","tag-cividale","tag-curatores","tag-fvg","tag-mittelfest","tag-mittelyoung","tag-spettacoli","tag-teatro","post_format-post-format-image"],"rttpg_featured_image_url":{"full":["https:\/\/imagazine.it\/wp-content\/uploads\/2024\/02\/giacomo-pedini.jpg",1366,857,false],"landscape":["https:\/\/imagazine.it\/wp-content\/uploads\/2024\/02\/giacomo-pedini.jpg",1366,857,false],"portraits":["https:\/\/imagazine.it\/wp-content\/uploads\/2024\/02\/giacomo-pedini.jpg",1366,857,false],"thumbnail":["https:\/\/imagazine.it\/wp-content\/uploads\/2024\/02\/giacomo-pedini-150x150.jpg",150,150,true],"medium":["https:\/\/imagazine.it\/wp-content\/uploads\/2024\/02\/giacomo-pedini-300x188.jpg",300,188,true],"large":["https:\/\/imagazine.it\/wp-content\/uploads\/2024\/02\/giacomo-pedini-1024x642.jpg",640,401,true],"thumblist":["https:\/\/imagazine.it\/wp-content\/uploads\/2024\/02\/giacomo-pedini-300x300.jpg",300,300,true],"thumbrelated":["https:\/\/imagazine.it\/wp-content\/uploads\/2024\/02\/giacomo-pedini-500x500.jpg",500,500,true],"meccarouselthumb":["https:\/\/imagazine.it\/wp-content\/uploads\/2024\/02\/giacomo-pedini-474x324.jpg",474,324,true],"gridsquare":["https:\/\/imagazine.it\/wp-content\/uploads\/2024\/02\/giacomo-pedini-391x260.jpg",391,260,true],"tileview":["https:\/\/imagazine.it\/wp-content\/uploads\/2024\/02\/giacomo-pedini-300x400.jpg",300,400,true],"1536x1536":["https:\/\/imagazine.it\/wp-content\/uploads\/2024\/02\/giacomo-pedini.jpg",1366,857,false],"2048x2048":["https:\/\/imagazine.it\/wp-content\/uploads\/2024\/02\/giacomo-pedini.jpg",1366,857,false],"newsup-slider-full":["https:\/\/imagazine.it\/wp-content\/uploads\/2024\/02\/giacomo-pedini-1280x720.jpg",1280,720,true],"newsup-featured":["https:\/\/imagazine.it\/wp-content\/uploads\/2024\/02\/giacomo-pedini-1024x642.jpg",1024,642,true],"newsup-medium":["https:\/\/imagazine.it\/wp-content\/uploads\/2024\/02\/giacomo-pedini-720x380.jpg",720,380,true],"tptn_thumbnail":["https:\/\/imagazine.it\/wp-content\/uploads\/2024\/02\/giacomo-pedini.jpg",250,157,false],"sow-carousel-default":["https:\/\/imagazine.it\/wp-content\/uploads\/2024\/02\/giacomo-pedini.jpg",272,171,false]},"rttpg_author":{"display_name":"redazione","author_link":"https:\/\/imagazine.it\/home_desk\/author\/redazione\/"},"rttpg_comment":0,"rttpg_category":"<a href=\"https:\/\/imagazine.it\/home_desk\/category\/cultura-e-spettacolo\/\" rel=\"category tag\">CULTURA&amp;SPETTACOLO<\/a>","rttpg_excerpt":"Record di richieste di partecipazione al festival riservato alla nuova giovent\u00f9 artistica europea. Curatores al lavoro per selezionare i 9 spettacoli del cartellone","_links":{"self":[{"href":"https:\/\/imagazine.it\/home_desk\/wp-json\/wp\/v2\/posts\/51727","targetHints":{"allow":["GET"]}}],"collection":[{"href":"https:\/\/imagazine.it\/home_desk\/wp-json\/wp\/v2\/posts"}],"about":[{"href":"https:\/\/imagazine.it\/home_desk\/wp-json\/wp\/v2\/types\/post"}],"author":[{"embeddable":true,"href":"https:\/\/imagazine.it\/home_desk\/wp-json\/wp\/v2\/users\/28"}],"replies":[{"embeddable":true,"href":"https:\/\/imagazine.it\/home_desk\/wp-json\/wp\/v2\/comments?post=51727"}],"version-history":[{"count":0,"href":"https:\/\/imagazine.it\/home_desk\/wp-json\/wp\/v2\/posts\/51727\/revisions"}],"wp:featuredmedia":[{"embeddable":true,"href":"https:\/\/imagazine.it\/home_desk\/wp-json\/wp\/v2\/media\/51728"}],"wp:attachment":[{"href":"https:\/\/imagazine.it\/home_desk\/wp-json\/wp\/v2\/media?parent=51727"}],"wp:term":[{"taxonomy":"category","embeddable":true,"href":"https:\/\/imagazine.it\/home_desk\/wp-json\/wp\/v2\/categories?post=51727"},{"taxonomy":"post_tag","embeddable":true,"href":"https:\/\/imagazine.it\/home_desk\/wp-json\/wp\/v2\/tags?post=51727"}],"curies":[{"name":"wp","href":"https:\/\/api.w.org\/{rel}","templated":true}]}}