{"id":51631,"date":"2024-02-19T16:47:32","date_gmt":"2024-02-19T15:47:32","guid":{"rendered":"https:\/\/imagazine.it\/home_desk\/?p=51631"},"modified":"2024-02-21T10:21:40","modified_gmt":"2024-02-21T09:21:40","slug":"corima-awards-cervignano-premia-i-modelli-virtuosi","status":"publish","type":"post","link":"https:\/\/imagazine.it\/home_desk\/corima-awards-cervignano-premia-i-modelli-virtuosi\/","title":{"rendered":"Corima Awards, Cervignano premia i modelli virtuosi"},"content":{"rendered":"<p>CERVIGNANO DEL FRIULI \u2013 Ufficializzati i vincitori della <a href=\"https:\/\/imagazine.it\/home_desk\/cervignano-tornano-i-corima-awards\/\">nona edizione dei <strong>Corima Awards<\/strong><\/a>, che saranno assegnati <strong>venerd\u00ec 23 febbraio <\/strong>in Casa della Musica a Cervignano, nell&#8217;ambito di una serata evento che inizier\u00e0 ufficialmente alle ore 20 ma che sar\u00e0 anticipata da un aperitivo a km 0 a partire dalle ore 19.<\/p>\n<p>Come di consueto attraverso questi riconoscimenti l\u2019associazione Corima intende premiare singoli, associazioni, enti che si sono distinti nei pilastri fondanti del\u00a0proprio statuto: sostegno a distanza\/vicinanza, sociale, sostenibilit\u00e0 ambientale, politiche\u00a0sostenibili, diritti umani, stili di vita virtuosi, commercio equo e solidale.<\/p>\n<h3>I vincitori<\/h3>\n<p>Dopo le segnalazioni fatte pervenire dalla cittadinanza, il direttivo ha stabilito i destinatari dei riconoscimenti.<\/p>\n<p>Per la categoria \u201cSostegno a distanza\/vicinanza\u201d il premio verr\u00e0 assegnato al <strong>gruppo Agesci Cervignano 1<\/strong>: \u201c<em>Sostenere a distanza \u00e8 una forma di solidariet\u00e0 basata sul dono e sullo scambio e consiste in una forma di aiuto a persone che vivono in povert\u00e0 estrema e a rischio di emarginazione ed esclusione sociale.\u00a0 La cosa pi\u00f9 complicata \u00e8 darvi continuit\u00e0 nel tempo.\u00a0Sostenere significa prima di tutto dare fiducia e sicurezza a chi ha bisogno.\u00a0Questo premio vogliamo affidarlo con gioia al gruppo AGESCI scout Cervignano 1 che ormai, da un considerevole numero di anni, continua a sostenere diverse realt\u00e0 anche e non solo a ricordo di tanti compagni di strada<\/em>\u201d.<\/p>\n<p>Per la categoria \u201cAmbiente\u201d il premio verr\u00e0 assegnato al <strong>Liceo scientifico \u201cAlbert Einstein\u201d<\/strong>: \u201c<em>Promuovere una maggior consapevolezza ambientale, educando i futuri cittadini all&#8217;importanza della corretta gestione dei rifiuti e del riciclo \u00e8 doveroso quanto necessario. Attraverso i GREEN GAME negli ultimi 11 anni sono stati ideati progetti meravigliosi coinvolgendo migliaia di studenti, insegnanti e famiglie su tutto il territorio nazionale. Siamo fieri e soprattutto grati di annunciare che anche l&#8217;ISIS della Bassa Friulana ed in particolar modo la sede del liceo Einstein di Cervignano ha saputo contraddistinguersi. Un grazie sincero agli insegnanti che, da preziosi educatori, accompagnano le nuove generazioni verso una consapevolezza di queste tematiche di cui tutti noi avremmo bisogno<\/em>\u201d.<\/p>\n<p>Per la categoria \u201cCommercio equosolidale\u201d il premio verr\u00e0 assegnato a <strong>Degustiamo<\/strong>, di <strong>Renzo Florit<\/strong>: \u201c<em>I<\/em><em>l commercio equo e solidale \u00e8 una forma di commercio che ha lo scopo di garantire al produttore, e ai suoi dipendenti, un prezzo pi\u00f9 giusto, assicurando anche la tutela del territorio. Vogliamo premiare chi, con passione e grande tenacia, vive la propria attivit\u00e0 imprenditoriale alla costante ricerca di realt\u00e0 territoriali eque e giuste.\u00a0 Qualit\u00e0 del prodotto in primis, ma non solo, perch\u00e8 l&#8217;equit\u00e0 viaggia a pari passo con il rispetto. Per questo e non solo questo riconoscimento viene affidato a\u00a0Degustiamo\u00a0e all&#8217;instancabile Renzo Florit<\/em>\u201d.<\/p>\n<p>Per la categoria \u201cSociale\u201d il premio verr\u00e0 assegnato a <strong>Livia Musclot<\/strong>: \u201c<em>Per il lavoro costante svolto nel corso di tanti anni nei confronti di individui e famiglie straniere. Livia ha offerto accoglienza senza distinzione di et\u00e0, sesso, condizione sociale, provenienza. Ha assistito queste persone nell&#8217;apprendimento della lingua italiana, le ha sostenute sul piano psicologico guidandole spesso anche nelle pratiche burocratiche<\/em>\u201d.<\/p>\n<p>Il premio \u201cDiritti umani\u201d verr\u00e0 assegnato alla Comunit\u00e0 per minori stranieri non accompagnati <strong>OIKOS<\/strong>, \u201c<em>Tutti gli esseri umani nascono liberi ed eguali in dignit\u00e0 e diritti. Essi sono dotati di ragione e di coscienza e devono agire gli uni verso gli altri in spirito di fratellanza<\/em> <em>(Articolo 1 della Dichiarazione Universale dei Diritti Umani)<\/em>\u201d.<\/p>\n<p>Il premio \u201cStili di vita\u201d verr\u00e0 assegnato a <strong>\u201cI Piedini della Notte della Bassa friulana\u201d e Paola Tognon<\/strong>: \u201c<em>Prendersi cura di s\u00e9 deve essere un gesto quotidiano.\u00a0In un mondo frenetico e impazzito come il nostro, la capacit\u00e0 di restare connessi con il proprio corpo ci porta a muovere passi meravigliosi verso uno stile di vita pi\u00f9 sano. Muovere questi passi condividendo un tratto di strada con altre persone ci permette di sperimentare la bont\u00e0 del movimento e la gioia della condivisione. Per questo vogliamo premiare un gruppo spontaneo che nel tempo di strada ne ha fatta veramente tanta, testimoniando che uno stile di vita pi\u00f9 sano \u00e8 possibile ed \u00e8 anche pi\u00f9 divertente<\/em>\u201d.<\/p>\n<h3><div id=\"metaslider-id-51633\" style=\"max-width: 1000px; margin: 0 auto;\" class=\"ml-slider-3-108-0 metaslider metaslider-flex metaslider-51633 ml-slider ms-theme-default nav-hidden\" role=\"region\" aria-label=\"Corima Awards 2024\" data-height=\"750\" data-width=\"1000\">\n    <div id=\"metaslider_container_51633\">\n        <div id=\"metaslider_51633\">\n            <ul class='slides'>\n                <li style=\"display: block; width: 100%;\" class=\"slide-51639 ms-image \" aria-roledescription=\"slide\" data-date=\"2024-02-19 16:45:22\" data-filename=\"liceo.jpeg\" data-slide-type=\"image\"><img loading=\"lazy\" decoding=\"async\" width=\"1217\" height=\"1043\" src=\"https:\/\/imagazine.it\/wp-content\/uploads\/2024\/02\/liceo.jpeg\" class=\"slider-51633 slide-51639 msDefaultImage\" alt=\"Corima Awards 2024\" rel=\"\" title=\"Il Liceo Einstein\" srcset=\"https:\/\/imagazine.it\/wp-content\/uploads\/2024\/02\/liceo.jpeg 1217w, https:\/\/imagazine.it\/wp-content\/uploads\/2024\/02\/liceo-300x257.jpeg 300w, https:\/\/imagazine.it\/wp-content\/uploads\/2024\/02\/liceo-1024x878.jpeg 1024w, https:\/\/imagazine.it\/wp-content\/uploads\/2024\/02\/liceo-768x658.jpeg 768w\" sizes=\"auto, (max-width: 1217px) 100vw, 1217px\" \/><div class=\"caption-wrap\"><div class=\"caption\">Il Liceo Einstein<\/div><\/div><\/li>\n                <li style=\"display: none; width: 100%;\" class=\"slide-51640 ms-image \" aria-roledescription=\"slide\" data-date=\"2024-02-19 16:45:23\" data-filename=\"oikos.jpeg\" data-slide-type=\"image\"><img loading=\"lazy\" decoding=\"async\" width=\"1366\" height=\"830\" src=\"https:\/\/imagazine.it\/wp-content\/uploads\/2024\/02\/oikos.jpeg\" class=\"slider-51633 slide-51640 msDefaultImage\" alt=\"\" rel=\"\" title=\"oikos\" srcset=\"https:\/\/imagazine.it\/wp-content\/uploads\/2024\/02\/oikos.jpeg 1366w, https:\/\/imagazine.it\/wp-content\/uploads\/2024\/02\/oikos-300x182.jpeg 300w, https:\/\/imagazine.it\/wp-content\/uploads\/2024\/02\/oikos-1024x622.jpeg 1024w, https:\/\/imagazine.it\/wp-content\/uploads\/2024\/02\/oikos-768x467.jpeg 768w\" sizes=\"auto, (max-width: 1366px) 100vw, 1366px\"><div class=\"caption-wrap\"><div class=\"caption\">L'inaugurazione di OIKOS<\/div><\/div><\/li>\n                <li style=\"display: none; width: 100%;\" class=\"slide-51641 ms-image \" aria-roledescription=\"slide\" data-date=\"2024-02-19 16:45:24\" data-filename=\"renzo-florit.jpeg\" data-slide-type=\"image\"><img loading=\"lazy\" decoding=\"async\" width=\"768\" height=\"1024\" src=\"https:\/\/imagazine.it\/wp-content\/uploads\/2024\/02\/renzo-florit.jpeg\" class=\"slider-51633 slide-51641 msDefaultImage\" alt=\"\" rel=\"\" title=\"renzo florit\" srcset=\"https:\/\/imagazine.it\/wp-content\/uploads\/2024\/02\/renzo-florit.jpeg 768w, https:\/\/imagazine.it\/wp-content\/uploads\/2024\/02\/renzo-florit-225x300.jpeg 225w, https:\/\/imagazine.it\/wp-content\/uploads\/2024\/02\/renzo-florit-300x400.jpeg 300w\" sizes=\"auto, (max-width: 768px) 100vw, 768px\"><div class=\"caption-wrap\"><div class=\"caption\">Renzo Florit<\/div><\/div><\/li>\n                <li style=\"display: none; width: 100%;\" class=\"slide-51642 ms-image \" aria-roledescription=\"slide\" data-date=\"2024-02-19 16:45:25\" data-filename=\"scout.jpeg\" data-slide-type=\"image\"><img loading=\"lazy\" decoding=\"async\" width=\"1366\" height=\"767\" src=\"https:\/\/imagazine.it\/wp-content\/uploads\/2024\/02\/scout.jpeg\" class=\"slider-51633 slide-51642 msDefaultImage\" alt=\"\" rel=\"\" title=\"scout\" srcset=\"https:\/\/imagazine.it\/wp-content\/uploads\/2024\/02\/scout.jpeg 1366w, https:\/\/imagazine.it\/wp-content\/uploads\/2024\/02\/scout-300x168.jpeg 300w, https:\/\/imagazine.it\/wp-content\/uploads\/2024\/02\/scout-1024x575.jpeg 1024w, https:\/\/imagazine.it\/wp-content\/uploads\/2024\/02\/scout-768x431.jpeg 768w, https:\/\/imagazine.it\/wp-content\/uploads\/2024\/02\/scout-1280x720.jpeg 1280w\" sizes=\"auto, (max-width: 1366px) 100vw, 1366px\"><div class=\"caption-wrap\"><div class=\"caption\">Rappresentati del Gruppo Agesci Cervignano 1<\/div><\/div><\/li>\n                <li style=\"display: none; width: 100%;\" class=\"slide-51643 ms-image \" aria-roledescription=\"slide\" data-date=\"2024-02-19 16:45:26\" data-filename=\"decalogo.jpeg\" data-slide-type=\"image\"><img loading=\"lazy\" decoding=\"async\" width=\"638\" height=\"903\" src=\"https:\/\/imagazine.it\/wp-content\/uploads\/2024\/02\/decalogo.jpeg\" class=\"slider-51633 slide-51643 msDefaultImage\" alt=\"\" rel=\"\" title=\"decalogo\" srcset=\"https:\/\/imagazine.it\/wp-content\/uploads\/2024\/02\/decalogo.jpeg 638w, https:\/\/imagazine.it\/wp-content\/uploads\/2024\/02\/decalogo-212x300.jpeg 212w\" sizes=\"auto, (max-width: 638px) 100vw, 638px\"><div class=\"caption-wrap\"><div class=\"caption\">Il decalogo di \"M'illumino di meno\"<\/div><\/div><\/li>\n            <\/ul>\n        <\/div>\n        \n    <\/div>\n<\/div><\/h3>\n<h3>Una serata, tante emozioni<\/h3>\n<p>\u201cProprio quest\u2019ultimo premio \u2013 rende noto il referente di Corima, <strong>Luca Negro<\/strong> \u2013 da quest\u2019anno sar\u00e0 <strong>intitolato alla figura di Angelica Biancaniello<\/strong>, giovane commerciante cervignanese prematuramente scomparsa\u201d.<\/p>\n<p>Nel corso della serata, <a href=\"https:\/\/imagazine.it\/home_desk\/uolter-e-maxino-risate-e-solidarieta\/\">ospiti speciali saranno <strong>i comici triestini \u201cDomace\u201d<\/strong><\/a> (alias Maxino, Flavio Furian ed Elisa Bombacigno) che allieteranno il pubblico con i loro siparietti divenuti virali sui social.<\/p>\n<p>I Corima Awards ritornano dopo lo stop pandemico. Proprio per motivi sanitari la premiazione dei vincitori 2019 non si svolse a febbraio 2020. I vincitori di allora, che saranno premiati il 23 febbraio, furono: la <strong>Croce Verde Basso Friuli<\/strong>, le <strong>insegnanti dell\u2019Istituto comprensivo di Cervignano<\/strong>, il <strong>Borgo Muscoli<\/strong>, gli <strong>operatori della Casa di Riposo \u201cValentino Sarcinelli\u201d<\/strong> e la professoressa <strong>Carla Di Bert<\/strong>.<\/p>\n<p>Come tradizione, infine, i Corima Awards sono organizzati nell\u2019ambito dell\u2019evento nazionale \u201c<strong><em>M\u2019Illumino di Meno<\/em><\/strong>\u201d, svoltosi la scorsa settimana e al quale avevano attivamente partecipato sia la <strong>Casa di Riposo Sarcinelli<\/strong> sia la <strong>Biblioteca comunale <\/strong>intitolata a \u201cGiuseppe Zigaina\u201d.<\/p>\n<p>E proprio a Zigaina e a un altro cervignanese illustra, Giovanni Biavi, sono dedicate le due <a href=\"https:\/\/imagazine.it\/home_desk\/il-calendario-di-cervignano-a-sostegno-dellorto-sociale\/\">sagome a grandezza naturale realizzate grazie ai proventi del Calendario Solidale<\/a> promosso proprio da Corima. Entrambe le sagome saranno donate al Comune di Cervignano che avr\u00e0 il compito di individuare gli spazi pi\u00f9 idonei dove collocarle.<\/p>\n","protected":false},"excerpt":{"rendered":"<p>Ecco i nomi dei vincitori. Il riconoscimento \u201cstili di vita virtuosi\u201d da quest\u2019anno sar\u00e0 intitolato alla memoria di Angelica Biancaniello. Ospiti della serata i comici triestini Domace<\/p>\n","protected":false},"author":28,"featured_media":51645,"comment_status":"closed","ping_status":"closed","sticky":false,"template":"","format":"image","meta":{"dwc-title":[""],"dwc-content":[""],"footnotes":""},"categories":[6],"tags":[119,566,540,145],"class_list":["post-51631","post","type-post","status-publish","format-image","has-post-thumbnail","hentry","category-societa","tag-cervignano","tag-corima","tag-premi","tag-solidarieta","post_format-post-format-image"],"rttpg_featured_image_url":{"full":["https:\/\/imagazine.it\/wp-content\/uploads\/2024\/02\/piedini-1.jpeg",1366,608,false],"landscape":["https:\/\/imagazine.it\/wp-content\/uploads\/2024\/02\/piedini-1.jpeg",1366,608,false],"portraits":["https:\/\/imagazine.it\/wp-content\/uploads\/2024\/02\/piedini-1.jpeg",1366,608,false],"thumbnail":["https:\/\/imagazine.it\/wp-content\/uploads\/2024\/02\/piedini-1-150x150.jpeg",150,150,true],"medium":["https:\/\/imagazine.it\/wp-content\/uploads\/2024\/02\/piedini-1-300x134.jpeg",300,134,true],"large":["https:\/\/imagazine.it\/wp-content\/uploads\/2024\/02\/piedini-1-1024x456.jpeg",640,285,true],"thumblist":["https:\/\/imagazine.it\/wp-content\/uploads\/2024\/02\/piedini-1-300x300.jpeg",300,300,true],"thumbrelated":["https:\/\/imagazine.it\/wp-content\/uploads\/2024\/02\/piedini-1-500x500.jpeg",500,500,true],"meccarouselthumb":["https:\/\/imagazine.it\/wp-content\/uploads\/2024\/02\/piedini-1-474x324.jpeg",474,324,true],"gridsquare":["https:\/\/imagazine.it\/wp-content\/uploads\/2024\/02\/piedini-1-391x260.jpeg",391,260,true],"tileview":["https:\/\/imagazine.it\/wp-content\/uploads\/2024\/02\/piedini-1-300x400.jpeg",300,400,true],"1536x1536":["https:\/\/imagazine.it\/wp-content\/uploads\/2024\/02\/piedini-1.jpeg",1366,608,false],"2048x2048":["https:\/\/imagazine.it\/wp-content\/uploads\/2024\/02\/piedini-1.jpeg",1366,608,false],"newsup-slider-full":["https:\/\/imagazine.it\/wp-content\/uploads\/2024\/02\/piedini-1-1280x608.jpeg",1280,608,true],"newsup-featured":["https:\/\/imagazine.it\/wp-content\/uploads\/2024\/02\/piedini-1-1024x456.jpeg",1024,456,true],"newsup-medium":["https:\/\/imagazine.it\/wp-content\/uploads\/2024\/02\/piedini-1-720x380.jpeg",720,380,true],"tptn_thumbnail":["https:\/\/imagazine.it\/wp-content\/uploads\/2024\/02\/piedini-1.jpeg",250,111,false],"sow-carousel-default":["https:\/\/imagazine.it\/wp-content\/uploads\/2024\/02\/piedini-1.jpeg",272,121,false]},"rttpg_author":{"display_name":"redazione","author_link":"https:\/\/imagazine.it\/home_desk\/author\/redazione\/"},"rttpg_comment":0,"rttpg_category":"<a href=\"https:\/\/imagazine.it\/home_desk\/category\/societa\/\" rel=\"category tag\">SOCIET\u00c0<\/a>","rttpg_excerpt":"Ecco i nomi dei vincitori. Il riconoscimento \u201cstili di vita virtuosi\u201d da quest\u2019anno sar\u00e0 intitolato alla memoria di Angelica Biancaniello. Ospiti della serata i comici triestini Domace","_links":{"self":[{"href":"https:\/\/imagazine.it\/home_desk\/wp-json\/wp\/v2\/posts\/51631","targetHints":{"allow":["GET"]}}],"collection":[{"href":"https:\/\/imagazine.it\/home_desk\/wp-json\/wp\/v2\/posts"}],"about":[{"href":"https:\/\/imagazine.it\/home_desk\/wp-json\/wp\/v2\/types\/post"}],"author":[{"embeddable":true,"href":"https:\/\/imagazine.it\/home_desk\/wp-json\/wp\/v2\/users\/28"}],"replies":[{"embeddable":true,"href":"https:\/\/imagazine.it\/home_desk\/wp-json\/wp\/v2\/comments?post=51631"}],"version-history":[{"count":0,"href":"https:\/\/imagazine.it\/home_desk\/wp-json\/wp\/v2\/posts\/51631\/revisions"}],"wp:featuredmedia":[{"embeddable":true,"href":"https:\/\/imagazine.it\/home_desk\/wp-json\/wp\/v2\/media\/51645"}],"wp:attachment":[{"href":"https:\/\/imagazine.it\/home_desk\/wp-json\/wp\/v2\/media?parent=51631"}],"wp:term":[{"taxonomy":"category","embeddable":true,"href":"https:\/\/imagazine.it\/home_desk\/wp-json\/wp\/v2\/categories?post=51631"},{"taxonomy":"post_tag","embeddable":true,"href":"https:\/\/imagazine.it\/home_desk\/wp-json\/wp\/v2\/tags?post=51631"}],"curies":[{"name":"wp","href":"https:\/\/api.w.org\/{rel}","templated":true}]}}