{"id":51487,"date":"2024-02-14T11:18:18","date_gmt":"2024-02-14T10:18:18","guid":{"rendered":"https:\/\/imagazine.it\/home_desk\/?p=51487"},"modified":"2024-02-14T15:15:00","modified_gmt":"2024-02-14T14:15:00","slug":"le-tinte-friulane-del-festival-di-sanremo","status":"publish","type":"post","link":"https:\/\/imagazine.it\/home_desk\/le-tinte-friulane-del-festival-di-sanremo\/","title":{"rendered":"Le tinte friulane del Festival di Sanremo"},"content":{"rendered":"<p><span style=\"font-size: 10pt;\"><em>Fred de Palma e Monica Zinutti di Angel\u2019s Wings<\/em><\/span><\/p>\n<p>Il sipario si \u00e8 abbassato sul 74\u00b0 Festival di Sanremo, lasciando dietro di s\u00e9 un vortice di luci, colori e note musicali.<\/p>\n<p>Sul palco del Teatro Ariston hanno brillato anche stelle friulane con il direttore d\u2019orchestra <strong>Enrico Brun<\/strong>, che non solo ha accompagnato Maninni ma \u00e8 anche co-autore del brano.<\/p>\n<p>Presentato in gara, inoltre, il <strong>Piccolo Coro Artemia di Torviscosa<\/strong> che ha condiviso l&#8217;emozione del palco cantando insieme ad <strong>Annalisa<\/strong> e <strong>La Rappresentante di Lista<\/strong> durante la serata dedicata alle cover.<\/p>\n<p>Ma cosa accade dietro le quinte, nelle sale stampa blindate, dove si tessono le trame delle notizie destinate al grande pubblico? E cosa ruota attorno al Festival nelle vie di tutta la citt\u00e0?<\/p>\n<p>I due epicentri dell&#8217;informazione sono il Roof al <strong>Teatro Ariston<\/strong> e la sala Lucio Dalla al <strong>Palafiori<\/strong>. Da qui, oltre 1.300 giornalisti provenienti da ogni angolo d&#8217;Italia e oltre, si lanciano nel compito di coprire ogni aspetto del Festival, dalle esibizioni degli artisti ai retroscena delle serate, dalle interviste agli ospiti alle curiosit\u00e0 pi\u00f9 intriganti sui protagonisti dell&#8217;evento pi\u00f9 atteso della scena musicale italiana.<\/p>\n<p>Dalle 10 del mattino fino alla chiusura della diretta serale, i giornalisti catturano ogni conferenza e intervista, inviando alle loro redazioni notizie appena ascoltate ed elaborate. In questa 74\u00aa edizione, l&#8217;attenzione si \u00e8 concentrata sull&#8217;ospitata di <strong>John Travolta<\/strong>, con il discusso &#8220;<em>Ballo del Qua Qua<\/em>&#8220;, e sul giovane <strong>Geolier<\/strong>, il cui posto in classifica \u00e8 stato ribaltato dalla sala stampa, che ha proclamato vincitrice <strong>Angelina Mango<\/strong>.<\/p>\n<p>Sanremo, durante la Settimana Santa del Festival, si trasforma in un vero vortice di eventi oltre alla manifestazione trainante. Le strade sono tappezzate di postazioni radio e persino nelle vetrine dei negozi sono ospitate interviste ai big e ai talenti emergenti. Diversi spazi sono allestiti per eventi canori, offrendo un&#8217;opportunit\u00e0 unica per chi cerca contatti e collaborazioni.<\/p>\n<p>Anche quest\u2019anno il palco galleggiante realizzato sulla nave di Costa Crociere, ancorata a breve distanza dal Teatro Ariston, ha ospitato grandi artisti. In collegamento diretto con il Teatro Ariston, grazie alle magistrali riprese a cura dell&#8217;azienda friulana <strong>Videe di Pordenone<\/strong>, i grandi nomi come <strong>Tedua<\/strong>, <strong>Bob Sinclar<\/strong>, <strong>Bresh<\/strong> e <strong>Gigi D&#8217;Agostino<\/strong> hanno regalato spettacoli entusiasmanti al pubblico.<\/p>\n<div id=\"metaslider-id-51489\" style=\"max-width: 1000px; margin: 0 auto;\" class=\"ml-slider-3-108-0 metaslider metaslider-flex metaslider-51489 ml-slider ms-theme-default nav-hidden\" role=\"region\" aria-label=\"Festival Sanremo 2024\" data-height=\"750\" data-width=\"1000\">\n    <div id=\"metaslider_container_51489\">\n        <div id=\"metaslider_51489\">\n            <ul class='slides'>\n                <li style=\"display: block; width: 100%;\" class=\"slide-51494 ms-image \" aria-roledescription=\"slide\" data-date=\"2024-02-14 11:16:35\" data-filename=\"IMG_5485.jpg\" data-slide-type=\"image\"><img loading=\"lazy\" decoding=\"async\" width=\"1000\" height=\"1162\" src=\"https:\/\/imagazine.it\/wp-content\/uploads\/2024\/02\/IMG_5485.jpg\" class=\"slider-51489 slide-51494 msDefaultImage\" alt=\"Ciro Barbato, direttore artistico di Casa Sanremo Live Box, Nico Odorico di Angel\u2019s Wings e Maria Puca\" rel=\"\" title=\"Ciro Barbato, direttore artistico di Casa Sanremo Live Box, Nico Odorico di Angel\u2019s Wings e Maria Puca\" srcset=\"https:\/\/imagazine.it\/wp-content\/uploads\/2024\/02\/IMG_5485.jpg 1000w, https:\/\/imagazine.it\/wp-content\/uploads\/2024\/02\/IMG_5485-258x300.jpg 258w, https:\/\/imagazine.it\/wp-content\/uploads\/2024\/02\/IMG_5485-881x1024.jpg 881w, https:\/\/imagazine.it\/wp-content\/uploads\/2024\/02\/IMG_5485-768x892.jpg 768w\" sizes=\"auto, (max-width: 1000px) 100vw, 1000px\" \/><div class=\"caption-wrap\"><div class=\"caption\">Ciro Barbato, direttore artistico di Casa Sanremo Live Box, Nico Odorico di Angel\u2019s Wings e Maria Puca<\/div><\/div><\/li>\n                <li style=\"display: none; width: 100%;\" class=\"slide-51495 ms-image \" aria-roledescription=\"slide\" data-date=\"2024-02-14 11:16:36\" data-filename=\"IMG_5514.jpg\" data-slide-type=\"image\"><img loading=\"lazy\" decoding=\"async\" width=\"1000\" height=\"1261\" src=\"https:\/\/imagazine.it\/wp-content\/uploads\/2024\/02\/IMG_5514.jpg\" class=\"slider-51489 slide-51495 msDefaultImage\" alt=\"\" rel=\"\" title=\"IMG_5514\" srcset=\"https:\/\/imagazine.it\/wp-content\/uploads\/2024\/02\/IMG_5514.jpg 1000w, https:\/\/imagazine.it\/wp-content\/uploads\/2024\/02\/IMG_5514-238x300.jpg 238w, https:\/\/imagazine.it\/wp-content\/uploads\/2024\/02\/IMG_5514-812x1024.jpg 812w, https:\/\/imagazine.it\/wp-content\/uploads\/2024\/02\/IMG_5514-768x968.jpg 768w\" sizes=\"auto, (max-width: 1000px) 100vw, 1000px\"><div class=\"caption-wrap\"><div class=\"caption\">Valda Jovanovic<\/div><\/div><\/li>\n                <li style=\"display: none; width: 100%;\" class=\"slide-51496 ms-image \" aria-roledescription=\"slide\" data-date=\"2024-02-14 11:16:37\" data-filename=\"20240207_181457.jpg\" data-slide-type=\"image\"><img loading=\"lazy\" decoding=\"async\" width=\"1000\" height=\"1545\" src=\"https:\/\/imagazine.it\/wp-content\/uploads\/2024\/02\/20240207_181457.jpg\" class=\"slider-51489 slide-51496 msDefaultImage\" alt=\"\" rel=\"\" title=\"20240207_181457\" srcset=\"https:\/\/imagazine.it\/wp-content\/uploads\/2024\/02\/20240207_181457.jpg 1000w, https:\/\/imagazine.it\/wp-content\/uploads\/2024\/02\/20240207_181457-194x300.jpg 194w, https:\/\/imagazine.it\/wp-content\/uploads\/2024\/02\/20240207_181457-663x1024.jpg 663w, https:\/\/imagazine.it\/wp-content\/uploads\/2024\/02\/20240207_181457-768x1187.jpg 768w, https:\/\/imagazine.it\/wp-content\/uploads\/2024\/02\/20240207_181457-994x1536.jpg 994w\" sizes=\"auto, (max-width: 1000px) 100vw, 1000px\"><div class=\"caption-wrap\"><div class=\"caption\">Nico Odorico e Monica Zinutti di Angel\u2019s Wings<\/div><\/div><\/li>\n                <li style=\"display: none; width: 100%;\" class=\"slide-51497 ms-image \" aria-roledescription=\"slide\" data-date=\"2024-02-14 11:16:37\" data-filename=\"20240208_112420.jpg\" data-slide-type=\"image\"><img loading=\"lazy\" decoding=\"async\" width=\"1000\" height=\"1380\" src=\"https:\/\/imagazine.it\/wp-content\/uploads\/2024\/02\/20240208_112420.jpg\" class=\"slider-51489 slide-51497 msDefaultImage\" alt=\"\" rel=\"\" title=\"20240208_112420\" srcset=\"https:\/\/imagazine.it\/wp-content\/uploads\/2024\/02\/20240208_112420.jpg 1000w, https:\/\/imagazine.it\/wp-content\/uploads\/2024\/02\/20240208_112420-217x300.jpg 217w, https:\/\/imagazine.it\/wp-content\/uploads\/2024\/02\/20240208_112420-742x1024.jpg 742w, https:\/\/imagazine.it\/wp-content\/uploads\/2024\/02\/20240208_112420-768x1060.jpg 768w\" sizes=\"auto, (max-width: 1000px) 100vw, 1000px\"><div class=\"caption-wrap\"><div class=\"caption\">Andrea Cia<\/div><\/div><\/li>\n            <\/ul>\n        <\/div>\n        \n    <\/div>\n<\/div>\n<p>&nbsp;<\/p>\n<p>Nel cuore di Piazza Colombo, un altro palco, proprio a pochi passi dal Teatro e collegato tramite il <em>Green Carpet<\/em>, ha dato spazio alle esibizioni di <strong>Lazza<\/strong>, <strong>Rosa Chemical<\/strong>, <strong>Paola &amp; Chiara<\/strong>, <strong>Arisa<\/strong> e <strong>Tanani<\/strong> che hanno incantato il pubblico con <em>performance<\/em> vibranti e coinvolgenti.<\/p>\n<p>Ma il palco non \u00e8 stato solo riservato alle star consolidate, ha offerto anche una vetrina agli artisti emergenti che hanno partecipato ad Area Sanremo, confermando che la kermesse abbraccia e celebra la diversit\u00e0 musicale in tutte le sue sfumature.<\/p>\n<p>Per il diciassettesimo anno consecutivo, il Gruppo Eventi ha dato vita a <strong>Casa Sanremo<\/strong> presso il Palafiori. Questo luogo si trasforma in un crocevia per il mondo dello spettacolo, della musica e del cinema, dove si fondono iniziative artistiche e musicali in un ambiente raffinato, diventando un centro di incontri B2B.<\/p>\n<p>Tra le molteplici iniziative, spicca <a href=\"https:\/\/imagazine.it\/home_desk\/dal-fvg-a-sanremo-nuova-opportunita-per-gli-artisti-emergenti\/\"><strong>Casa Sanremo Live Box<\/strong>, un format che offre agli artisti emergenti provenienti da tutta Italia l&#8217;opportunit\u00e0 di far risuonare le proprie canzoni<\/a>. In questa edizione, due talenti friulani, <strong>Andrea Cia<\/strong> <strong>di Azzano Decimo<\/strong> e <strong>Valda Jovanovic di Treppo Grande<\/strong>, hanno brillato sul palco, presentati dagli <strong>Angel\u2019s Wings Recording Studio di Mereto di Tomba<\/strong>, che hanno ricoperto il ruolo di partner ufficiali di questa kermesse.<\/p>\n<p>Le serate del Festival non si esauriscono sul palco. Hotel, discoteche, Casa Sanremo e le grandi Ville con i loro sponsor, diventano il palcoscenico delle feste alla chiusura della diretta del Festival, dove anche gli artisti scaricano la tensione accumulata durante le esibizioni e promuovono i brani in gara.<\/p>\n<p>In queste intense giornate, solo chi \u00e8 presente pu\u00f2 cogliere appieno l&#8217;essenza del Festival di Sanremo, un incantesimo che coinvolge non solo il palco, ma l&#8217;intera citt\u00e0.<\/p>\n","protected":false},"excerpt":{"rendered":"<p>Dalla musica alle riprese video, fino ai talenti emergenti: sfumature vissute dietro le quinte<\/p>\n","protected":false},"author":34,"featured_media":51488,"comment_status":"closed","ping_status":"closed","sticky":false,"template":"","format":"image","meta":{"dwc-title":[""],"dwc-content":[""],"footnotes":""},"categories":[37],"tags":[58,55,56],"class_list":["post-51487","post","type-post","status-publish","format-image","has-post-thumbnail","hentry","category-cultura-e-spettacolo","tag-festival","tag-musica","tag-sanremo","post_format-post-format-image"],"rttpg_featured_image_url":{"full":["https:\/\/imagazine.it\/wp-content\/uploads\/2024\/02\/20240207_171307.jpg",1366,769,false],"landscape":["https:\/\/imagazine.it\/wp-content\/uploads\/2024\/02\/20240207_171307.jpg",1366,769,false],"portraits":["https:\/\/imagazine.it\/wp-content\/uploads\/2024\/02\/20240207_171307.jpg",1366,769,false],"thumbnail":["https:\/\/imagazine.it\/wp-content\/uploads\/2024\/02\/20240207_171307-150x150.jpg",150,150,true],"medium":["https:\/\/imagazine.it\/wp-content\/uploads\/2024\/02\/20240207_171307-300x169.jpg",300,169,true],"large":["https:\/\/imagazine.it\/wp-content\/uploads\/2024\/02\/20240207_171307-1024x576.jpg",640,360,true],"thumblist":["https:\/\/imagazine.it\/wp-content\/uploads\/2024\/02\/20240207_171307-300x300.jpg",300,300,true],"thumbrelated":["https:\/\/imagazine.it\/wp-content\/uploads\/2024\/02\/20240207_171307-500x500.jpg",500,500,true],"meccarouselthumb":["https:\/\/imagazine.it\/wp-content\/uploads\/2024\/02\/20240207_171307-474x324.jpg",474,324,true],"gridsquare":["https:\/\/imagazine.it\/wp-content\/uploads\/2024\/02\/20240207_171307-391x260.jpg",391,260,true],"tileview":["https:\/\/imagazine.it\/wp-content\/uploads\/2024\/02\/20240207_171307-300x400.jpg",300,400,true],"1536x1536":["https:\/\/imagazine.it\/wp-content\/uploads\/2024\/02\/20240207_171307.jpg",1366,769,false],"2048x2048":["https:\/\/imagazine.it\/wp-content\/uploads\/2024\/02\/20240207_171307.jpg",1366,769,false],"newsup-slider-full":["https:\/\/imagazine.it\/wp-content\/uploads\/2024\/02\/20240207_171307-1280x720.jpg",1280,720,true],"newsup-featured":["https:\/\/imagazine.it\/wp-content\/uploads\/2024\/02\/20240207_171307-1024x576.jpg",1024,576,true],"newsup-medium":["https:\/\/imagazine.it\/wp-content\/uploads\/2024\/02\/20240207_171307-720x380.jpg",720,380,true],"tptn_thumbnail":["https:\/\/imagazine.it\/wp-content\/uploads\/2024\/02\/20240207_171307.jpg",250,141,false],"sow-carousel-default":["https:\/\/imagazine.it\/wp-content\/uploads\/2024\/02\/20240207_171307.jpg",272,153,false]},"rttpg_author":{"display_name":"Monica Zinutti","author_link":"https:\/\/imagazine.it\/home_desk\/author\/monica-zinutti\/"},"rttpg_comment":0,"rttpg_category":"<a href=\"https:\/\/imagazine.it\/home_desk\/category\/cultura-e-spettacolo\/\" rel=\"category tag\">CULTURA&amp;SPETTACOLO<\/a>","rttpg_excerpt":"Dalla musica alle riprese video, fino ai talenti emergenti: sfumature vissute dietro le quinte","_links":{"self":[{"href":"https:\/\/imagazine.it\/home_desk\/wp-json\/wp\/v2\/posts\/51487","targetHints":{"allow":["GET"]}}],"collection":[{"href":"https:\/\/imagazine.it\/home_desk\/wp-json\/wp\/v2\/posts"}],"about":[{"href":"https:\/\/imagazine.it\/home_desk\/wp-json\/wp\/v2\/types\/post"}],"author":[{"embeddable":true,"href":"https:\/\/imagazine.it\/home_desk\/wp-json\/wp\/v2\/users\/34"}],"replies":[{"embeddable":true,"href":"https:\/\/imagazine.it\/home_desk\/wp-json\/wp\/v2\/comments?post=51487"}],"version-history":[{"count":0,"href":"https:\/\/imagazine.it\/home_desk\/wp-json\/wp\/v2\/posts\/51487\/revisions"}],"wp:featuredmedia":[{"embeddable":true,"href":"https:\/\/imagazine.it\/home_desk\/wp-json\/wp\/v2\/media\/51488"}],"wp:attachment":[{"href":"https:\/\/imagazine.it\/home_desk\/wp-json\/wp\/v2\/media?parent=51487"}],"wp:term":[{"taxonomy":"category","embeddable":true,"href":"https:\/\/imagazine.it\/home_desk\/wp-json\/wp\/v2\/categories?post=51487"},{"taxonomy":"post_tag","embeddable":true,"href":"https:\/\/imagazine.it\/home_desk\/wp-json\/wp\/v2\/tags?post=51487"}],"curies":[{"name":"wp","href":"https:\/\/api.w.org\/{rel}","templated":true}]}}