{"id":51475,"date":"2024-02-09T09:57:47","date_gmt":"2024-02-09T08:57:47","guid":{"rendered":"https:\/\/imagazine.it\/home_desk\/?p=51475"},"modified":"2024-02-14T10:12:57","modified_gmt":"2024-02-14T09:12:57","slug":"il-dramma-dellesodo","status":"publish","type":"post","link":"https:\/\/imagazine.it\/home_desk\/il-dramma-dellesodo\/","title":{"rendered":"Il dramma dell&#8217;Esodo"},"content":{"rendered":"<p><span style=\"font-size: 10pt;\"><em>Magazzino 18 a Trieste (ph. Claudio Pizzin)<\/em><\/span><\/p>\n<p>TRIESTE<strong>\u00a0\u2013\u00a0<\/strong>Quest<strong>&#8216;<\/strong>anno ricorre il ventesimo anniversario dell&#8217;istituzione del\u00a0<strong>Giorno del Ricordo<\/strong>, promulgato con la legge n. 92 del 30 marzo 2004 affinch\u00e9 si conservasse e si rinnovasse la memoria della tragedia dell&#8217;esodo degli italiani dalle loro terre di istriani fiumani e dalmati e delle vittime delle foibe.<\/p>\n<p>Per tutto il mese,\u00a0<strong>l&#8217;IRCI\u00a0<\/strong>(Istituto Regionale per la Cultura Istriano-Fiumano-Dalmata)<strong>\u00a0di Trieste<\/strong>\u00a0apre ai visitatori le porte del\u00a0<strong>Magazzino 18<\/strong>\u00a0e organizza visite guidate per una settimana con il seguente calendario:\u00a0<strong>marted\u00ec 13 febbraio alle ore 16, mercoled\u00ec 14 febbraio alle ore 15.30, gioved\u00ec 15 febbraio alle ore 16.<\/strong><\/p>\n<p>Le visite guidate sono gratuite e aperte al pubblico previa prenotazione obbligatoria in quanto i posti sono limitati a un massimo di 30 persone.<\/p>\n<p>Al\u00a0<strong>Magazzino 18<\/strong>\u00a0sono esposte le masserizie degli esuli istriani, fiumani e dalmati\u00a0che per decenni erano state depositate negli antichi magazzini di\u00a0<strong>Porto Vecchio<\/strong>.<\/p>\n<p>Il dramma vissuto dagli esuli \u00e8 ben testimoniato dalla realizzazione studio\u00a0dell&#8217;<a href=\"https:\/\/imagazine.it\/home_desk\/lanima-del-barco\/\">artista gradese\u00a0<strong>Dino<\/strong>\u00a0<strong>Facchinetti<\/strong><\/a>, dal titolo\u00a0<strong><em>Identit\u00e0<\/em><\/strong>, che riporta all&#8217;ammasso di sedie che si trovano al\u00a0<strong>Magazzino 18.<\/strong><\/p>\n<figure id=\"attachment_51476\" aria-describedby=\"caption-attachment-51476\" style=\"width: 229px\" class=\"wp-caption alignnone\"><img loading=\"lazy\" decoding=\"async\" class=\"size-medium wp-image-51476\" src=\"https:\/\/imagazine.it\/wp-content\/uploads\/2024\/02\/PHOTO-2024-02-05-18-09-04-229x300.jpg\" alt=\"L&#039;opera di Dino Facchinetti\" width=\"229\" height=\"300\" title=\"\" srcset=\"https:\/\/imagazine.it\/wp-content\/uploads\/2024\/02\/PHOTO-2024-02-05-18-09-04-229x300.jpg 229w, https:\/\/imagazine.it\/wp-content\/uploads\/2024\/02\/PHOTO-2024-02-05-18-09-04.jpg 762w\" sizes=\"auto, (max-width: 229px) 100vw, 229px\" \/><figcaption id=\"caption-attachment-51476\" class=\"wp-caption-text\">L&#8217;opera di Dino Facchinetti<\/figcaption><\/figure>\n","protected":false},"excerpt":{"rendered":"<p>Per tutto il mese di febbraio il Magazzino 18 a Trieste apre le sue porte al pubblico per far rivivere il dramma di istriani, fiumani, dalmati e delle vittime delle foibe<\/p>\n","protected":false},"author":12,"featured_media":51477,"comment_status":"closed","ping_status":"closed","sticky":false,"template":"","format":"image","meta":{"dwc-title":[""],"dwc-content":[""],"footnotes":""},"categories":[37],"tags":[505,372,65],"class_list":["post-51475","post","type-post","status-publish","format-image","has-post-thumbnail","hentry","category-cultura-e-spettacolo","tag-esodo","tag-ricordo","tag-trieste","post_format-post-format-image"],"rttpg_featured_image_url":{"full":["https:\/\/imagazine.it\/wp-content\/uploads\/2024\/02\/MIL6061.jpg",1366,865,false],"landscape":["https:\/\/imagazine.it\/wp-content\/uploads\/2024\/02\/MIL6061.jpg",1366,865,false],"portraits":["https:\/\/imagazine.it\/wp-content\/uploads\/2024\/02\/MIL6061.jpg",1366,865,false],"thumbnail":["https:\/\/imagazine.it\/wp-content\/uploads\/2024\/02\/MIL6061-150x150.jpg",150,150,true],"medium":["https:\/\/imagazine.it\/wp-content\/uploads\/2024\/02\/MIL6061-300x190.jpg",300,190,true],"large":["https:\/\/imagazine.it\/wp-content\/uploads\/2024\/02\/MIL6061-1024x648.jpg",640,405,true],"thumblist":["https:\/\/imagazine.it\/wp-content\/uploads\/2024\/02\/MIL6061-300x300.jpg",300,300,true],"thumbrelated":["https:\/\/imagazine.it\/wp-content\/uploads\/2024\/02\/MIL6061-500x500.jpg",500,500,true],"meccarouselthumb":["https:\/\/imagazine.it\/wp-content\/uploads\/2024\/02\/MIL6061-474x324.jpg",474,324,true],"gridsquare":["https:\/\/imagazine.it\/wp-content\/uploads\/2024\/02\/MIL6061-391x260.jpg",391,260,true],"tileview":["https:\/\/imagazine.it\/wp-content\/uploads\/2024\/02\/MIL6061-300x400.jpg",300,400,true],"1536x1536":["https:\/\/imagazine.it\/wp-content\/uploads\/2024\/02\/MIL6061.jpg",1366,865,false],"2048x2048":["https:\/\/imagazine.it\/wp-content\/uploads\/2024\/02\/MIL6061.jpg",1366,865,false],"newsup-slider-full":["https:\/\/imagazine.it\/wp-content\/uploads\/2024\/02\/MIL6061-1280x720.jpg",1280,720,true],"newsup-featured":["https:\/\/imagazine.it\/wp-content\/uploads\/2024\/02\/MIL6061-1024x648.jpg",1024,648,true],"newsup-medium":["https:\/\/imagazine.it\/wp-content\/uploads\/2024\/02\/MIL6061-720x380.jpg",720,380,true],"tptn_thumbnail":["https:\/\/imagazine.it\/wp-content\/uploads\/2024\/02\/MIL6061.jpg",250,158,false],"sow-carousel-default":["https:\/\/imagazine.it\/wp-content\/uploads\/2024\/02\/MIL6061.jpg",272,172,false]},"rttpg_author":{"display_name":"Claudio Pizzin","author_link":"https:\/\/imagazine.it\/home_desk\/author\/pizzin\/"},"rttpg_comment":0,"rttpg_category":"<a href=\"https:\/\/imagazine.it\/home_desk\/category\/cultura-e-spettacolo\/\" rel=\"category tag\">CULTURA&amp;SPETTACOLO<\/a>","rttpg_excerpt":"Per tutto il mese di febbraio il Magazzino 18 a Trieste apre le sue porte al pubblico per far rivivere il dramma di istriani, fiumani, dalmati e delle vittime delle foibe","_links":{"self":[{"href":"https:\/\/imagazine.it\/home_desk\/wp-json\/wp\/v2\/posts\/51475","targetHints":{"allow":["GET"]}}],"collection":[{"href":"https:\/\/imagazine.it\/home_desk\/wp-json\/wp\/v2\/posts"}],"about":[{"href":"https:\/\/imagazine.it\/home_desk\/wp-json\/wp\/v2\/types\/post"}],"author":[{"embeddable":true,"href":"https:\/\/imagazine.it\/home_desk\/wp-json\/wp\/v2\/users\/12"}],"replies":[{"embeddable":true,"href":"https:\/\/imagazine.it\/home_desk\/wp-json\/wp\/v2\/comments?post=51475"}],"version-history":[{"count":0,"href":"https:\/\/imagazine.it\/home_desk\/wp-json\/wp\/v2\/posts\/51475\/revisions"}],"wp:featuredmedia":[{"embeddable":true,"href":"https:\/\/imagazine.it\/home_desk\/wp-json\/wp\/v2\/media\/51477"}],"wp:attachment":[{"href":"https:\/\/imagazine.it\/home_desk\/wp-json\/wp\/v2\/media?parent=51475"}],"wp:term":[{"taxonomy":"category","embeddable":true,"href":"https:\/\/imagazine.it\/home_desk\/wp-json\/wp\/v2\/categories?post=51475"},{"taxonomy":"post_tag","embeddable":true,"href":"https:\/\/imagazine.it\/home_desk\/wp-json\/wp\/v2\/tags?post=51475"}],"curies":[{"name":"wp","href":"https:\/\/api.w.org\/{rel}","templated":true}]}}