{"id":51431,"date":"2024-02-13T16:21:01","date_gmt":"2024-02-13T15:21:01","guid":{"rendered":"https:\/\/imagazine.it\/home_desk\/?p=51431"},"modified":"2024-02-13T16:21:01","modified_gmt":"2024-02-13T15:21:01","slug":"karate-cervignano-ai-vertici-italiani","status":"publish","type":"post","link":"https:\/\/imagazine.it\/home_desk\/karate-cervignano-ai-vertici-italiani\/","title":{"rendered":"Karate, Cervignano ai vertici italiani"},"content":{"rendered":"<p><span style=\"font-size: 10pt;\"><em>Marco Pozzato con la medaglia d&#8217;oro<\/em><\/span><\/p>\n<p>CERVIGNANO DEL FRIULI \u2013 Il \u201cDi Meglio Karate Team\u201d dello <strong>Sport Planet Cervignano<\/strong> si conferma tra le migliori societ\u00e0 della Federazione Italiana Karate.<\/p>\n<p>A decretarlo \u00e8 stato il Grand Prix di Lombardia che si \u00e8 svolto a Mariano Comense nell\u2019ultimo fine settimana. In gara 950 atleti di oltre 90 societ\u00e0 provenienti da tutta Italia.<\/p>\n<p>Guidati dal <strong>coach Andrea Pozzato<\/strong>, su 7 atleti in gara 5 sono saliti sul podio portando a casa <strong>4 ori e un bronzo<\/strong>: si tratta di Marco Pozzato (oro nei senior +80 kg); <strong>Martina Namoini<\/strong> (oro mei senior -63 kg); <strong>Matteo Scotto Di Marazzo<\/strong> (oro nei gli junior -75 kg); <strong>Christian Dall&#8217;Oro<\/strong> (oro nei cadetti -73 kg); <strong>Diana Boncompagni<\/strong> (bronzo nei senior +63 kg).<\/p>\n<p>Per pochi punti non sono riusciti a entrare in medaglia, classificandosi entrambi al 5\u00b0 posto, <strong>Nikita Marchesan<\/strong> e <strong>Marco Facchinetti<\/strong>.<\/p>\n<p>Tra gli oltre quaranta arbitri dell&#8217;evento, presenti anche i due friulani <strong>Fabio Maglione<\/strong> e <strong>Diego Gruer<\/strong>.<\/p>\n<p>Con questi risultati, la societ\u00e0 cervignanese \u00e8 ancora in pole position con i suoi atleti di punta per la composizione della Nazionale che parteciper\u00e0 ai Mondiali di Buenos Aires dal 23 al 27 ottobre 2024. Spiccano per il momento tra i candidati alla rosa nazionale, grazie ai loro successi agonistici, i pluricampioni internazionali Marco Pozzato e Martina Namoini nonch\u00e9 la giovane new entry Christian Dall&#8217;Oro.<\/p>\n<div id=\"metaslider-id-51438\" style=\"max-width: 1000px; margin: 0 auto;\" class=\"ml-slider-3-108-0 metaslider metaslider-flex metaslider-51438 ml-slider ms-theme-default nav-hidden\" role=\"region\" aria-label=\"Karate, Cervignano ai vertici italiani\" data-height=\"750\" data-width=\"1000\">\n    <div id=\"metaslider_container_51438\">\n        <div id=\"metaslider_51438\">\n            <ul class='slides'>\n                <li style=\"display: block; width: 100%;\" class=\"slide-51443 ms-image \" aria-roledescription=\"slide\" data-date=\"2024-02-13 16:16:29\" data-filename=\"grand-prix-lombardia-04.jpg\" data-slide-type=\"image\"><img loading=\"lazy\" decoding=\"async\" width=\"1366\" height=\"903\" src=\"https:\/\/imagazine.it\/wp-content\/uploads\/2024\/02\/grand-prix-lombardia-04.jpg\" class=\"slider-51438 slide-51443 msDefaultImage\" alt=\"Grand Prix Lombardia\" rel=\"\" title=\"Grand Prix Lombardia\" srcset=\"https:\/\/imagazine.it\/wp-content\/uploads\/2024\/02\/grand-prix-lombardia-04.jpg 1366w, https:\/\/imagazine.it\/wp-content\/uploads\/2024\/02\/grand-prix-lombardia-04-300x198.jpg 300w, https:\/\/imagazine.it\/wp-content\/uploads\/2024\/02\/grand-prix-lombardia-04-1024x677.jpg 1024w, https:\/\/imagazine.it\/wp-content\/uploads\/2024\/02\/grand-prix-lombardia-04-768x508.jpg 768w\" sizes=\"auto, (max-width: 1366px) 100vw, 1366px\" \/><div class=\"caption-wrap\"><div class=\"caption\">Matteo Scotto Di Marazzo medaglia doro<\/div><\/div><\/li>\n                <li style=\"display: none; width: 100%;\" class=\"slide-51444 ms-image \" aria-roledescription=\"slide\" data-date=\"2024-02-13 16:16:30\" data-filename=\"grand-prix-lombardia-01.jpg\" data-slide-type=\"image\"><img loading=\"lazy\" decoding=\"async\" width=\"800\" height=\"823\" src=\"https:\/\/imagazine.it\/wp-content\/uploads\/2024\/02\/grand-prix-lombardia-01.jpg\" class=\"slider-51438 slide-51444 msDefaultImage\" alt=\"\" rel=\"\" title=\"grand prix lombardia 01\" srcset=\"https:\/\/imagazine.it\/wp-content\/uploads\/2024\/02\/grand-prix-lombardia-01.jpg 800w, https:\/\/imagazine.it\/wp-content\/uploads\/2024\/02\/grand-prix-lombardia-01-292x300.jpg 292w, https:\/\/imagazine.it\/wp-content\/uploads\/2024\/02\/grand-prix-lombardia-01-768x790.jpg 768w\" sizes=\"auto, (max-width: 800px) 100vw, 800px\"><div class=\"caption-wrap\"><div class=\"caption\">Christian Dall'Oro<\/div><\/div><\/li>\n                <li style=\"display: none; width: 100%;\" class=\"slide-51445 ms-image \" aria-roledescription=\"slide\" data-date=\"2024-02-13 16:16:30\" data-filename=\"grand-prix-lombardia-03.jpg\" data-slide-type=\"image\"><img loading=\"lazy\" decoding=\"async\" width=\"1366\" height=\"1172\" src=\"https:\/\/imagazine.it\/wp-content\/uploads\/2024\/02\/grand-prix-lombardia-03.jpg\" class=\"slider-51438 slide-51445 msDefaultImage\" alt=\"\" rel=\"\" title=\"grand prix lombardia 03\" srcset=\"https:\/\/imagazine.it\/wp-content\/uploads\/2024\/02\/grand-prix-lombardia-03.jpg 1366w, https:\/\/imagazine.it\/wp-content\/uploads\/2024\/02\/grand-prix-lombardia-03-300x257.jpg 300w, https:\/\/imagazine.it\/wp-content\/uploads\/2024\/02\/grand-prix-lombardia-03-1024x879.jpg 1024w, https:\/\/imagazine.it\/wp-content\/uploads\/2024\/02\/grand-prix-lombardia-03-768x659.jpg 768w\" sizes=\"auto, (max-width: 1366px) 100vw, 1366px\"><div class=\"caption-wrap\"><div class=\"caption\">Martina Namoini sul gradino pi\u00f9 alto<\/div><\/div><\/li>\n                <li style=\"display: none; width: 100%;\" class=\"slide-51448 ms-image \" aria-roledescription=\"slide\" data-date=\"2024-02-13 16:19:03\" data-filename=\"grand-prix-lombardia-02.jpg\" data-slide-type=\"image\"><img loading=\"lazy\" decoding=\"async\" width=\"800\" height=\"749\" src=\"https:\/\/imagazine.it\/wp-content\/uploads\/2024\/02\/grand-prix-lombardia-02.jpg\" class=\"slider-51438 slide-51448 msDefaultImage\" alt=\"\" rel=\"\" title=\"grand prix lombardia 02\" srcset=\"https:\/\/imagazine.it\/wp-content\/uploads\/2024\/02\/grand-prix-lombardia-02.jpg 800w, https:\/\/imagazine.it\/wp-content\/uploads\/2024\/02\/grand-prix-lombardia-02-300x281.jpg 300w, https:\/\/imagazine.it\/wp-content\/uploads\/2024\/02\/grand-prix-lombardia-02-768x719.jpg 768w\" sizes=\"auto, (max-width: 800px) 100vw, 800px\"><div class=\"caption-wrap\"><div class=\"caption\">Diana Boncompagni medaglia di bronzo<\/div><\/div><\/li>\n            <\/ul>\n        <\/div>\n        \n    <\/div>\n<\/div>\n<p>&nbsp;<\/p>\n<p>\u201cUna squadra che ci sta dando tante gratificazioni \u2013 commenta il direttore tecnico, <strong>Giovanni Di Meglio<\/strong> \u2013: trovare ragazzi che sappiano impegnarsi e sacrificarsi per raggiungere alti obiettivi, oggi come oggi, nello sport \u00e8 sempre pi\u00f9 difficile. In tutte le direzioni, ci riteniamo pi\u00f9 che soddisfatti del team che stiamo costruendo, dai dirigenti ai tecnici, coach, arbitri, atleti. In questo ultimo periodo abbiamo avuto una positiva crescita di agonisti e tra le nuove leve molti stanno dimostrando abilit\u00e0 che sicuramente nel prossimo futuro, grazie alla preparazione dei nostri tecnici,\u00a0 la leadership dei nostri campioni internazionali e quel positivo e produttivo spirito di squadra che\u00a0 \u00e8 alla base del successo di tutti i suoi componenti, permetteranno loro di raggiungere mete importanti per far parlare di s\u00e9 e tener alto il buon nome della nostra associazione che vanta oltre 40 anni di storia\u201d.<\/p>\n","protected":false},"excerpt":{"rendered":"<p>Gli atleti dello Sport Planet protagonisti al Grand Prix di Lombardia e punti fermi della Nazionale in vista dei Mondiali d&#8217;Argentina <\/p>\n","protected":false},"author":22,"featured_media":51437,"comment_status":"closed","ping_status":"closed","sticky":false,"template":"","format":"image","meta":{"dwc-title":[""],"dwc-content":[""],"footnotes":""},"categories":[38],"tags":[119,487,489,488],"class_list":["post-51431","post","type-post","status-publish","format-image","has-post-thumbnail","hentry","category-sport","tag-cervignano","tag-karate","tag-oro","tag-pozzato","post_format-post-format-image"],"rttpg_featured_image_url":{"full":["https:\/\/imagazine.it\/wp-content\/uploads\/2024\/02\/pozzato.jpg",1366,782,false],"landscape":["https:\/\/imagazine.it\/wp-content\/uploads\/2024\/02\/pozzato.jpg",1366,782,false],"portraits":["https:\/\/imagazine.it\/wp-content\/uploads\/2024\/02\/pozzato.jpg",1366,782,false],"thumbnail":["https:\/\/imagazine.it\/wp-content\/uploads\/2024\/02\/pozzato-150x150.jpg",150,150,true],"medium":["https:\/\/imagazine.it\/wp-content\/uploads\/2024\/02\/pozzato-300x172.jpg",300,172,true],"large":["https:\/\/imagazine.it\/wp-content\/uploads\/2024\/02\/pozzato-1024x586.jpg",640,366,true],"thumblist":["https:\/\/imagazine.it\/wp-content\/uploads\/2024\/02\/pozzato-300x300.jpg",300,300,true],"thumbrelated":["https:\/\/imagazine.it\/wp-content\/uploads\/2024\/02\/pozzato-500x500.jpg",500,500,true],"meccarouselthumb":["https:\/\/imagazine.it\/wp-content\/uploads\/2024\/02\/pozzato-474x324.jpg",474,324,true],"gridsquare":["https:\/\/imagazine.it\/wp-content\/uploads\/2024\/02\/pozzato-391x260.jpg",391,260,true],"tileview":["https:\/\/imagazine.it\/wp-content\/uploads\/2024\/02\/pozzato-300x400.jpg",300,400,true],"1536x1536":["https:\/\/imagazine.it\/wp-content\/uploads\/2024\/02\/pozzato.jpg",1366,782,false],"2048x2048":["https:\/\/imagazine.it\/wp-content\/uploads\/2024\/02\/pozzato.jpg",1366,782,false],"newsup-slider-full":["https:\/\/imagazine.it\/wp-content\/uploads\/2024\/02\/pozzato-1280x720.jpg",1280,720,true],"newsup-featured":["https:\/\/imagazine.it\/wp-content\/uploads\/2024\/02\/pozzato-1024x586.jpg",1024,586,true],"newsup-medium":["https:\/\/imagazine.it\/wp-content\/uploads\/2024\/02\/pozzato-720x380.jpg",720,380,true],"tptn_thumbnail":["https:\/\/imagazine.it\/wp-content\/uploads\/2024\/02\/pozzato.jpg",250,143,false],"sow-carousel-default":["https:\/\/imagazine.it\/wp-content\/uploads\/2024\/02\/pozzato.jpg",272,156,false]},"rttpg_author":{"display_name":"Livio Nonis","author_link":"https:\/\/imagazine.it\/home_desk\/author\/nonis\/"},"rttpg_comment":0,"rttpg_category":"<a href=\"https:\/\/imagazine.it\/home_desk\/category\/sport\/\" rel=\"category tag\">SPORT<\/a>","rttpg_excerpt":"Gli atleti dello Sport Planet protagonisti al Grand Prix di Lombardia e punti fermi della Nazionale in vista dei Mondiali d'Argentina","_links":{"self":[{"href":"https:\/\/imagazine.it\/home_desk\/wp-json\/wp\/v2\/posts\/51431","targetHints":{"allow":["GET"]}}],"collection":[{"href":"https:\/\/imagazine.it\/home_desk\/wp-json\/wp\/v2\/posts"}],"about":[{"href":"https:\/\/imagazine.it\/home_desk\/wp-json\/wp\/v2\/types\/post"}],"author":[{"embeddable":true,"href":"https:\/\/imagazine.it\/home_desk\/wp-json\/wp\/v2\/users\/22"}],"replies":[{"embeddable":true,"href":"https:\/\/imagazine.it\/home_desk\/wp-json\/wp\/v2\/comments?post=51431"}],"version-history":[{"count":0,"href":"https:\/\/imagazine.it\/home_desk\/wp-json\/wp\/v2\/posts\/51431\/revisions"}],"wp:featuredmedia":[{"embeddable":true,"href":"https:\/\/imagazine.it\/home_desk\/wp-json\/wp\/v2\/media\/51437"}],"wp:attachment":[{"href":"https:\/\/imagazine.it\/home_desk\/wp-json\/wp\/v2\/media?parent=51431"}],"wp:term":[{"taxonomy":"category","embeddable":true,"href":"https:\/\/imagazine.it\/home_desk\/wp-json\/wp\/v2\/categories?post=51431"},{"taxonomy":"post_tag","embeddable":true,"href":"https:\/\/imagazine.it\/home_desk\/wp-json\/wp\/v2\/tags?post=51431"}],"curies":[{"name":"wp","href":"https:\/\/api.w.org\/{rel}","templated":true}]}}