{"id":51369,"date":"2024-02-11T17:05:46","date_gmt":"2024-02-11T16:05:46","guid":{"rendered":"https:\/\/imagazine.it\/home_desk\/?p=51369"},"modified":"2024-02-12T17:14:00","modified_gmt":"2024-02-12T16:14:00","slug":"ricerca-e-soccorso-esercitazione-regionale-a-cervignano","status":"publish","type":"post","link":"https:\/\/imagazine.it\/home_desk\/ricerca-e-soccorso-esercitazione-regionale-a-cervignano\/","title":{"rendered":"Ricerca e soccorso, esercitazione regionale a Cervignano"},"content":{"rendered":"<p>CERVIGNANO DEL FRIULI \u2013 Dimostrazione degli standard operativi delle <strong>unit\u00e0 di ricerca e soccorso dell&#8217;Associazione Nazionale Carabinieri<\/strong> S.E.C.O.V. (UCRS ANC) in coordinamento con il 140\u00b0 Nucleo Regionale di Volontariato e Protezione Civile Friuli Venezia Giulia OdV.<\/p>\n<p>Con il patrocinio del Comune di Cervignano del Friuli, si \u00e8 svolta un\u2019<strong>esercitazione cinofila presso il parco Europa e il parco del Pradulin<\/strong>. Un&#8217;esercitazione che ha previsto una dimostrazione degli standard operativi del servizio nazionale di ricerca e soccorso ANC (UCRS).<\/p>\n<p><strong>Per la prima volta in Friuli Venezia Giulia<\/strong> l\u2019evento \u00e8 stato coordinato dal delegato nazionale dell&#8217;UCRS <strong>Marco Valsecchi<\/strong>, proveniente dalla Lombardia, con <strong>ausilio di unit\u00e0 cinofile molecolari e di superficie<\/strong>.<\/p>\n<p>Erano presenti autorit\u00e0 civili e militari e, in qualit\u00e0 di osservatori, funzionari della Protezione civile regionale del Friuli Venezia Giulia, il sindaco <strong>Andrea Balducci<\/strong>, i comandanti della polizia locale, <strong>Federico Ferrazzo<\/strong>, della locale stazione carabinieri, <strong>Antonio Somma<\/strong>, e il presidente del gruppo A.N.C. Cervignano, <strong>Franco Forlin<\/strong>. Nella dimostrazione sono state <strong>coinvolte unit\u00e0 droni<\/strong> del 140\u00b0 nucleo regionale di volontariato e Protezione civile dell&#8217;Associazione Nazionale Carabinieri, con circa <strong>una trentina di volontari regionali<\/strong>. Presente anche Matteo Colautti, coordinatore regionale volontariato Protezione civile, e i rappresentanti del Corpo Forestale dello Stato.<\/p>\n<div id=\"metaslider-id-51372\" style=\"max-width: 1366px; margin: 0 auto;\" class=\"ml-slider-3-108-0 metaslider metaslider-flex metaslider-51372 ml-slider ms-theme-default nav-hidden\" role=\"region\" aria-label=\"Esercitazione ANC Cervignano\" data-height=\"768\" data-width=\"1366\">\n    <div id=\"metaslider_container_51372\">\n        <div id=\"metaslider_51372\">\n            <ul class='slides'>\n                <li style=\"display: block; width: 100%;\" class=\"slide-51376 ms-image \" aria-roledescription=\"slide\" data-date=\"2024-02-12 17:13:25\" data-filename=\"prove-carabinieri-02.jpg\" data-slide-type=\"image\"><img loading=\"lazy\" decoding=\"async\" width=\"1366\" height=\"818\" src=\"https:\/\/imagazine.it\/wp-content\/uploads\/2024\/02\/prove-carabinieri-02.jpg\" class=\"slider-51372 slide-51376 msDefaultImage\" alt=\"\" rel=\"\" title=\"\" srcset=\"https:\/\/imagazine.it\/wp-content\/uploads\/2024\/02\/prove-carabinieri-02.jpg 1366w, https:\/\/imagazine.it\/wp-content\/uploads\/2024\/02\/prove-carabinieri-02-300x180.jpg 300w, https:\/\/imagazine.it\/wp-content\/uploads\/2024\/02\/prove-carabinieri-02-1024x613.jpg 1024w, https:\/\/imagazine.it\/wp-content\/uploads\/2024\/02\/prove-carabinieri-02-768x460.jpg 768w\" sizes=\"auto, (max-width: 1366px) 100vw, 1366px\"><\/li>\n                <li style=\"display: none; width: 100%;\" class=\"slide-51377 ms-image \" aria-roledescription=\"slide\" data-date=\"2024-02-12 17:13:25\" data-filename=\"prove-carabinieri-03.jpg\" data-slide-type=\"image\"><img loading=\"lazy\" decoding=\"async\" width=\"1366\" height=\"768\" src=\"https:\/\/imagazine.it\/wp-content\/uploads\/2024\/02\/prove-carabinieri-03.jpg\" class=\"slider-51372 slide-51377 msDefaultImage\" alt=\"\" rel=\"\" title=\"prove carabinieri 03\" srcset=\"https:\/\/imagazine.it\/wp-content\/uploads\/2024\/02\/prove-carabinieri-03.jpg 1366w, https:\/\/imagazine.it\/wp-content\/uploads\/2024\/02\/prove-carabinieri-03-300x169.jpg 300w, https:\/\/imagazine.it\/wp-content\/uploads\/2024\/02\/prove-carabinieri-03-1024x576.jpg 1024w, https:\/\/imagazine.it\/wp-content\/uploads\/2024\/02\/prove-carabinieri-03-768x432.jpg 768w, https:\/\/imagazine.it\/wp-content\/uploads\/2024\/02\/prove-carabinieri-03-1280x720.jpg 1280w\" sizes=\"auto, (max-width: 1366px) 100vw, 1366px\"><\/li>\n                <li style=\"display: none; width: 100%;\" class=\"slide-51378 ms-image \" aria-roledescription=\"slide\" data-date=\"2024-02-12 17:13:26\" data-filename=\"prove-carabinieri-04.jpg\" data-slide-type=\"image\"><img loading=\"lazy\" decoding=\"async\" width=\"1366\" height=\"710\" src=\"https:\/\/imagazine.it\/wp-content\/uploads\/2024\/02\/prove-carabinieri-04.jpg\" class=\"slider-51372 slide-51378 msDefaultImage\" alt=\"\" rel=\"\" title=\"prove carabinieri 04\" srcset=\"https:\/\/imagazine.it\/wp-content\/uploads\/2024\/02\/prove-carabinieri-04.jpg 1366w, https:\/\/imagazine.it\/wp-content\/uploads\/2024\/02\/prove-carabinieri-04-300x156.jpg 300w, https:\/\/imagazine.it\/wp-content\/uploads\/2024\/02\/prove-carabinieri-04-1024x532.jpg 1024w, https:\/\/imagazine.it\/wp-content\/uploads\/2024\/02\/prove-carabinieri-04-768x399.jpg 768w\" sizes=\"auto, (max-width: 1366px) 100vw, 1366px\"><\/li>\n            <\/ul>\n        <\/div>\n        \n    <\/div>\n<\/div>\n<p>&nbsp;<\/p>\n<p>\u201cEssere riusciti a trovare una sistemazione, quale sede provinciale, presso il nostro Comune, ad una realt\u00e0 associativa di volontariato come questa, \u00e8 sicuramente un valore aggiunto per la sicurezza della nostra comunit\u00e0 e territorio\u201d, afferma l\u2019assessore comunale alla Protezione Civile, Sicurezza e Polizia Locale, <strong>Giovanni Di Meglio<\/strong>.<\/p>\n<p>\u201cMolte \u2013 aggiunge \u2013 sono le collaborazioni che prossimamente vedranno i volontari A.N.C. impegnati con la nostra amministrazione in servizi di Protezione civile, gestione eventi pubblici, ricerca persone scomparse, appoggio alla Polizia locale nonch\u00e9 incrementare sempre pi\u00f9 incontri informativi, formativi e specialistici con la popolazione e gli studenti dei nostri istituti scolastici. Un\u2019associazione che offre professionalit\u00e0 e spirito di solidariet\u00e0 in situazioni di emergenza quasi mai semplici a 360\u00b0. Per aver scelto in Friuli Venezia Giulia i due parchi del nostro territorio per l\u2019organizzazione di questo primo grande evento nella nostra citt\u00e0, va riconosciuto l\u2019impegno del coordinatore provinciale <strong>Gianni Perrotta<\/strong>, a quello regionale <strong>Rodolfo Athes<\/strong> e al suo vice, <strong>Gaetano Natale<\/strong>\u201d.<\/p>\n","protected":false},"excerpt":{"rendered":"<p>Parco Europa e parco del Pradulin hanno ospitato unit\u00e0 cinofile molecolari e di superficie. Protagonisti gli uomini dell&#8217;ANC<\/p>\n","protected":false},"author":22,"featured_media":51371,"comment_status":"closed","ping_status":"closed","sticky":false,"template":"","format":"image","meta":{"dwc-title":[""],"dwc-content":[""],"footnotes":""},"categories":[5],"tags":[456,119,457,458],"class_list":["post-51369","post","type-post","status-publish","format-image","has-post-thumbnail","hentry","category-attualita","tag-carabinieri","tag-cervignano","tag-protezione-civile","tag-soccorso","post_format-post-format-image"],"rttpg_featured_image_url":{"full":["https:\/\/imagazine.it\/wp-content\/uploads\/2024\/02\/prove-carabinieri-01.jpg",1366,748,false],"landscape":["https:\/\/imagazine.it\/wp-content\/uploads\/2024\/02\/prove-carabinieri-01.jpg",1366,748,false],"portraits":["https:\/\/imagazine.it\/wp-content\/uploads\/2024\/02\/prove-carabinieri-01.jpg",1366,748,false],"thumbnail":["https:\/\/imagazine.it\/wp-content\/uploads\/2024\/02\/prove-carabinieri-01-150x150.jpg",150,150,true],"medium":["https:\/\/imagazine.it\/wp-content\/uploads\/2024\/02\/prove-carabinieri-01-300x164.jpg",300,164,true],"large":["https:\/\/imagazine.it\/wp-content\/uploads\/2024\/02\/prove-carabinieri-01-1024x561.jpg",640,351,true],"thumblist":["https:\/\/imagazine.it\/wp-content\/uploads\/2024\/02\/prove-carabinieri-01-300x300.jpg",300,300,true],"thumbrelated":["https:\/\/imagazine.it\/wp-content\/uploads\/2024\/02\/prove-carabinieri-01-500x500.jpg",500,500,true],"meccarouselthumb":["https:\/\/imagazine.it\/wp-content\/uploads\/2024\/02\/prove-carabinieri-01-474x324.jpg",474,324,true],"gridsquare":["https:\/\/imagazine.it\/wp-content\/uploads\/2024\/02\/prove-carabinieri-01-391x260.jpg",391,260,true],"tileview":["https:\/\/imagazine.it\/wp-content\/uploads\/2024\/02\/prove-carabinieri-01-300x400.jpg",300,400,true],"1536x1536":["https:\/\/imagazine.it\/wp-content\/uploads\/2024\/02\/prove-carabinieri-01.jpg",1366,748,false],"2048x2048":["https:\/\/imagazine.it\/wp-content\/uploads\/2024\/02\/prove-carabinieri-01.jpg",1366,748,false],"newsup-slider-full":["https:\/\/imagazine.it\/wp-content\/uploads\/2024\/02\/prove-carabinieri-01-1280x720.jpg",1280,720,true],"newsup-featured":["https:\/\/imagazine.it\/wp-content\/uploads\/2024\/02\/prove-carabinieri-01-1024x561.jpg",1024,561,true],"newsup-medium":["https:\/\/imagazine.it\/wp-content\/uploads\/2024\/02\/prove-carabinieri-01-720x380.jpg",720,380,true],"tptn_thumbnail":["https:\/\/imagazine.it\/wp-content\/uploads\/2024\/02\/prove-carabinieri-01.jpg",250,137,false],"sow-carousel-default":["https:\/\/imagazine.it\/wp-content\/uploads\/2024\/02\/prove-carabinieri-01.jpg",272,149,false]},"rttpg_author":{"display_name":"Livio Nonis","author_link":"https:\/\/imagazine.it\/home_desk\/author\/nonis\/"},"rttpg_comment":0,"rttpg_category":"<a href=\"https:\/\/imagazine.it\/home_desk\/category\/attualita\/\" rel=\"category tag\">ATTUALIT\u00c0<\/a>","rttpg_excerpt":"Parco Europa e parco del Pradulin hanno ospitato unit\u00e0 cinofile molecolari e di superficie. Protagonisti gli uomini dell'ANC","_links":{"self":[{"href":"https:\/\/imagazine.it\/home_desk\/wp-json\/wp\/v2\/posts\/51369","targetHints":{"allow":["GET"]}}],"collection":[{"href":"https:\/\/imagazine.it\/home_desk\/wp-json\/wp\/v2\/posts"}],"about":[{"href":"https:\/\/imagazine.it\/home_desk\/wp-json\/wp\/v2\/types\/post"}],"author":[{"embeddable":true,"href":"https:\/\/imagazine.it\/home_desk\/wp-json\/wp\/v2\/users\/22"}],"replies":[{"embeddable":true,"href":"https:\/\/imagazine.it\/home_desk\/wp-json\/wp\/v2\/comments?post=51369"}],"version-history":[{"count":0,"href":"https:\/\/imagazine.it\/home_desk\/wp-json\/wp\/v2\/posts\/51369\/revisions"}],"wp:featuredmedia":[{"embeddable":true,"href":"https:\/\/imagazine.it\/home_desk\/wp-json\/wp\/v2\/media\/51371"}],"wp:attachment":[{"href":"https:\/\/imagazine.it\/home_desk\/wp-json\/wp\/v2\/media?parent=51369"}],"wp:term":[{"taxonomy":"category","embeddable":true,"href":"https:\/\/imagazine.it\/home_desk\/wp-json\/wp\/v2\/categories?post=51369"},{"taxonomy":"post_tag","embeddable":true,"href":"https:\/\/imagazine.it\/home_desk\/wp-json\/wp\/v2\/tags?post=51369"}],"curies":[{"name":"wp","href":"https:\/\/api.w.org\/{rel}","templated":true}]}}