{"id":51296,"date":"2024-02-12T12:25:32","date_gmt":"2024-02-12T11:25:32","guid":{"rendered":"https:\/\/imagazine.it\/home_desk\/?p=51296"},"modified":"2024-02-13T15:03:32","modified_gmt":"2024-02-13T14:03:32","slug":"gorizia-al-via-la-riqualificazione-della-piazza-transalpina","status":"publish","type":"post","link":"https:\/\/imagazine.it\/home_desk\/gorizia-al-via-la-riqualificazione-della-piazza-transalpina\/","title":{"rendered":"Gorizia, al via la riqualificazione della Piazza Transalpina"},"content":{"rendered":"<p>&nbsp;<\/p>\n<p>GORIZIA \u2013 Al via oggi i <strong>lavori di riqualificazione della Piazza Transalpina<\/strong> cofinanziati dal Programma Regionale FESR 2021 2027 del Fvg.<\/p>\n<p>Il beneficiario del finanziamento FESR regionale pari a 2.300.000 euro, a fronte di un costo totale 4.216.069,52 euro, \u00e8 il <strong>GECT GO<\/strong>, Gruppo Europeo di Cooperazione Territoriale di Gorizia, che mira a valorizzare e rivitalizzare la Piazza della Transalpina, che si trova a fianco dell\u2019omonima stazione sul confine tra Gorizia e Nova Gorica e che prende il suo nome dalla linea ferroviaria Jesenice-Trieste.<\/p>\n<p>L&#8217;intervento che rientra nei \u201cProgetti Europa 27\u201d, di importanza strategica per il Programma regionale FESR 2021 &#8211; 2027, si concluder\u00e0 entro il 7 febbraio del 2025, <a href=\"https:\/\/imagazine.it\/home_desk\/capitale-europea-della-cultura-partito-il-conto-alla-rovescia\/\">il giorno prima dell\u2019inaugurazione ufficiale della Capitale Europea della Cultura<\/a>.<\/p>\n<p>\u201cPiazza Transalpina \u00e8 il cuore pulsante della Capitale della Cultura 2025, dalla quale parte un messaggio di unit\u00e0 e di bellezza, di opportunit\u00e0 e di crescita \u2013 dichiara l&#8217;assessore regionale alle Finanze, <strong>Barbara Zilli<\/strong> \u2013; un messaggio senza confini che parli un unico linguaggio e che si propaghi come una musica nuova tra le strade di Gorizia e di Nova Gorica. Ci\u00f2 che si compir\u00e0 in Piazza Transalpina, con la fusione di popoli e genti, e soprattutto di tanti giovani provenienti da tutto il mondo, si candida a essere un esempio e un modello per tante altre citt\u00e0 d\u2019Europa\u201d.<\/p>\n<div id=\"metaslider-id-51298\" style=\"max-width: 1366px; margin: 0 auto;\" class=\"ml-slider-3-108-0 metaslider metaslider-flex metaslider-51298 ml-slider ms-theme-default nav-hidden\" role=\"region\" aria-label=\"Nuova piazza Transalpina\" data-height=\"768\" data-width=\"1366\">\n    <div id=\"metaslider_container_51298\">\n        <div id=\"metaslider_51298\">\n            <ul class='slides'>\n                <li style=\"display: block; width: 100%;\" class=\"slide-51302 ms-image \" aria-roledescription=\"slide\" data-date=\"2024-02-12 12:24:22\" data-filename=\"8-rendering-pzza-Transalpina-progetto.jpeg\" data-slide-type=\"image\"><img loading=\"lazy\" decoding=\"async\" width=\"1366\" height=\"768\" src=\"https:\/\/imagazine.it\/wp-content\/uploads\/2024\/02\/8-rendering-pzza-Transalpina-progetto.jpeg\" class=\"slider-51298 slide-51302 msDefaultImage\" alt=\"Render della nuova piazza Transalpina\" rel=\"\" title=\"Render della nuova piazza Transalpina\" srcset=\"https:\/\/imagazine.it\/wp-content\/uploads\/2024\/02\/8-rendering-pzza-Transalpina-progetto.jpeg 1366w, https:\/\/imagazine.it\/wp-content\/uploads\/2024\/02\/8-rendering-pzza-Transalpina-progetto-300x169.jpeg 300w, https:\/\/imagazine.it\/wp-content\/uploads\/2024\/02\/8-rendering-pzza-Transalpina-progetto-1024x576.jpeg 1024w, https:\/\/imagazine.it\/wp-content\/uploads\/2024\/02\/8-rendering-pzza-Transalpina-progetto-768x432.jpeg 768w, https:\/\/imagazine.it\/wp-content\/uploads\/2024\/02\/8-rendering-pzza-Transalpina-progetto-1280x720.jpeg 1280w\" sizes=\"auto, (max-width: 1366px) 100vw, 1366px\" \/><div class=\"caption-wrap\"><div class=\"caption\">La nuova piazza<\/div><\/div><\/li>\n                <li style=\"display: none; width: 100%;\" class=\"slide-51303 ms-image \" aria-roledescription=\"slide\" data-date=\"2024-02-12 12:24:22\" data-filename=\"11-rendering-pzza-Transalpina-progetto.jpeg\" data-slide-type=\"image\"><img loading=\"lazy\" decoding=\"async\" width=\"1366\" height=\"768\" src=\"https:\/\/imagazine.it\/wp-content\/uploads\/2024\/02\/11-rendering-pzza-Transalpina-progetto.jpeg\" class=\"slider-51298 slide-51303 msDefaultImage\" alt=\"\" rel=\"\" title=\"11 rendering pzza Transalpina progetto\" srcset=\"https:\/\/imagazine.it\/wp-content\/uploads\/2024\/02\/11-rendering-pzza-Transalpina-progetto.jpeg 1366w, https:\/\/imagazine.it\/wp-content\/uploads\/2024\/02\/11-rendering-pzza-Transalpina-progetto-300x169.jpeg 300w, https:\/\/imagazine.it\/wp-content\/uploads\/2024\/02\/11-rendering-pzza-Transalpina-progetto-1024x576.jpeg 1024w, https:\/\/imagazine.it\/wp-content\/uploads\/2024\/02\/11-rendering-pzza-Transalpina-progetto-768x432.jpeg 768w, https:\/\/imagazine.it\/wp-content\/uploads\/2024\/02\/11-rendering-pzza-Transalpina-progetto-1280x720.jpeg 1280w\" sizes=\"auto, (max-width: 1366px) 100vw, 1366px\"><div class=\"caption-wrap\"><div class=\"caption\">La nuova piazza<\/div><\/div><\/li>\n                <li style=\"display: none; width: 100%;\" class=\"slide-51304 ms-image \" aria-roledescription=\"slide\" data-date=\"2024-02-12 12:24:22\" data-filename=\"12-rendering-pzza-Transalpina-progetto.jpeg\" data-slide-type=\"image\"><img loading=\"lazy\" decoding=\"async\" width=\"1366\" height=\"768\" src=\"https:\/\/imagazine.it\/wp-content\/uploads\/2024\/02\/12-rendering-pzza-Transalpina-progetto.jpeg\" class=\"slider-51298 slide-51304 msDefaultImage\" alt=\"\" rel=\"\" title=\"12 rendering pzza Transalpina progetto\" srcset=\"https:\/\/imagazine.it\/wp-content\/uploads\/2024\/02\/12-rendering-pzza-Transalpina-progetto.jpeg 1366w, https:\/\/imagazine.it\/wp-content\/uploads\/2024\/02\/12-rendering-pzza-Transalpina-progetto-300x169.jpeg 300w, https:\/\/imagazine.it\/wp-content\/uploads\/2024\/02\/12-rendering-pzza-Transalpina-progetto-1024x576.jpeg 1024w, https:\/\/imagazine.it\/wp-content\/uploads\/2024\/02\/12-rendering-pzza-Transalpina-progetto-768x432.jpeg 768w, https:\/\/imagazine.it\/wp-content\/uploads\/2024\/02\/12-rendering-pzza-Transalpina-progetto-1280x720.jpeg 1280w\" sizes=\"auto, (max-width: 1366px) 100vw, 1366px\"><div class=\"caption-wrap\"><div class=\"caption\">La nuova piazza<\/div><\/div><\/li>\n            <\/ul>\n        <\/div>\n        \n    <\/div>\n<\/div>\n<p>&nbsp;<\/p>\n<p>L\u2019area d\u2019intervento dell\u2019opera comprende l\u2019intero piazzale della Transalpina, sia lato sloveno (finanziato dal PON FESR 21-27 della Repubblica di Slovenia) sia lato italiano (a valere sul PR FESR 21-27 della Regione Friuli Venezia Giulia), che comprende anche parte del cosiddetto \u201cTridente Max Fabiani\u201d, costituito da tre strade che rappresentano la via d\u2019accesso italiana alla Piazza stessa.<\/p>\n<p>La ristrutturazione prevede una nuova pavimentazione unificata dell&#8217;intera area (8.760 mq), preservando, allo stesso tempo, il mosaico esistente (che commemora l\u2019ingresso della Slovenia nell\u2019Unione Europea, avvenuto nel 2004) e gli elementi di memoria storica ivi presenti, nonch\u00e9 migliorando le aree verdi e strade circostanti.<\/p>\n<p>Nell&#8217;ambito della ristrutturazione sono previsti anche il riassetto dell&#8217;illuminazione pubblica, la messa in opera di idrogetti pressurizzati (\u201cgiochi d\u2019acqua\u201d con illuminazione variabile) e nuovi elementi di arredo urbano.<\/p>\n<p>Il risultato finale sar\u00e0 la creazione di uno spazio unificato che indebolisca, a colpo d\u2019occhio, la percezione del confine di stato che lo attraversa, conservandone e valorizzandone nel contempo l\u2019elemento fisico dal forte valore simbolico.<\/p>\n","protected":false},"excerpt":{"rendered":"<p>Nuova pavimentazione, aree verdi e giochi d&#8217;acqua: il cantiere dovr\u00e0 concludersi entro il 7 febbraio del prossimo anno<\/p>\n","protected":false},"author":28,"featured_media":51297,"comment_status":"closed","ping_status":"closed","sticky":false,"template":"","format":"image","meta":{"dwc-title":[""],"dwc-content":[""],"footnotes":""},"categories":[5],"tags":[123,43,173,433],"class_list":["post-51296","post","type-post","status-publish","format-image","has-post-thumbnail","hentry","category-attualita","tag-go2025","tag-gorizia","tag-riqualificazione","tag-transalpina","post_format-post-format-image"],"rttpg_featured_image_url":{"full":["https:\/\/imagazine.it\/wp-content\/uploads\/2024\/02\/2-rendering-pzza-Transalpina-progetto.jpeg",1366,768,false],"landscape":["https:\/\/imagazine.it\/wp-content\/uploads\/2024\/02\/2-rendering-pzza-Transalpina-progetto.jpeg",1366,768,false],"portraits":["https:\/\/imagazine.it\/wp-content\/uploads\/2024\/02\/2-rendering-pzza-Transalpina-progetto.jpeg",1366,768,false],"thumbnail":["https:\/\/imagazine.it\/wp-content\/uploads\/2024\/02\/2-rendering-pzza-Transalpina-progetto-150x150.jpeg",150,150,true],"medium":["https:\/\/imagazine.it\/wp-content\/uploads\/2024\/02\/2-rendering-pzza-Transalpina-progetto-300x169.jpeg",300,169,true],"large":["https:\/\/imagazine.it\/wp-content\/uploads\/2024\/02\/2-rendering-pzza-Transalpina-progetto-1024x576.jpeg",640,360,true],"thumblist":["https:\/\/imagazine.it\/wp-content\/uploads\/2024\/02\/2-rendering-pzza-Transalpina-progetto-300x300.jpeg",300,300,true],"thumbrelated":["https:\/\/imagazine.it\/wp-content\/uploads\/2024\/02\/2-rendering-pzza-Transalpina-progetto-500x500.jpeg",500,500,true],"meccarouselthumb":["https:\/\/imagazine.it\/wp-content\/uploads\/2024\/02\/2-rendering-pzza-Transalpina-progetto-474x324.jpeg",474,324,true],"gridsquare":["https:\/\/imagazine.it\/wp-content\/uploads\/2024\/02\/2-rendering-pzza-Transalpina-progetto-391x260.jpeg",391,260,true],"tileview":["https:\/\/imagazine.it\/wp-content\/uploads\/2024\/02\/2-rendering-pzza-Transalpina-progetto-300x400.jpeg",300,400,true],"1536x1536":["https:\/\/imagazine.it\/wp-content\/uploads\/2024\/02\/2-rendering-pzza-Transalpina-progetto.jpeg",1366,768,false],"2048x2048":["https:\/\/imagazine.it\/wp-content\/uploads\/2024\/02\/2-rendering-pzza-Transalpina-progetto.jpeg",1366,768,false],"newsup-slider-full":["https:\/\/imagazine.it\/wp-content\/uploads\/2024\/02\/2-rendering-pzza-Transalpina-progetto-1280x720.jpeg",1280,720,true],"newsup-featured":["https:\/\/imagazine.it\/wp-content\/uploads\/2024\/02\/2-rendering-pzza-Transalpina-progetto-1024x576.jpeg",1024,576,true],"newsup-medium":["https:\/\/imagazine.it\/wp-content\/uploads\/2024\/02\/2-rendering-pzza-Transalpina-progetto-720x380.jpeg",720,380,true],"tptn_thumbnail":["https:\/\/imagazine.it\/wp-content\/uploads\/2024\/02\/2-rendering-pzza-Transalpina-progetto.jpeg",250,141,false],"sow-carousel-default":["https:\/\/imagazine.it\/wp-content\/uploads\/2024\/02\/2-rendering-pzza-Transalpina-progetto.jpeg",272,153,false]},"rttpg_author":{"display_name":"redazione","author_link":"https:\/\/imagazine.it\/home_desk\/author\/redazione\/"},"rttpg_comment":0,"rttpg_category":"<a href=\"https:\/\/imagazine.it\/home_desk\/category\/attualita\/\" rel=\"category tag\">ATTUALIT\u00c0<\/a>","rttpg_excerpt":"Nuova pavimentazione, aree verdi e giochi d'acqua: il cantiere dovr\u00e0 concludersi entro il 7 febbraio del prossimo anno","_links":{"self":[{"href":"https:\/\/imagazine.it\/home_desk\/wp-json\/wp\/v2\/posts\/51296","targetHints":{"allow":["GET"]}}],"collection":[{"href":"https:\/\/imagazine.it\/home_desk\/wp-json\/wp\/v2\/posts"}],"about":[{"href":"https:\/\/imagazine.it\/home_desk\/wp-json\/wp\/v2\/types\/post"}],"author":[{"embeddable":true,"href":"https:\/\/imagazine.it\/home_desk\/wp-json\/wp\/v2\/users\/28"}],"replies":[{"embeddable":true,"href":"https:\/\/imagazine.it\/home_desk\/wp-json\/wp\/v2\/comments?post=51296"}],"version-history":[{"count":0,"href":"https:\/\/imagazine.it\/home_desk\/wp-json\/wp\/v2\/posts\/51296\/revisions"}],"wp:featuredmedia":[{"embeddable":true,"href":"https:\/\/imagazine.it\/home_desk\/wp-json\/wp\/v2\/media\/51297"}],"wp:attachment":[{"href":"https:\/\/imagazine.it\/home_desk\/wp-json\/wp\/v2\/media?parent=51296"}],"wp:term":[{"taxonomy":"category","embeddable":true,"href":"https:\/\/imagazine.it\/home_desk\/wp-json\/wp\/v2\/categories?post=51296"},{"taxonomy":"post_tag","embeddable":true,"href":"https:\/\/imagazine.it\/home_desk\/wp-json\/wp\/v2\/tags?post=51296"}],"curies":[{"name":"wp","href":"https:\/\/api.w.org\/{rel}","templated":true}]}}