{"id":51235,"date":"2024-01-08T11:11:38","date_gmt":"2024-01-08T10:11:38","guid":{"rendered":"https:\/\/imagazine.it\/home_desk\/?p=51235"},"modified":"2024-02-12T11:15:19","modified_gmt":"2024-02-12T10:15:19","slug":"aspiranti-giornalisti-torna-il-premio-leali-young","status":"publish","type":"post","link":"https:\/\/imagazine.it\/home_desk\/aspiranti-giornalisti-torna-il-premio-leali-young\/","title":{"rendered":"Aspiranti giornalisti, torna il Premio Leali Young"},"content":{"rendered":"<p><em><span style=\"font-size: 10pt;\">Il presidente Perrino con i vincitori della passata edizione (ph. Luca D&#8217;Agostino &#8211; Phocus Agency)<\/span><\/em><\/p>\n<p>RONCHI DEI LEGIONARI<strong> \u2013<\/strong><strong> Leali delle Notizie<\/strong> presenta<strong> gioved\u00ec 11 gennaio alle ore 10.30 <\/strong>in<strong> conferenza stampa <\/strong>la<strong> III edizione del \u201cPremio Leali Young &#8211; in memoria di Cristina Visintini\u201d <\/strong>al Palazzo Municipale di Ronchi dei Legionari in Piazza Unit\u00e0 d\u2019Italia.<\/p>\n<p>L\u2019associazione culturale ripropone con <strong>alcune novit\u00e0<\/strong> il <strong>concorso per giovani aspiranti giornalisti fra i 18 e i 35 anni residenti in tutto il territorio nazionale<\/strong>, con l\u2019obiettivo di <strong>incentivare l\u2019attivit\u00e0 del giornalismo<\/strong> e di <strong>promuovere l\u2019inserimento dei giovani nella professione<\/strong>.<\/p>\n<p>Anche nel 2024 un apposito <strong>comitato scientifico<\/strong> formato da giornalisti esaminer\u00e0 i lavori presentati dai partecipanti e i <strong>vincitori<\/strong> verranno poi premiato nel giorno dell\u2019<strong>inaugurazione <\/strong>della <strong>X edizione del Festival del Giornalismo<\/strong>, che si terr\u00e0 a Ronchi dei Legionari <strong>dall\u201911 al 16 giugno<\/strong>.<\/p>\n<p>La <strong>prima edizione<\/strong> del <strong>premio Leali Young<\/strong> \u00e8 partita nel <strong>gennaio del 2022<\/strong>. \u00ab<em>L\u2019iniziativa \u00e8 stata realizzata per ricordare la figura di <\/em><strong><em>Cristina Visintini<\/em><\/strong> \u2013 raccontano il <strong>presidente e la vicepresidente<\/strong><strong> Luca Perrino <\/strong><strong>e<\/strong><strong> Giulia Micheluzzi<\/strong> \u2013, <em>giornalista e vicepresidente di Leali delle Notizie, che \u00e8 scomparsa prematuramente nell\u2019agosto del 2021, lasciando un grande vuoto all\u2019interno dell\u2019associazione e della comunit\u00e0 ronchese<\/em>\u00bb.<\/p>\n<p>Nelle <strong>prime due edizioni<\/strong> hanno partecipato al concorso di Leali delle Notizie in <strong>quasi 100 giovani<\/strong>. La <strong>vincitrice<\/strong> della <strong>prima edizione del Premio Leali Young<\/strong> era stata <strong>Agnese Baini<\/strong> con un <strong>podcast<\/strong> dal titolo <em><strong>\u00c8 tutta una questione di salti<\/strong><\/em>. Una traccia audio in cui era stata illustrata la situazione carceraria in Italia con un focus sulla <strong>casa circondariale \u201cErnesto Mari\u201d di Trieste<\/strong>.<\/p>\n<p>Nella <strong>scorsa edizione<\/strong> erano stati invece premiati tre giovani aspiranti giornalisti che hanno acceso i riflettori sulle migrazioni e il rispetto dei loro diritti. <strong>Costanza Oliva<\/strong> aveva vinto nella sezione \u201c<strong>articolo su carta stampata\u201d <\/strong>con un prodotto giornalistico inedito dal titolo <em><strong>Noi in fuga dal Salvador<\/strong><\/em> e realizzato in collaborazione con <strong>Matteo Negri<\/strong>. <strong>Elvis Zoppolato<\/strong> aveva invece ricevuto un riconoscimento nella categoria <strong>\u201cpodcast o prodotti web\u201d <\/strong>con l\u2019articolo <em>Lesbo \u00e8 ancora un\u2019Alcatraz per migranti<\/em>\u00a0pubblicato nel 2022 online nella rivista Left. Infine, <strong>Lorella Lombardo<\/strong> aveva vinto nella sezione <strong>\u201creportage\u201d<\/strong> con una video inchiesta dal titolo <em>Gli invisibili della notte<\/em>\u00a0pubblicato nel 2022 dalla testata giornalistica online Il Format.<\/p>\n<p>Il \u201c<strong>Premio Leali Young \u2013 in memoria di Cristina Visintini\u201d<\/strong> \u00e8 finanziato dalla <strong>Regione Friuli Venezia Giulia<\/strong> e appoggiato dalla <strong>Citt\u00e0 di Ronchi dei Legionari<\/strong>.<\/p>\n<p>L\u2019associazione Leali delle Notizie si impegner\u00e0 ad aggiornare le informazioni sul bando negli spazi creati appositamente per avvicinare con pi\u00f9 facilit\u00e0 i giovani all\u2019iniziativa. Nello specifico, le informazioni saranno reperibili sul sito <u><a href=\"https:\/\/wordpress.us18.list-manage.com\/track\/click?u=cc5e4d3706f5b47cb175d4871&amp;id=50f4e83e89&amp;e=e1420f8d57\" target=\"_blank\" rel=\"noopener\" data-saferedirecturl=\"https:\/\/www.google.com\/url?q=https:\/\/wordpress.us18.list-manage.com\/track\/click?u%3Dcc5e4d3706f5b47cb175d4871%26id%3D50f4e83e89%26e%3De1420f8d57&amp;source=gmail&amp;ust=1704787854304000&amp;usg=AOvVaw2dKIiQr0u9uCdAGEZv20h6\">www.lealidellenotizie.it<\/a><\/u> nella <strong>sezione <\/strong>dedicata al <strong>Premio Leali Young<\/strong>, su<strong> Instagram <\/strong>nella pagina <strong>\u201cpremiogiornalistico_<wbr \/>lealiyoung\u201d <\/strong>e su<strong> Facebook<\/strong> nella pagina \u201c<strong>Premio Giornalistico Leali Young<\/strong>\u201d.<\/p>\n","protected":false},"excerpt":{"rendered":"<p>Riservato ai giovani tra 18 e 35 anni residenti in tutto il territorio nazionale, con l\u2019obiettivo di incentivare l\u2019attivit\u00e0 del giornalismo e di promuovere l\u2019inserimento nella professione<\/p>\n","protected":false},"author":28,"featured_media":51236,"comment_status":"closed","ping_status":"closed","sticky":false,"template":"","format":"image","meta":{"dwc-title":[""],"dwc-content":[""],"footnotes":""},"categories":[37],"tags":[404,406,405,149],"class_list":["post-51235","post","type-post","status-publish","format-image","has-post-thumbnail","hentry","category-cultura-e-spettacolo","tag-giornalismo","tag-informazione","tag-leali-delle-notizie","tag-ronchi","post_format-post-format-image"],"rttpg_featured_image_url":{"full":["https:\/\/imagazine.it\/wp-content\/uploads\/2024\/02\/premiazione2023.jpg",1000,667,false],"landscape":["https:\/\/imagazine.it\/wp-content\/uploads\/2024\/02\/premiazione2023.jpg",1000,667,false],"portraits":["https:\/\/imagazine.it\/wp-content\/uploads\/2024\/02\/premiazione2023.jpg",1000,667,false],"thumbnail":["https:\/\/imagazine.it\/wp-content\/uploads\/2024\/02\/premiazione2023-150x150.jpg",150,150,true],"medium":["https:\/\/imagazine.it\/wp-content\/uploads\/2024\/02\/premiazione2023-300x200.jpg",300,200,true],"large":["https:\/\/imagazine.it\/wp-content\/uploads\/2024\/02\/premiazione2023.jpg",640,427,false],"thumblist":["https:\/\/imagazine.it\/wp-content\/uploads\/2024\/02\/premiazione2023-300x300.jpg",300,300,true],"thumbrelated":["https:\/\/imagazine.it\/wp-content\/uploads\/2024\/02\/premiazione2023-500x500.jpg",500,500,true],"meccarouselthumb":["https:\/\/imagazine.it\/wp-content\/uploads\/2024\/02\/premiazione2023-474x324.jpg",474,324,true],"gridsquare":["https:\/\/imagazine.it\/wp-content\/uploads\/2024\/02\/premiazione2023-391x260.jpg",391,260,true],"tileview":["https:\/\/imagazine.it\/wp-content\/uploads\/2024\/02\/premiazione2023-300x400.jpg",300,400,true],"1536x1536":["https:\/\/imagazine.it\/wp-content\/uploads\/2024\/02\/premiazione2023.jpg",1000,667,false],"2048x2048":["https:\/\/imagazine.it\/wp-content\/uploads\/2024\/02\/premiazione2023.jpg",1000,667,false],"newsup-slider-full":["https:\/\/imagazine.it\/wp-content\/uploads\/2024\/02\/premiazione2023.jpg",1000,667,false],"newsup-featured":["https:\/\/imagazine.it\/wp-content\/uploads\/2024\/02\/premiazione2023.jpg",1000,667,false],"newsup-medium":["https:\/\/imagazine.it\/wp-content\/uploads\/2024\/02\/premiazione2023-720x380.jpg",720,380,true],"tptn_thumbnail":["https:\/\/imagazine.it\/wp-content\/uploads\/2024\/02\/premiazione2023.jpg",250,167,false],"sow-carousel-default":["https:\/\/imagazine.it\/wp-content\/uploads\/2024\/02\/premiazione2023.jpg",272,182,false]},"rttpg_author":{"display_name":"redazione","author_link":"https:\/\/imagazine.it\/home_desk\/author\/redazione\/"},"rttpg_comment":0,"rttpg_category":"<a href=\"https:\/\/imagazine.it\/home_desk\/category\/cultura-e-spettacolo\/\" rel=\"category tag\">CULTURA&amp;SPETTACOLO<\/a>","rttpg_excerpt":"Riservato ai giovani tra 18 e 35 anni residenti in tutto il territorio nazionale, con l\u2019obiettivo di incentivare l\u2019attivit\u00e0 del giornalismo e di promuovere l\u2019inserimento nella professione","_links":{"self":[{"href":"https:\/\/imagazine.it\/home_desk\/wp-json\/wp\/v2\/posts\/51235","targetHints":{"allow":["GET"]}}],"collection":[{"href":"https:\/\/imagazine.it\/home_desk\/wp-json\/wp\/v2\/posts"}],"about":[{"href":"https:\/\/imagazine.it\/home_desk\/wp-json\/wp\/v2\/types\/post"}],"author":[{"embeddable":true,"href":"https:\/\/imagazine.it\/home_desk\/wp-json\/wp\/v2\/users\/28"}],"replies":[{"embeddable":true,"href":"https:\/\/imagazine.it\/home_desk\/wp-json\/wp\/v2\/comments?post=51235"}],"version-history":[{"count":0,"href":"https:\/\/imagazine.it\/home_desk\/wp-json\/wp\/v2\/posts\/51235\/revisions"}],"wp:featuredmedia":[{"embeddable":true,"href":"https:\/\/imagazine.it\/home_desk\/wp-json\/wp\/v2\/media\/51236"}],"wp:attachment":[{"href":"https:\/\/imagazine.it\/home_desk\/wp-json\/wp\/v2\/media?parent=51235"}],"wp:term":[{"taxonomy":"category","embeddable":true,"href":"https:\/\/imagazine.it\/home_desk\/wp-json\/wp\/v2\/categories?post=51235"},{"taxonomy":"post_tag","embeddable":true,"href":"https:\/\/imagazine.it\/home_desk\/wp-json\/wp\/v2\/tags?post=51235"}],"curies":[{"name":"wp","href":"https:\/\/api.w.org\/{rel}","templated":true}]}}