{"id":51211,"date":"2024-01-10T10:50:39","date_gmt":"2024-01-10T09:50:39","guid":{"rendered":"https:\/\/imagazine.it\/home_desk\/?p=51211"},"modified":"2024-02-12T10:55:13","modified_gmt":"2024-02-12T09:55:13","slug":"udine-prima-pietra-per-il-nuovo-campus-medico","status":"publish","type":"post","link":"https:\/\/imagazine.it\/home_desk\/udine-prima-pietra-per-il-nuovo-campus-medico\/","title":{"rendered":"Udine, prima pietra per il nuovo campus medico"},"content":{"rendered":"<p>UDINE \u2013 \u00c8 stata posta la prima pietra per realizzare nell\u2019area esterna dell\u2019<strong>ex<\/strong> <strong>convento dei Cappuccini<\/strong> in piazzale Kolbe la <strong>nuova sede del Dipartimento di Medicina dell\u2019Universit\u00e0 di Udine<\/strong> che ospiter\u00e0 i corsi di laurea in Medicina e Chirurgia e delle Professioni sanitarie.<\/p>\n<p>All\u2019evento sono intervenuti il rettore <strong>Roberto Pinton<\/strong>, l\u2019assessore regionale alla Salute <strong>Riccardo Riccardi<\/strong>, l\u2019assessore regionale al Lavoro, Formazione, Istruzione, Ricerca Universit\u00e0 e Famiglia <strong>Alessia Rosolen<\/strong>, il sindaco di Udine <strong>Alberto De Toni<\/strong>, il direttore generale dell&#8217;Azienda sanitaria universitaria Friuli Centrale <strong>Denis Caporale<\/strong>, il CEO e founder di Progetto CMR di Milano <strong>Massimo Roj<\/strong> e <strong>Andrea Perini,<\/strong> direttore dell\u2019impresa aggiudicataria Icicop di Ronchi dei Legionari. Per l\u2019universit\u00e0 c\u2019erano anche il direttore del dipartimento di Medicina, <strong>Leonardo Sechi<\/strong>, oltre a numerosi altri docenti delegati e referenti dell\u2019attivit\u00e0 dipartimentale e il personale della direzione Servizi operativi. Al termine della cerimonia, che ha visto depositare una pergamena all\u2019interno della prima pietra, il cantiere ha ricevuto la benedizione del vicario generale <strong>Guido Genero<\/strong>.<\/p>\n<p>La superficie a verde disponibile nell\u2019ambito dell\u2019ex convento, situata a sud degli edifici esistenti, costituisce il sedime su cui \u00e8 prevista la nuova costruzione. Dal punto di vista funzionale il complesso \u00e8 articolato in <strong>due edifici distinti<\/strong>: il primo, su due piani, destinato alle <strong>aule per la didattica<\/strong> e il secondo, su tre piani, come <strong>sede dipartimentale e dei laboratori di ricerca<\/strong>. I laboratori didattici, in continuit\u00e0 con il corpo aule, sono collocati ai piani interrato e terra e hanno accesso controllato, mentre i laboratori di ricerca sono accessibili mediante zone filtro. Al piano secondo sono collocati gli studi dei docenti articolati in base ai diversi settori disciplinari del Dipartimento.<\/p>\n<p>L\u2019intervento, del costo complessivo di <strong>quasi 20 milioni di euro<\/strong>, ha lo scopo di dare pi\u00f9 spazio alla didattica e di trasferire i laboratori presenti negli edifici esistenti in spazi moderni e pi\u00f9 adatti a ospitare attivit\u00e0 ad alto contenuto tecnologico.<\/p>\n<p>Il nuovo complesso includer\u00e0, tra l\u2019altro, <strong>8 aule<\/strong> (di cui 3 da 200 posti) per una <strong>capienza complessiva di quasi 1.000 posti a sedere<\/strong>, circa <strong>70 laboratori<\/strong>, circa <strong>60 uffici<\/strong> tra studi e openspace e avr\u00e0, oltre all\u2019attuale accesso su via Chiusaforte, un nuovo ingresso su via Ristori.<\/p>\n<p>L\u2019opera sar\u00e0 realizzata con il contributo della Regione Friuli Venezia Giulia e del Ministero dell\u2019Universit\u00e0 e della Ricerca. La progettazione e la direzione lavori \u00e8 di Progetto CMR di Milano, mentre l&#8217;impresa aggiudicataria \u00e8 la Icicoop di Ronchi dei Legionari. I lavori termineranno <strong>entro la fine del 2024<\/strong>.<\/p>\n<p>L\u2019intera filosofia progettuale \u00e8 basata sulla sostenibilit\u00e0 ambientale e l\u2019efficienza energetica. Da un punto di vista costruttivo il progetto risponde alle pi\u00f9 recenti tecnologie dell\u2019ingegneria antisismica con la messa in opera di sistemi isolatori in fondazione finalizzati a diminuire la trasmissione delle azioni sismiche dal terreno all\u2019edificio.<\/p>\n<p>L\u2019intervento si colloca nell\u2019ambito di un progetto di pi\u00f9 ampio respiro che prevede anche il recupero di una parte dell\u2019ex convento per destinarlo ad attivit\u00e0 di tipo residenziale, ricreative e collettive con destinazione universitaria, che andr\u00e0 a costituire il nuovo Campus di Area Medica.<\/p>\n<p>Tale progetto potr\u00e0 influenzare il prossimo sviluppo del quartiere e della citt\u00e0, ospitando attivit\u00e0 mirate a produrre innovazione scientifica ad alto livello in ambito medico e sanitario. Il nuovo Campus \u00e8 stato progettato nel rispetto di un contesto naturale di pregio, dove studenti, docenti e personale potranno usufruire anche dei giardini e delle aree esterne di aggregazione.<\/p>\n","protected":false},"excerpt":{"rendered":"<p>Pi\u00f9 spazio a didattica e ricerca con mille posti a sedere e 70 laboratori. I lavori in piazzale Kolbe saranno ultimato entro la fine dell&#8217;anno<\/p>\n","protected":false},"author":28,"featured_media":51212,"comment_status":"closed","ping_status":"closed","sticky":false,"template":"","format":"image","meta":{"dwc-title":[""],"dwc-content":[""],"footnotes":""},"categories":[5],"tags":[397,173,101,388],"class_list":["post-51211","post","type-post","status-publish","format-image","has-post-thumbnail","hentry","category-attualita","tag-campus","tag-riqualificazione","tag-udine","tag-universita","post_format-post-format-image"],"rttpg_featured_image_url":{"full":["https:\/\/imagazine.it\/wp-content\/uploads\/2024\/02\/Progetto-CMR-UniversitaI-di-Udine-Vista-da-Ingresso-Principale-min.jpg",1000,562,false],"landscape":["https:\/\/imagazine.it\/wp-content\/uploads\/2024\/02\/Progetto-CMR-UniversitaI-di-Udine-Vista-da-Ingresso-Principale-min.jpg",1000,562,false],"portraits":["https:\/\/imagazine.it\/wp-content\/uploads\/2024\/02\/Progetto-CMR-UniversitaI-di-Udine-Vista-da-Ingresso-Principale-min.jpg",1000,562,false],"thumbnail":["https:\/\/imagazine.it\/wp-content\/uploads\/2024\/02\/Progetto-CMR-UniversitaI-di-Udine-Vista-da-Ingresso-Principale-min-150x150.jpg",150,150,true],"medium":["https:\/\/imagazine.it\/wp-content\/uploads\/2024\/02\/Progetto-CMR-UniversitaI-di-Udine-Vista-da-Ingresso-Principale-min-300x169.jpg",300,169,true],"large":["https:\/\/imagazine.it\/wp-content\/uploads\/2024\/02\/Progetto-CMR-UniversitaI-di-Udine-Vista-da-Ingresso-Principale-min.jpg",640,360,false],"thumblist":["https:\/\/imagazine.it\/wp-content\/uploads\/2024\/02\/Progetto-CMR-UniversitaI-di-Udine-Vista-da-Ingresso-Principale-min-300x300.jpg",300,300,true],"thumbrelated":["https:\/\/imagazine.it\/wp-content\/uploads\/2024\/02\/Progetto-CMR-UniversitaI-di-Udine-Vista-da-Ingresso-Principale-min-500x500.jpg",500,500,true],"meccarouselthumb":["https:\/\/imagazine.it\/wp-content\/uploads\/2024\/02\/Progetto-CMR-UniversitaI-di-Udine-Vista-da-Ingresso-Principale-min-474x324.jpg",474,324,true],"gridsquare":["https:\/\/imagazine.it\/wp-content\/uploads\/2024\/02\/Progetto-CMR-UniversitaI-di-Udine-Vista-da-Ingresso-Principale-min-391x260.jpg",391,260,true],"tileview":["https:\/\/imagazine.it\/wp-content\/uploads\/2024\/02\/Progetto-CMR-UniversitaI-di-Udine-Vista-da-Ingresso-Principale-min-300x400.jpg",300,400,true],"1536x1536":["https:\/\/imagazine.it\/wp-content\/uploads\/2024\/02\/Progetto-CMR-UniversitaI-di-Udine-Vista-da-Ingresso-Principale-min.jpg",1000,562,false],"2048x2048":["https:\/\/imagazine.it\/wp-content\/uploads\/2024\/02\/Progetto-CMR-UniversitaI-di-Udine-Vista-da-Ingresso-Principale-min.jpg",1000,562,false],"newsup-slider-full":["https:\/\/imagazine.it\/wp-content\/uploads\/2024\/02\/Progetto-CMR-UniversitaI-di-Udine-Vista-da-Ingresso-Principale-min.jpg",1000,562,false],"newsup-featured":["https:\/\/imagazine.it\/wp-content\/uploads\/2024\/02\/Progetto-CMR-UniversitaI-di-Udine-Vista-da-Ingresso-Principale-min.jpg",1000,562,false],"newsup-medium":["https:\/\/imagazine.it\/wp-content\/uploads\/2024\/02\/Progetto-CMR-UniversitaI-di-Udine-Vista-da-Ingresso-Principale-min-720x380.jpg",720,380,true],"tptn_thumbnail":["https:\/\/imagazine.it\/wp-content\/uploads\/2024\/02\/Progetto-CMR-UniversitaI-di-Udine-Vista-da-Ingresso-Principale-min.jpg",250,141,false],"sow-carousel-default":["https:\/\/imagazine.it\/wp-content\/uploads\/2024\/02\/Progetto-CMR-UniversitaI-di-Udine-Vista-da-Ingresso-Principale-min.jpg",272,153,false]},"rttpg_author":{"display_name":"redazione","author_link":"https:\/\/imagazine.it\/home_desk\/author\/redazione\/"},"rttpg_comment":0,"rttpg_category":"<a href=\"https:\/\/imagazine.it\/home_desk\/category\/attualita\/\" rel=\"category tag\">ATTUALIT\u00c0<\/a>","rttpg_excerpt":"Pi\u00f9 spazio a didattica e ricerca con mille posti a sedere e 70 laboratori. I lavori in piazzale Kolbe saranno ultimato entro la fine dell'anno","_links":{"self":[{"href":"https:\/\/imagazine.it\/home_desk\/wp-json\/wp\/v2\/posts\/51211","targetHints":{"allow":["GET"]}}],"collection":[{"href":"https:\/\/imagazine.it\/home_desk\/wp-json\/wp\/v2\/posts"}],"about":[{"href":"https:\/\/imagazine.it\/home_desk\/wp-json\/wp\/v2\/types\/post"}],"author":[{"embeddable":true,"href":"https:\/\/imagazine.it\/home_desk\/wp-json\/wp\/v2\/users\/28"}],"replies":[{"embeddable":true,"href":"https:\/\/imagazine.it\/home_desk\/wp-json\/wp\/v2\/comments?post=51211"}],"version-history":[{"count":0,"href":"https:\/\/imagazine.it\/home_desk\/wp-json\/wp\/v2\/posts\/51211\/revisions"}],"wp:featuredmedia":[{"embeddable":true,"href":"https:\/\/imagazine.it\/home_desk\/wp-json\/wp\/v2\/media\/51212"}],"wp:attachment":[{"href":"https:\/\/imagazine.it\/home_desk\/wp-json\/wp\/v2\/media?parent=51211"}],"wp:term":[{"taxonomy":"category","embeddable":true,"href":"https:\/\/imagazine.it\/home_desk\/wp-json\/wp\/v2\/categories?post=51211"},{"taxonomy":"post_tag","embeddable":true,"href":"https:\/\/imagazine.it\/home_desk\/wp-json\/wp\/v2\/tags?post=51211"}],"curies":[{"name":"wp","href":"https:\/\/api.w.org\/{rel}","templated":true}]}}