{"id":51181,"date":"2024-01-18T10:10:09","date_gmt":"2024-01-18T09:10:09","guid":{"rendered":"https:\/\/imagazine.it\/home_desk\/?p=51181"},"modified":"2024-02-12T10:12:14","modified_gmt":"2024-02-12T09:12:14","slug":"gorizia-slitta-la-riapertura-integrale-del-castello","status":"publish","type":"post","link":"https:\/\/imagazine.it\/home_desk\/gorizia-slitta-la-riapertura-integrale-del-castello\/","title":{"rendered":"Gorizia, slitta la riapertura integrale del Castello"},"content":{"rendered":"<p>GORIZIA \u2013 I <strong>lavori di manutenzione in corso al Castello di Gorizia<\/strong> richiederanno ancora qualche giorno e <strong>proseguiranno anche la prossima settimana<\/strong>.<\/p>\n<p>Dal momento che per mettere a punto le migliorie \u00e8 richiesta la chiusura temporanea al pubblico del primo piano, fino a venerd\u00ec 26 gennaio compreso sar\u00e0 visitabile solo il pianoterra del maniero con ingresso gratuito.<\/p>\n<p>Nel periodo di esecuzione dei lavori i visitatori potranno fruire senza pagare il biglietto esclusivamente della cinta muraria e delle aree al pianoterra, ovvero di corte, cucine, sala armi e cella, con il percorso multimediale limitato alle \u201capparizioni\u201d del giullare e della Dama bianca.<\/p>\n<p>Gli orari di apertura resteranno quelli consueti: marted\u00ec, mercoled\u00ec e gioved\u00ec dalle 10 alle 15 (con ultimo ingresso alle 14.15), venerd\u00ec, sabato e domenica dalle 10 alle 18 (con ultimo ingresso alle 17.15).<\/p>\n<p>Il <strong>biglietto a 2,50 euro per i residenti a Gorizia<\/strong>, recentemente introdotto dalla giunta comunale come elemento di novit\u00e0 del nuovo tariffario per il maniero, entrer\u00e0 <strong>in vigore sabato 27<\/strong>.<\/p>\n","protected":false},"excerpt":{"rendered":"<p>Fino al 26 gennaio sar\u00e0 visitabile solo il pianoterra del maniero, con ingresso gratuito<\/p>\n","protected":false},"author":28,"featured_media":51182,"comment_status":"closed","ping_status":"closed","sticky":false,"template":"","format":"image","meta":{"dwc-title":[""],"dwc-content":[""],"footnotes":""},"categories":[5],"tags":[386,43],"class_list":["post-51181","post","type-post","status-publish","format-image","has-post-thumbnail","hentry","category-attualita","tag-castello","tag-gorizia","post_format-post-format-image"],"rttpg_featured_image_url":{"full":["https:\/\/imagazine.it\/wp-content\/uploads\/2024\/02\/parziale.jpg",750,430,false],"landscape":["https:\/\/imagazine.it\/wp-content\/uploads\/2024\/02\/parziale.jpg",750,430,false],"portraits":["https:\/\/imagazine.it\/wp-content\/uploads\/2024\/02\/parziale.jpg",750,430,false],"thumbnail":["https:\/\/imagazine.it\/wp-content\/uploads\/2024\/02\/parziale-150x150.jpg",150,150,true],"medium":["https:\/\/imagazine.it\/wp-content\/uploads\/2024\/02\/parziale-300x172.jpg",300,172,true],"large":["https:\/\/imagazine.it\/wp-content\/uploads\/2024\/02\/parziale.jpg",640,367,false],"thumblist":["https:\/\/imagazine.it\/wp-content\/uploads\/2024\/02\/parziale-300x300.jpg",300,300,true],"thumbrelated":["https:\/\/imagazine.it\/wp-content\/uploads\/2024\/02\/parziale-500x430.jpg",500,430,true],"meccarouselthumb":["https:\/\/imagazine.it\/wp-content\/uploads\/2024\/02\/parziale-474x324.jpg",474,324,true],"gridsquare":["https:\/\/imagazine.it\/wp-content\/uploads\/2024\/02\/parziale-391x260.jpg",391,260,true],"tileview":["https:\/\/imagazine.it\/wp-content\/uploads\/2024\/02\/parziale-300x400.jpg",300,400,true],"1536x1536":["https:\/\/imagazine.it\/wp-content\/uploads\/2024\/02\/parziale.jpg",750,430,false],"2048x2048":["https:\/\/imagazine.it\/wp-content\/uploads\/2024\/02\/parziale.jpg",750,430,false],"newsup-slider-full":["https:\/\/imagazine.it\/wp-content\/uploads\/2024\/02\/parziale.jpg",750,430,false],"newsup-featured":["https:\/\/imagazine.it\/wp-content\/uploads\/2024\/02\/parziale.jpg",750,430,false],"newsup-medium":["https:\/\/imagazine.it\/wp-content\/uploads\/2024\/02\/parziale-720x380.jpg",720,380,true],"tptn_thumbnail":["https:\/\/imagazine.it\/wp-content\/uploads\/2024\/02\/parziale.jpg",250,143,false],"sow-carousel-default":["https:\/\/imagazine.it\/wp-content\/uploads\/2024\/02\/parziale.jpg",272,156,false]},"rttpg_author":{"display_name":"redazione","author_link":"https:\/\/imagazine.it\/home_desk\/author\/redazione\/"},"rttpg_comment":0,"rttpg_category":"<a href=\"https:\/\/imagazine.it\/home_desk\/category\/attualita\/\" rel=\"category tag\">ATTUALIT\u00c0<\/a>","rttpg_excerpt":"Fino al 26 gennaio sar\u00e0 visitabile solo il pianoterra del maniero, con ingresso gratuito","_links":{"self":[{"href":"https:\/\/imagazine.it\/home_desk\/wp-json\/wp\/v2\/posts\/51181","targetHints":{"allow":["GET"]}}],"collection":[{"href":"https:\/\/imagazine.it\/home_desk\/wp-json\/wp\/v2\/posts"}],"about":[{"href":"https:\/\/imagazine.it\/home_desk\/wp-json\/wp\/v2\/types\/post"}],"author":[{"embeddable":true,"href":"https:\/\/imagazine.it\/home_desk\/wp-json\/wp\/v2\/users\/28"}],"replies":[{"embeddable":true,"href":"https:\/\/imagazine.it\/home_desk\/wp-json\/wp\/v2\/comments?post=51181"}],"version-history":[{"count":0,"href":"https:\/\/imagazine.it\/home_desk\/wp-json\/wp\/v2\/posts\/51181\/revisions"}],"wp:featuredmedia":[{"embeddable":true,"href":"https:\/\/imagazine.it\/home_desk\/wp-json\/wp\/v2\/media\/51182"}],"wp:attachment":[{"href":"https:\/\/imagazine.it\/home_desk\/wp-json\/wp\/v2\/media?parent=51181"}],"wp:term":[{"taxonomy":"category","embeddable":true,"href":"https:\/\/imagazine.it\/home_desk\/wp-json\/wp\/v2\/categories?post=51181"},{"taxonomy":"post_tag","embeddable":true,"href":"https:\/\/imagazine.it\/home_desk\/wp-json\/wp\/v2\/tags?post=51181"}],"curies":[{"name":"wp","href":"https:\/\/api.w.org\/{rel}","templated":true}]}}