{"id":51002,"date":"2024-02-09T16:27:43","date_gmt":"2024-02-09T15:27:43","guid":{"rendered":"https:\/\/imagazine.it\/home_desk\/?p=51002"},"modified":"2024-02-09T16:27:43","modified_gmt":"2024-02-09T15:27:43","slug":"veste-rinnovata-per-le-terme-di-arta","status":"publish","type":"post","link":"https:\/\/imagazine.it\/home_desk\/veste-rinnovata-per-le-terme-di-arta\/","title":{"rendered":"Veste rinnovata per le Terme di Arta"},"content":{"rendered":"<p>ARTA TERME \u2013 Una nuova area piscine va ad arricchire l\u2019offerta dello stabilimento termale di Arta Terme.<\/p>\n<p>Il <strong>nuovo padiglione coperto <\/strong>comprende una <strong>vasca ludica centrale di 20 metri<\/strong>, con due ali dedicate alla spiaggetta per i pi\u00f9 piccoli e al \u2018vortice\u2019 per i ragazzini, oltre a uno <strong>scivolo di 40 metri<\/strong>.<\/p>\n<p>\u00c8 stata inoltre realizzata una <strong>nuova piscina esterna con idromassaggio<\/strong>, in cui rilassarsi di fronte al panorama delle montagne della Carnia, immersi nel verde. L\u2019intervento, nel suo complesso, ha previsto la realizzazione ex novo del reparto inalazioni con l\u2019installazione di nuove apparecchiature all\u2019avanguardia.<\/p>\n<p>\u00c8 stato inaugurato oggi dall\u2019assessore regionale alle attivit\u00e0 produttive e turismo, <strong>Sergio Emidio Bini<\/strong>, dall\u2019amministratore delegato del Gruppo Garofalo Health Care spa, <strong>Maria Laura Garofalo<\/strong>, dall\u2019amministratore unico di Terme FVG, <strong>Salvatore Guarneri<\/strong>, e dal sindaco di Arta Terme<strong> Andrea Faccin <\/strong>l\u2019intervento di adeguamento e potenziamento delle Terme di Arta, che ha permesso di riqualificare il complesso e di ampliare i servizi offerti al pubblico.<\/p>\n<p>La riqualificazione del complesso che ospita le Terme di Arta, di propriet\u00e0 del Comune e gestite da Terme FVG, \u00e8 stata avviata poco prima della pandemia e ha interessato diversi ambienti. Un iter complesso, che ha risentito anche dello stop dovuto all\u2019emergenza Covid e dell\u2019aumento dei costi delle materie prime. L\u2019investimento per l\u2019ultimo lotto di completamento dello stabilimento, per un valore di oltre 7 milioni euro.<\/p>\n<p><iframe loading=\"lazy\" title=\"Riqualificate le Terme di Arte\" width=\"640\" height=\"360\" src=\"https:\/\/www.youtube.com\/embed\/Pzl-8ODaY4g?feature=oembed\" frameborder=\"0\" allow=\"accelerometer; autoplay; clipboard-write; encrypted-media; gyroscope; picture-in-picture; web-share\" referrerpolicy=\"strict-origin-when-cross-origin\" allowfullscreen><\/iframe><\/p>\n<p>All\u2019interno della parte storica del complesso, circa un anno fa \u00e8 stato completamente rinnovato il reparto inalazioni, con due sale distinte per adulti e bambini e una serie di prestazioni diverse.<\/p>\n<p>Al piano rialzato dell\u2019edificio \u2018Venier\u2019 \u00e8 stata realizzata la cucina a uso del futuro punto ristorazione, che sar\u00e0 fruibile sia dagli ospiti delle Terme che dal pubblico esterno, e inoltre si \u00e8 previsto il rifacimento completo con implementazione degli spogliatoi a servizio della struttura.<\/p>\n<p>Importante \u00e8 stata anche la riqualificazione del verde nell\u2019area interna allo stabilimento su cui affacciano le piscine, con la piantumazione di siepi e nuove alberature che ombreggeranno le vasche esterne.<\/p>\n","protected":false},"excerpt":{"rendered":"<p>Inaugurata la nuova area piscina dello stabilimento termale, con giochi e spazi dedicati ai pi\u00f9 piccoli e alle loro famiglie<\/p>\n","protected":false},"author":28,"featured_media":51003,"comment_status":"closed","ping_status":"closed","sticky":false,"template":"","format":"image","meta":{"dwc-title":[""],"dwc-content":[""],"footnotes":""},"categories":[8],"tags":[361,363,362,360,364],"class_list":["post-51002","post","type-post","status-publish","format-image","has-post-thumbnail","hentry","category-turismo","tag-arta-terme","tag-benessere","tag-carnia","tag-terme","tag-wellness","post_format-post-format-image"],"rttpg_featured_image_url":{"full":["https:\/\/imagazine.it\/wp-content\/uploads\/2024\/02\/terme-di-arta.jpg",1366,770,false],"landscape":["https:\/\/imagazine.it\/wp-content\/uploads\/2024\/02\/terme-di-arta.jpg",1366,770,false],"portraits":["https:\/\/imagazine.it\/wp-content\/uploads\/2024\/02\/terme-di-arta.jpg",1366,770,false],"thumbnail":["https:\/\/imagazine.it\/wp-content\/uploads\/2024\/02\/terme-di-arta-150x150.jpg",150,150,true],"medium":["https:\/\/imagazine.it\/wp-content\/uploads\/2024\/02\/terme-di-arta-300x169.jpg",300,169,true],"large":["https:\/\/imagazine.it\/wp-content\/uploads\/2024\/02\/terme-di-arta-1024x577.jpg",640,361,true],"thumblist":["https:\/\/imagazine.it\/wp-content\/uploads\/2024\/02\/terme-di-arta-300x300.jpg",300,300,true],"thumbrelated":["https:\/\/imagazine.it\/wp-content\/uploads\/2024\/02\/terme-di-arta-500x500.jpg",500,500,true],"meccarouselthumb":["https:\/\/imagazine.it\/wp-content\/uploads\/2024\/02\/terme-di-arta-474x324.jpg",474,324,true],"gridsquare":["https:\/\/imagazine.it\/wp-content\/uploads\/2024\/02\/terme-di-arta-391x260.jpg",391,260,true],"tileview":["https:\/\/imagazine.it\/wp-content\/uploads\/2024\/02\/terme-di-arta-300x400.jpg",300,400,true],"1536x1536":["https:\/\/imagazine.it\/wp-content\/uploads\/2024\/02\/terme-di-arta.jpg",1366,770,false],"2048x2048":["https:\/\/imagazine.it\/wp-content\/uploads\/2024\/02\/terme-di-arta.jpg",1366,770,false],"newsup-slider-full":["https:\/\/imagazine.it\/wp-content\/uploads\/2024\/02\/terme-di-arta-1280x720.jpg",1280,720,true],"newsup-featured":["https:\/\/imagazine.it\/wp-content\/uploads\/2024\/02\/terme-di-arta-1024x577.jpg",1024,577,true],"newsup-medium":["https:\/\/imagazine.it\/wp-content\/uploads\/2024\/02\/terme-di-arta-720x380.jpg",720,380,true],"tptn_thumbnail":["https:\/\/imagazine.it\/wp-content\/uploads\/2024\/02\/terme-di-arta.jpg",250,141,false],"sow-carousel-default":["https:\/\/imagazine.it\/wp-content\/uploads\/2024\/02\/terme-di-arta.jpg",272,153,false]},"rttpg_author":{"display_name":"redazione","author_link":"https:\/\/imagazine.it\/home_desk\/author\/redazione\/"},"rttpg_comment":0,"rttpg_category":"<a href=\"https:\/\/imagazine.it\/home_desk\/category\/turismo\/\" rel=\"category tag\">TURISMO<\/a>","rttpg_excerpt":"Inaugurata la nuova area piscina dello stabilimento termale, con giochi e spazi dedicati ai pi\u00f9 piccoli e alle loro famiglie","_links":{"self":[{"href":"https:\/\/imagazine.it\/home_desk\/wp-json\/wp\/v2\/posts\/51002","targetHints":{"allow":["GET"]}}],"collection":[{"href":"https:\/\/imagazine.it\/home_desk\/wp-json\/wp\/v2\/posts"}],"about":[{"href":"https:\/\/imagazine.it\/home_desk\/wp-json\/wp\/v2\/types\/post"}],"author":[{"embeddable":true,"href":"https:\/\/imagazine.it\/home_desk\/wp-json\/wp\/v2\/users\/28"}],"replies":[{"embeddable":true,"href":"https:\/\/imagazine.it\/home_desk\/wp-json\/wp\/v2\/comments?post=51002"}],"version-history":[{"count":0,"href":"https:\/\/imagazine.it\/home_desk\/wp-json\/wp\/v2\/posts\/51002\/revisions"}],"wp:featuredmedia":[{"embeddable":true,"href":"https:\/\/imagazine.it\/home_desk\/wp-json\/wp\/v2\/media\/51003"}],"wp:attachment":[{"href":"https:\/\/imagazine.it\/home_desk\/wp-json\/wp\/v2\/media?parent=51002"}],"wp:term":[{"taxonomy":"category","embeddable":true,"href":"https:\/\/imagazine.it\/home_desk\/wp-json\/wp\/v2\/categories?post=51002"},{"taxonomy":"post_tag","embeddable":true,"href":"https:\/\/imagazine.it\/home_desk\/wp-json\/wp\/v2\/tags?post=51002"}],"curies":[{"name":"wp","href":"https:\/\/api.w.org\/{rel}","templated":true}]}}