{"id":50940,"date":"2024-02-09T12:31:21","date_gmt":"2024-02-09T11:31:21","guid":{"rendered":"https:\/\/imagazine.it\/home_desk\/?p=50940"},"modified":"2024-02-09T12:31:21","modified_gmt":"2024-02-09T11:31:21","slug":"aquileia-protagonista-del-carnevale-di-venezia","status":"publish","type":"post","link":"https:\/\/imagazine.it\/home_desk\/aquileia-protagonista-del-carnevale-di-venezia\/","title":{"rendered":"Aquileia protagonista del Carnevale di Venezia"},"content":{"rendered":"<p>VENEZIA \u2013 Ogni <strong>Gioved\u00ec Grasso<\/strong>, a Venezia, si rievoca la vittoria che il doge Vitale Michiel riport\u00f2 sul patriarca aquileiese Ulrico nel febbraio 1162.<\/p>\n<p>Il patriarca, volendo rimarcare la sua supremazia sulla diocesi gradese, attacc\u00f2 l&#8217;isola, allora gi\u00e0 sotto l&#8217;influenza veneziana. Il doge reag\u00ec inviando delle &#8220;galee&#8221; e imprigionando Ulrico con il suo seguito, composto da chierici e nobili.<\/p>\n<p>La vittoria per la citt\u00e0 lagunare fu cos\u00ec importante che &#8220;<em>allora fu fatto a Venezia uno statuto che nei gioved\u00ec grasso in avvenire ad un toro e altri simili porci nella pubblica piazza si dovesse tagliare la testa&#8230;<\/em>&#8220;. Infatti Ulrico &#8220;<em>&#8230;<\/em> <em>fu preso dai Veneziani&#8230; e finalmente avendo promesso di inviare ogni anno in perpetuo 12 grossi porci e 12 pani ed un toro di un sestario nel mercoled\u00ec de carnisprivio&#8230; fu liberato<\/em>&#8220;.<\/p>\n<p>Da qui un po&#8217; di Aquileia nel celebre motto &#8220;<em>Tagliamo la testa al toro<\/em>&#8220;.<\/p>\n<p>E quest\u2019anno, in segno di collaborazione, l&#8217;Associazione Compagnia l&#8217;Arte dei Mascareri di Venezia, in partnership con la Compagnia teatrale Pantakin, ha richiesto per la prima volta la partecipazione degli aquileiesi per interpretare il Patriarca Ulrico e i dodici feudatari ribelli. La rappresentazione ha avuto come scenografia un palchetto in <strong>piazza San Marco<\/strong>, dove la maschera Pantalone ha narrato la vicenda.<\/p>\n<div id=\"metaslider-id-50952\" style=\"max-width: 700px; margin: 0 auto;\" class=\"ml-slider-3-108-0 metaslider metaslider-flex metaslider-50952 ml-slider ms-theme-default nav-hidden\" role=\"region\" aria-label=\"Aquileia protagonista al Carnevale di Venezia\" data-height=\"300\" data-width=\"700\">\n    <div id=\"metaslider_container_50952\">\n        <div id=\"metaslider_50952\">\n            <ul class='slides'>\n                <li style=\"display: block; width: 100%;\" class=\"slide-50968 ms-image \" aria-roledescription=\"slide\" data-date=\"2024-02-09 12:30:04\" data-filename=\"WhatsApp-Image-2024-02-09-at-10.48.44.jpeg\" data-slide-type=\"image\"><img loading=\"lazy\" decoding=\"async\" width=\"1200\" height=\"1600\" src=\"https:\/\/imagazine.it\/wp-content\/uploads\/2024\/02\/WhatsApp-Image-2024-02-09-at-10.48.44.jpeg\" class=\"slider-50952 slide-50968 msDefaultImage\" alt=\"Aquileia protagonista al Carnevale di Venezia\" rel=\"\" title=\"La rievocazione in piazza San Marco\" srcset=\"https:\/\/imagazine.it\/wp-content\/uploads\/2024\/02\/WhatsApp-Image-2024-02-09-at-10.48.44.jpeg 1200w, https:\/\/imagazine.it\/wp-content\/uploads\/2024\/02\/WhatsApp-Image-2024-02-09-at-10.48.44-225x300.jpeg 225w, https:\/\/imagazine.it\/wp-content\/uploads\/2024\/02\/WhatsApp-Image-2024-02-09-at-10.48.44-768x1024.jpeg 768w, https:\/\/imagazine.it\/wp-content\/uploads\/2024\/02\/WhatsApp-Image-2024-02-09-at-10.48.44-300x400.jpeg 300w, https:\/\/imagazine.it\/wp-content\/uploads\/2024\/02\/WhatsApp-Image-2024-02-09-at-10.48.44-1152x1536.jpeg 1152w, https:\/\/imagazine.it\/wp-content\/uploads\/2024\/02\/WhatsApp-Image-2024-02-09-at-10.48.44-1024x1365.jpeg 1024w\" sizes=\"auto, (max-width: 1200px) 100vw, 1200px\" \/><div class=\"caption-wrap\"><div class=\"caption\">La rievocazione in piazza San Marco<\/div><\/div><\/li>\n                <li style=\"display: none; width: 100%;\" class=\"slide-50969 ms-image \" aria-roledescription=\"slide\" data-date=\"2024-02-09 12:30:05\" data-filename=\"WhatsApp-Image-2024-02-09-at-10.49.17.jpeg\" data-slide-type=\"image\"><img loading=\"lazy\" decoding=\"async\" width=\"1600\" height=\"1068\" src=\"https:\/\/imagazine.it\/wp-content\/uploads\/2024\/02\/WhatsApp-Image-2024-02-09-at-10.49.17.jpeg\" class=\"slider-50952 slide-50969 msDefaultImage\" alt=\"\" rel=\"\" title=\"WhatsApp Image 2024-02-09 at 10.49.17\" srcset=\"https:\/\/imagazine.it\/wp-content\/uploads\/2024\/02\/WhatsApp-Image-2024-02-09-at-10.49.17.jpeg 1600w, https:\/\/imagazine.it\/wp-content\/uploads\/2024\/02\/WhatsApp-Image-2024-02-09-at-10.49.17-300x200.jpeg 300w, https:\/\/imagazine.it\/wp-content\/uploads\/2024\/02\/WhatsApp-Image-2024-02-09-at-10.49.17-1024x684.jpeg 1024w, https:\/\/imagazine.it\/wp-content\/uploads\/2024\/02\/WhatsApp-Image-2024-02-09-at-10.49.17-768x513.jpeg 768w, https:\/\/imagazine.it\/wp-content\/uploads\/2024\/02\/WhatsApp-Image-2024-02-09-at-10.49.17-391x260.jpeg 391w, https:\/\/imagazine.it\/wp-content\/uploads\/2024\/02\/WhatsApp-Image-2024-02-09-at-10.49.17-1536x1025.jpeg 1536w\" sizes=\"auto, (max-width: 1600px) 100vw, 1600px\"><div class=\"caption-wrap\"><div class=\"caption\">La rievocazione in piazza San Marco<\/div><\/div><\/li>\n                <li style=\"display: none; width: 100%;\" class=\"slide-50970 ms-image \" aria-roledescription=\"slide\" data-date=\"2024-02-09 12:30:05\" data-filename=\"WhatsApp-Image-2024-02-09-at-10.49.26.jpeg\" data-slide-type=\"image\"><img loading=\"lazy\" decoding=\"async\" width=\"960\" height=\"640\" src=\"https:\/\/imagazine.it\/wp-content\/uploads\/2024\/02\/WhatsApp-Image-2024-02-09-at-10.49.26.jpeg\" class=\"slider-50952 slide-50970 msDefaultImage\" alt=\"\" rel=\"\" title=\"WhatsApp Image 2024-02-09 at 10.49.26\" srcset=\"https:\/\/imagazine.it\/wp-content\/uploads\/2024\/02\/WhatsApp-Image-2024-02-09-at-10.49.26.jpeg 960w, https:\/\/imagazine.it\/wp-content\/uploads\/2024\/02\/WhatsApp-Image-2024-02-09-at-10.49.26-300x200.jpeg 300w, https:\/\/imagazine.it\/wp-content\/uploads\/2024\/02\/WhatsApp-Image-2024-02-09-at-10.49.26-768x512.jpeg 768w, https:\/\/imagazine.it\/wp-content\/uploads\/2024\/02\/WhatsApp-Image-2024-02-09-at-10.49.26-391x260.jpeg 391w\" sizes=\"auto, (max-width: 960px) 100vw, 960px\"><div class=\"caption-wrap\"><div class=\"caption\">La rievocazione in piazza San Marco<\/div><\/div><\/li>\n            <\/ul>\n        <\/div>\n        \n    <\/div>\n<\/div>\n<p>\u201cIl coinvolgimento diretto di Aquileia nella rievocazione storica \u2013 ha affermato il sindaco di Aquileia, <strong>Emanuele Zorino<\/strong>, che ha interpretato il Patriarca Ulrico \u2013 riattesta l\u2019importanza culturale della nostra cittadina. Forse non tutti sanno che il detto comune \u2018tagliare la testa al toro\u2019 deriva proprio dalla cerimonia che si allestiva ogni anno per ricordare l\u2019episodio di Ulrico. E sarebbe interessante indagare se la distribuzione del pane e della carne ai veneziani che ne seguiva non abbia in qualche modo inciso nella stessa denominazione di \u2018gioved\u00ec grasso\u2019\u201d.<\/p>\n<p>&nbsp;<\/p>\n","protected":false},"excerpt":{"rendered":"<p>Figuranti aquileiesi assieme al sindaco Zorino hanno fatto rivivere in piazza San Marco la vicenda del Patriarca Ulrico. Allo studio anche il coinvolgimento di Grado<\/p>\n","protected":false},"author":28,"featured_media":50951,"comment_status":"closed","ping_status":"closed","sticky":false,"template":"","format":"image","meta":{"dwc-title":[""],"dwc-content":[""],"footnotes":""},"categories":[37],"tags":[349,93,68],"class_list":["post-50940","post","type-post","status-publish","format-image","has-post-thumbnail","hentry","category-cultura-e-spettacolo","tag-aquileia","tag-carnevale","tag-venezia","post_format-post-format-image"],"rttpg_featured_image_url":{"full":["https:\/\/imagazine.it\/wp-content\/uploads\/2024\/02\/WhatsApp-Image-2024-02-09-at-10.49.39.jpeg",1366,727,false],"landscape":["https:\/\/imagazine.it\/wp-content\/uploads\/2024\/02\/WhatsApp-Image-2024-02-09-at-10.49.39.jpeg",1366,727,false],"portraits":["https:\/\/imagazine.it\/wp-content\/uploads\/2024\/02\/WhatsApp-Image-2024-02-09-at-10.49.39.jpeg",1366,727,false],"thumbnail":["https:\/\/imagazine.it\/wp-content\/uploads\/2024\/02\/WhatsApp-Image-2024-02-09-at-10.49.39-150x150.jpeg",150,150,true],"medium":["https:\/\/imagazine.it\/wp-content\/uploads\/2024\/02\/WhatsApp-Image-2024-02-09-at-10.49.39-300x160.jpeg",300,160,true],"large":["https:\/\/imagazine.it\/wp-content\/uploads\/2024\/02\/WhatsApp-Image-2024-02-09-at-10.49.39-1024x545.jpeg",640,341,true],"thumblist":["https:\/\/imagazine.it\/wp-content\/uploads\/2024\/02\/WhatsApp-Image-2024-02-09-at-10.49.39-300x300.jpeg",300,300,true],"thumbrelated":["https:\/\/imagazine.it\/wp-content\/uploads\/2024\/02\/WhatsApp-Image-2024-02-09-at-10.49.39-500x500.jpeg",500,500,true],"meccarouselthumb":["https:\/\/imagazine.it\/wp-content\/uploads\/2024\/02\/WhatsApp-Image-2024-02-09-at-10.49.39-474x324.jpeg",474,324,true],"gridsquare":["https:\/\/imagazine.it\/wp-content\/uploads\/2024\/02\/WhatsApp-Image-2024-02-09-at-10.49.39-391x260.jpeg",391,260,true],"tileview":["https:\/\/imagazine.it\/wp-content\/uploads\/2024\/02\/WhatsApp-Image-2024-02-09-at-10.49.39-300x400.jpeg",300,400,true],"1536x1536":["https:\/\/imagazine.it\/wp-content\/uploads\/2024\/02\/WhatsApp-Image-2024-02-09-at-10.49.39.jpeg",1366,727,false],"2048x2048":["https:\/\/imagazine.it\/wp-content\/uploads\/2024\/02\/WhatsApp-Image-2024-02-09-at-10.49.39.jpeg",1366,727,false],"newsup-slider-full":["https:\/\/imagazine.it\/wp-content\/uploads\/2024\/02\/WhatsApp-Image-2024-02-09-at-10.49.39-1280x720.jpeg",1280,720,true],"newsup-featured":["https:\/\/imagazine.it\/wp-content\/uploads\/2024\/02\/WhatsApp-Image-2024-02-09-at-10.49.39-1024x545.jpeg",1024,545,true],"newsup-medium":["https:\/\/imagazine.it\/wp-content\/uploads\/2024\/02\/WhatsApp-Image-2024-02-09-at-10.49.39-720x380.jpeg",720,380,true],"tptn_thumbnail":["https:\/\/imagazine.it\/wp-content\/uploads\/2024\/02\/WhatsApp-Image-2024-02-09-at-10.49.39.jpeg",250,133,false],"sow-carousel-default":["https:\/\/imagazine.it\/wp-content\/uploads\/2024\/02\/WhatsApp-Image-2024-02-09-at-10.49.39.jpeg",272,145,false]},"rttpg_author":{"display_name":"redazione","author_link":"https:\/\/imagazine.it\/home_desk\/author\/redazione\/"},"rttpg_comment":0,"rttpg_category":"<a href=\"https:\/\/imagazine.it\/home_desk\/category\/cultura-e-spettacolo\/\" rel=\"category tag\">CULTURA&amp;SPETTACOLO<\/a>","rttpg_excerpt":"Figuranti aquileiesi assieme al sindaco Zorino hanno fatto rivivere in piazza San Marco la vicenda del Patriarca Ulrico. Allo studio anche il coinvolgimento di Grado","_links":{"self":[{"href":"https:\/\/imagazine.it\/home_desk\/wp-json\/wp\/v2\/posts\/50940","targetHints":{"allow":["GET"]}}],"collection":[{"href":"https:\/\/imagazine.it\/home_desk\/wp-json\/wp\/v2\/posts"}],"about":[{"href":"https:\/\/imagazine.it\/home_desk\/wp-json\/wp\/v2\/types\/post"}],"author":[{"embeddable":true,"href":"https:\/\/imagazine.it\/home_desk\/wp-json\/wp\/v2\/users\/28"}],"replies":[{"embeddable":true,"href":"https:\/\/imagazine.it\/home_desk\/wp-json\/wp\/v2\/comments?post=50940"}],"version-history":[{"count":0,"href":"https:\/\/imagazine.it\/home_desk\/wp-json\/wp\/v2\/posts\/50940\/revisions"}],"wp:featuredmedia":[{"embeddable":true,"href":"https:\/\/imagazine.it\/home_desk\/wp-json\/wp\/v2\/media\/50951"}],"wp:attachment":[{"href":"https:\/\/imagazine.it\/home_desk\/wp-json\/wp\/v2\/media?parent=50940"}],"wp:term":[{"taxonomy":"category","embeddable":true,"href":"https:\/\/imagazine.it\/home_desk\/wp-json\/wp\/v2\/categories?post=50940"},{"taxonomy":"post_tag","embeddable":true,"href":"https:\/\/imagazine.it\/home_desk\/wp-json\/wp\/v2\/tags?post=50940"}],"curies":[{"name":"wp","href":"https:\/\/api.w.org\/{rel}","templated":true}]}}