{"id":50837,"date":"2024-02-08T15:11:48","date_gmt":"2024-02-08T14:11:48","guid":{"rendered":"https:\/\/imagazine.it\/?p=50837"},"modified":"2024-02-08T15:11:48","modified_gmt":"2024-02-08T14:11:48","slug":"il-plauso-della-regione-agli-amici-di-federico","status":"publish","type":"post","link":"https:\/\/imagazine.it\/home_desk\/il-plauso-della-regione-agli-amici-di-federico\/","title":{"rendered":"Il plauso della Regione agli Amici di Federico"},"content":{"rendered":"<p><em><span style=\"font-size: 10pt;\">Da sinistra il consigliere regionale Alberto Budai, Fedriga e Listuzzi<\/span><\/em><\/p>\n<p>FIUMICELLO VILLA VICENTINA \u2013 Il 2023 \u00e8 stato un altro anno di impegno solidale per l&#8217;associazione \u201c<strong><em>Amici di Federico<\/em><\/strong>\u201d.<\/p>\n<p>Oltre alla conferma degli eventi che il sodalizio presieduto da <strong>Valentino Listuzzi<\/strong> organizza da anni, come la \u201cPesca del Cuore\u201d a Ruda, la \u201cFesta della Birra\u201d e il concerto natalizio \u201cInsieme per Regalare un Sorriso\u201d, entrambi a Villa Vicentina. \u00c8 inoltre ripartita \u201cLa Cena del Cuore\u201d, mentre assieme all\u2019Associazione Befana dal Borc di Fiumicello per la prima volta si \u00e8 deciso di organizzare la \u201cCena del Patrono\u201d.<\/p>\n<p>Un\u2019altra novit\u00e0 il calendario 2024, grazie alla collaborazione con la scuola primaria \u201cGiacomo Leopardi\u201d di Villa Vicentina, \u00e8 stata la consegna al presidente della Regione, <strong>Massimiliano Fedriga<\/strong>, dei disegni realizzati dagli alunni e da <strong>Luca Rigonat<\/strong>, ragazzo affetto fin da bambino da una patologia rara.<\/p>\n<p>\u201cHo voluto incontrare l&#8217;associazione di volontariato \u201cAmici di Federico\u201d, un esempio speciale di quella che \u00e8 la forza del Friuli Venezia Giulia, ovvero lo spirito di comunit\u00e0, che ci ha sempre contraddistinto. Un bel messaggio di speranza e solidariet\u00e0 che ci ricorda quanto possiamo realizzare tutti insieme facendo un passo comune verso l&#8217;obiettivo, complimenti!\u201d, ha dichiarato Fedriga.<\/p>\n<p>L\u2019associazione ha inoltre sostenuto la pubblicazione del libro \u201c<em>Il Figlio di Tutti<\/em>\u201d, scritto da <strong>Martina Mattiazzi<\/strong>, mamma del piccolo Samuele di San Giovanni al Natisone, scomparso all\u2019et\u00e0 di 8 anni a causa di un raro tumore. Anche il libro \u00e8 stato consegnato al governatore.<\/p>\n<p>Gli Amici di Federico sono benvoluti anche oltre i confini di Villa Vicentina, come dimostrano i numerosi eventi organizzati da altre associazioni con i relativi proventi destinati all\u2019associazione.<\/p>\n<p>Eccoli: il Capodanno ad Aquileia, la Mostra dei Presepi di Coderno, l\u2019Assemblea annuale della Sezione Alpini di Palmanova, l\u2019evento sportivo della Olimpia Danze di Cervignano del Friuli, la Paella del Cuore organizzata dall\u2019Associazione Campo di Torviscosa, l\u2019evento canoro per bambini Mosaico di Voci ad Aquileia, il Memorial Luca Fasiolo torneo di baskin organizzato dalla U.B.C. Udine, il Memorial Gianluca De Nardo e Ivan Benvenuto torneo di calcio organizzato a Santa Maria la Longa dai Carabinieri di Palmanova, eventi natalizi organizzati ad Aquileia dall\u2019Associazione Nautisette, sempre ad Aquileia il Motoraduno organizzato dai Centauri della Bassa Friulana, la serata di Cicloracconti di Roberto Tomat ad Aquileia, il giro dei Babbi Natale a 2 e 3 ruote nel comune di Pavia di Udine e lo spettacolo teatrale Il mio pazzo e magico Natale, proposto in Sala Romana ad Aquileia in 5 repliche.<\/p>\n<p>Come sempre tutti i proventi sono stati destinati a dieci famiglie del Friuli Venezia Giulia per sostenere i rispettivi bambini o ragazzi affetti da gravi patologie.<\/p>\n<p>Fra queste anche la piccola Gaia di Artegna, 2 anni ancora da compiere, affetta da un raro tumore a entrambi gli occhi, sottoposta a una terapia sperimentale presso l\u2019Ospedale Bambino Ges\u00f9 di Roma.<\/p>\n<p>Sono inoltre state acquistate attrezzature particolari per l\u2019allestimento della stanza multisensoriale del \u201cNucleo Sorriso\u201d al C.A.M.P.P. di Sottoselva. Come ogni anno, assieme ad altre associazioni, gli Amici di Federico hanno consegnato i &#8220;premi coraggio&#8221; destinati ai pazienti dell&#8217;Oncoematologia presso l\u2019Ospedale Infantile Burlo Garofolo.<\/p>\n<p>A livello di donazioni le entrate hanno superato i 51.000 euro. Complessivamente in 15 anni di attivit\u00e0 sono arrivati 800.000 euro di donazioni, comprese quelle per l\u2019acquisto di bomboniere solidali.<\/p>\n","protected":false},"excerpt":{"rendered":"<p>In 15 anni di attivit\u00e0 sono stati raccolti 800mila euro in donazioni per sostenere bambini e famiglie del territorio in difficolt\u00e0 <\/p>\n","protected":false},"author":22,"featured_media":50839,"comment_status":"closed","ping_status":"closed","sticky":false,"template":"","format":"image","meta":{"dwc-title":[""],"dwc-content":[""],"footnotes":""},"categories":[5],"tags":[332,334,145,333],"class_list":["post-50837","post","type-post","status-publish","format-image","has-post-thumbnail","hentry","category-attualita","tag-amici-di-federico","tag-fedriga","tag-solidarieta","tag-villa-vicentina","post_format-post-format-image"],"rttpg_featured_image_url":{"full":["https:\/\/imagazine.it\/wp-content\/uploads\/2024\/02\/budaiFedrigaListuzzi.jpg",1366,816,false],"landscape":["https:\/\/imagazine.it\/wp-content\/uploads\/2024\/02\/budaiFedrigaListuzzi.jpg",1366,816,false],"portraits":["https:\/\/imagazine.it\/wp-content\/uploads\/2024\/02\/budaiFedrigaListuzzi.jpg",1366,816,false],"thumbnail":["https:\/\/imagazine.it\/wp-content\/uploads\/2024\/02\/budaiFedrigaListuzzi-150x150.jpg",150,150,true],"medium":["https:\/\/imagazine.it\/wp-content\/uploads\/2024\/02\/budaiFedrigaListuzzi-300x179.jpg",300,179,true],"large":["https:\/\/imagazine.it\/wp-content\/uploads\/2024\/02\/budaiFedrigaListuzzi-1024x612.jpg",640,383,true],"thumblist":["https:\/\/imagazine.it\/wp-content\/uploads\/2024\/02\/budaiFedrigaListuzzi-300x300.jpg",300,300,true],"thumbrelated":["https:\/\/imagazine.it\/wp-content\/uploads\/2024\/02\/budaiFedrigaListuzzi-500x500.jpg",500,500,true],"meccarouselthumb":["https:\/\/imagazine.it\/wp-content\/uploads\/2024\/02\/budaiFedrigaListuzzi-474x324.jpg",474,324,true],"gridsquare":["https:\/\/imagazine.it\/wp-content\/uploads\/2024\/02\/budaiFedrigaListuzzi-391x260.jpg",391,260,true],"tileview":["https:\/\/imagazine.it\/wp-content\/uploads\/2024\/02\/budaiFedrigaListuzzi-300x400.jpg",300,400,true],"1536x1536":["https:\/\/imagazine.it\/wp-content\/uploads\/2024\/02\/budaiFedrigaListuzzi.jpg",1366,816,false],"2048x2048":["https:\/\/imagazine.it\/wp-content\/uploads\/2024\/02\/budaiFedrigaListuzzi.jpg",1366,816,false],"newsup-slider-full":["https:\/\/imagazine.it\/wp-content\/uploads\/2024\/02\/budaiFedrigaListuzzi-1280x720.jpg",1280,720,true],"newsup-featured":["https:\/\/imagazine.it\/wp-content\/uploads\/2024\/02\/budaiFedrigaListuzzi-1024x612.jpg",1024,612,true],"newsup-medium":["https:\/\/imagazine.it\/wp-content\/uploads\/2024\/02\/budaiFedrigaListuzzi-720x380.jpg",720,380,true],"tptn_thumbnail":["https:\/\/imagazine.it\/wp-content\/uploads\/2024\/02\/budaiFedrigaListuzzi.jpg",250,149,false],"sow-carousel-default":["https:\/\/imagazine.it\/wp-content\/uploads\/2024\/02\/budaiFedrigaListuzzi.jpg",272,162,false]},"rttpg_author":{"display_name":"Livio Nonis","author_link":"https:\/\/imagazine.it\/home_desk\/author\/nonis\/"},"rttpg_comment":0,"rttpg_category":"<a href=\"https:\/\/imagazine.it\/home_desk\/category\/attualita\/\" rel=\"category tag\">ATTUALIT\u00c0<\/a>","rttpg_excerpt":"In 15 anni di attivit\u00e0 sono stati raccolti 800mila euro in donazioni per sostenere bambini e famiglie del territorio in difficolt\u00e0","_links":{"self":[{"href":"https:\/\/imagazine.it\/home_desk\/wp-json\/wp\/v2\/posts\/50837","targetHints":{"allow":["GET"]}}],"collection":[{"href":"https:\/\/imagazine.it\/home_desk\/wp-json\/wp\/v2\/posts"}],"about":[{"href":"https:\/\/imagazine.it\/home_desk\/wp-json\/wp\/v2\/types\/post"}],"author":[{"embeddable":true,"href":"https:\/\/imagazine.it\/home_desk\/wp-json\/wp\/v2\/users\/22"}],"replies":[{"embeddable":true,"href":"https:\/\/imagazine.it\/home_desk\/wp-json\/wp\/v2\/comments?post=50837"}],"version-history":[{"count":0,"href":"https:\/\/imagazine.it\/home_desk\/wp-json\/wp\/v2\/posts\/50837\/revisions"}],"wp:featuredmedia":[{"embeddable":true,"href":"https:\/\/imagazine.it\/home_desk\/wp-json\/wp\/v2\/media\/50839"}],"wp:attachment":[{"href":"https:\/\/imagazine.it\/home_desk\/wp-json\/wp\/v2\/media?parent=50837"}],"wp:term":[{"taxonomy":"category","embeddable":true,"href":"https:\/\/imagazine.it\/home_desk\/wp-json\/wp\/v2\/categories?post=50837"},{"taxonomy":"post_tag","embeddable":true,"href":"https:\/\/imagazine.it\/home_desk\/wp-json\/wp\/v2\/tags?post=50837"}],"curies":[{"name":"wp","href":"https:\/\/api.w.org\/{rel}","templated":true}]}}