{"id":50718,"date":"2024-02-06T18:17:49","date_gmt":"2024-02-06T17:17:49","guid":{"rendered":"https:\/\/imagazine.it\/?p=50718"},"modified":"2024-02-06T18:17:49","modified_gmt":"2024-02-06T17:17:49","slug":"cividale-lex-caserma-francescatto-passa-al-comune","status":"publish","type":"post","link":"https:\/\/imagazine.it\/home_desk\/cividale-lex-caserma-francescatto-passa-al-comune\/","title":{"rendered":"Cividale, l&#8217;ex caserma Francescatto passa al Comune"},"content":{"rendered":"<p><em><span style=\"font-size: 10pt;\">L&#8217;assessore regionale Callari, in centro, durante la visita a Cividale (ph. Regione FVG)<\/span><\/em><\/p>\n<p>CIVIDALE DEL FRIULI \u2013 Sar\u00e0 firmata la prossima settimana la concessione al Comune di Cividale del Friuli dell&#8217;<strong>ex Caserma \u201cFrancescatto\u201d<\/strong>, a lungo sede degli Alpini della Brigata Julia.<\/p>\n<p>L&#8217;immobile e la vasta area in cui \u00e8 inserito fanno parte dei diversi beni appartenuti al Demanio militare che con l&#8217;ultima Commissione paritetica Stato-Regioni, in funzione dello Statuto della nostra autonomia, l&#8217;Amministrazione regionale ha deciso di trasferire ai Comuni.<\/p>\n<p>\u00c8 quanto comunicato questa mattina l&#8217;assessore regionale al Patrimonio e demanio, <strong>Sebastiano Callari<\/strong>, a margine di un incontro con il sindaco di Cividale del Friuli, <strong>Daniela Bernardi<\/strong>, e di una visita al sito che passer\u00e0 in gestione all&#8217;Amministrazione comunale.<\/p>\n<p>L&#8217;ex caserma Francescatto di Cividale sino al 2016 era stata la sede dall&#8217;Ottavo reggimento della Julia e da allora in disuso.<\/p>\n<p>&#8220;Si tratta di un&#8217;immobile e di una zona molto estesa \u2013 ha precisato Callari \u2013 che per Cividale rappresentano davvero un&#8217;area strategica per il futuro sviluppo urbanistico della citt\u00e0. Un&#8217;area che si estende per circa cinque ettari e che di fatto equivale all&#8217;intero centro storico della citt\u00e0 ducale. Gi\u00e0 con la Legge finanziaria regionale del 2021 erano stati stanziati a favore del Comune circa 100 mila euro per la realizzazione di uno studio di fattibilit\u00e0. Ora che l&#8217;Amministrazione comunale diventer\u00e0 proprietaria a tutti gli effetti del patrimonio immobiliare potr\u00e0 procedere con la trasformazione dello studio di fattibilit\u00e0 in progettazione del futuro assetto dell&#8217;area&#8221;.<\/p>\n<p>L&#8217;assessore Callari, accompagnato dal sindaco Bernardi e da una delegazione municipale, ha visitato anche il Monastero di Santa Maria in Valle che ospita l&#8217;antico Tempietto longobardo.<\/p>\n","protected":false},"excerpt":{"rendered":"<p>La prossima settimana sar\u00e0 firmata la concessione. In disuso dal 2016 l&#8217;area potr\u00e0 essere oggetto di riqualificazione<\/p>\n","protected":false},"author":28,"featured_media":50719,"comment_status":"closed","ping_status":"closed","sticky":false,"template":"","format":"image","meta":{"dwc-title":[""],"dwc-content":[""],"footnotes":""},"categories":[5],"tags":[280,278,170,279],"class_list":["post-50718","post","type-post","status-publish","format-image","has-post-thumbnail","hentry","category-attualita","tag-callari","tag-caserma","tag-cividale","tag-francescatto","post_format-post-format-image"],"rttpg_featured_image_url":{"full":["https:\/\/imagazine.it\/wp-content\/uploads\/2024\/02\/callariVisitaph.Regione.jpg",1366,730,false],"landscape":["https:\/\/imagazine.it\/wp-content\/uploads\/2024\/02\/callariVisitaph.Regione.jpg",1366,730,false],"portraits":["https:\/\/imagazine.it\/wp-content\/uploads\/2024\/02\/callariVisitaph.Regione.jpg",1366,730,false],"thumbnail":["https:\/\/imagazine.it\/wp-content\/uploads\/2024\/02\/callariVisitaph.Regione-150x150.jpg",150,150,true],"medium":["https:\/\/imagazine.it\/wp-content\/uploads\/2024\/02\/callariVisitaph.Regione-300x160.jpg",300,160,true],"large":["https:\/\/imagazine.it\/wp-content\/uploads\/2024\/02\/callariVisitaph.Regione-1024x547.jpg",640,342,true],"thumblist":["https:\/\/imagazine.it\/wp-content\/uploads\/2024\/02\/callariVisitaph.Regione-300x300.jpg",300,300,true],"thumbrelated":["https:\/\/imagazine.it\/wp-content\/uploads\/2024\/02\/callariVisitaph.Regione-500x500.jpg",500,500,true],"meccarouselthumb":["https:\/\/imagazine.it\/wp-content\/uploads\/2024\/02\/callariVisitaph.Regione-474x324.jpg",474,324,true],"gridsquare":["https:\/\/imagazine.it\/wp-content\/uploads\/2024\/02\/callariVisitaph.Regione-391x260.jpg",391,260,true],"tileview":["https:\/\/imagazine.it\/wp-content\/uploads\/2024\/02\/callariVisitaph.Regione-300x400.jpg",300,400,true],"1536x1536":["https:\/\/imagazine.it\/wp-content\/uploads\/2024\/02\/callariVisitaph.Regione.jpg",1366,730,false],"2048x2048":["https:\/\/imagazine.it\/wp-content\/uploads\/2024\/02\/callariVisitaph.Regione.jpg",1366,730,false],"newsup-slider-full":["https:\/\/imagazine.it\/wp-content\/uploads\/2024\/02\/callariVisitaph.Regione-1280x720.jpg",1280,720,true],"newsup-featured":["https:\/\/imagazine.it\/wp-content\/uploads\/2024\/02\/callariVisitaph.Regione-1024x547.jpg",1024,547,true],"newsup-medium":["https:\/\/imagazine.it\/wp-content\/uploads\/2024\/02\/callariVisitaph.Regione-720x380.jpg",720,380,true],"tptn_thumbnail":["https:\/\/imagazine.it\/wp-content\/uploads\/2024\/02\/callariVisitaph.Regione.jpg",250,134,false],"sow-carousel-default":["https:\/\/imagazine.it\/wp-content\/uploads\/2024\/02\/callariVisitaph.Regione.jpg",272,145,false]},"rttpg_author":{"display_name":"redazione","author_link":"https:\/\/imagazine.it\/home_desk\/author\/redazione\/"},"rttpg_comment":0,"rttpg_category":"<a href=\"https:\/\/imagazine.it\/home_desk\/category\/attualita\/\" rel=\"category tag\">ATTUALIT\u00c0<\/a>","rttpg_excerpt":"La prossima settimana sar\u00e0 firmata la concessione. In disuso dal 2016 l'area potr\u00e0 essere oggetto di riqualificazione","_links":{"self":[{"href":"https:\/\/imagazine.it\/home_desk\/wp-json\/wp\/v2\/posts\/50718","targetHints":{"allow":["GET"]}}],"collection":[{"href":"https:\/\/imagazine.it\/home_desk\/wp-json\/wp\/v2\/posts"}],"about":[{"href":"https:\/\/imagazine.it\/home_desk\/wp-json\/wp\/v2\/types\/post"}],"author":[{"embeddable":true,"href":"https:\/\/imagazine.it\/home_desk\/wp-json\/wp\/v2\/users\/28"}],"replies":[{"embeddable":true,"href":"https:\/\/imagazine.it\/home_desk\/wp-json\/wp\/v2\/comments?post=50718"}],"version-history":[{"count":0,"href":"https:\/\/imagazine.it\/home_desk\/wp-json\/wp\/v2\/posts\/50718\/revisions"}],"wp:featuredmedia":[{"embeddable":true,"href":"https:\/\/imagazine.it\/home_desk\/wp-json\/wp\/v2\/media\/50719"}],"wp:attachment":[{"href":"https:\/\/imagazine.it\/home_desk\/wp-json\/wp\/v2\/media?parent=50718"}],"wp:term":[{"taxonomy":"category","embeddable":true,"href":"https:\/\/imagazine.it\/home_desk\/wp-json\/wp\/v2\/categories?post=50718"},{"taxonomy":"post_tag","embeddable":true,"href":"https:\/\/imagazine.it\/home_desk\/wp-json\/wp\/v2\/tags?post=50718"}],"curies":[{"name":"wp","href":"https:\/\/api.w.org\/{rel}","templated":true}]}}