{"id":50657,"date":"2023-12-20T00:00:00","date_gmt":"2023-12-19T23:00:00","guid":{"rendered":"https:\/\/imagazine.it\/storia-locale-accordo-per-favorire-ricerca-eventi-e-formazione\/"},"modified":"2023-12-20T00:00:00","modified_gmt":"2023-12-19T23:00:00","slug":"storia-locale-accordo-per-favorire-ricerca-eventi-e-formazione","status":"publish","type":"post","link":"https:\/\/imagazine.it\/home_desk\/storia-locale-accordo-per-favorire-ricerca-eventi-e-formazione\/","title":{"rendered":"Storia locale, accordo per favorire ricerca, eventi e formazione"},"content":{"rendered":"<p> \tUDINE \u2013 Un accordo quadro a favore della realizzazione di progetti comuni nel settore della ricerca storica e di eventi e pubblicazioni \u00e8 stato stipulato tra l\u2019<strong>Universit\u00e0<\/strong> <strong>di Udine<\/strong> e la <strong>Deputazione di Storia Patria per il Friuli<\/strong>, istituzione che da oltre un secolo promuove ricerche e studi sulla storia friulana.<\/p>\n<p> \tIl documento \u2013 siglato dal rettore <strong>Roberto Pinton<\/strong> e dal presidente della Deputazione <strong>Andrea Tilatti<\/strong> \u2013 coinvolge in particolare i dipartimenti di Studi umanistici e del patrimonio culturale (Dium) e di Lingue e letterature, comunicazione, formazione e societ\u00e0 (Dill), ma la collaborazione \u00e8 aperta a tutte le competenze scientifiche offerte dall&#8217;Universit\u00e0 e finalizzate a una migliore interazione con il territorio.<\/p>\n<p> \t\u00abL\u2019Ateneo \u00e8 lieto di rafforzare il legame e la collaborazione con il territorio attraverso questo accordo, di durata quinquennale e rinnovabile, che favorir\u00e0 lo sviluppo della ricerca storica e di iniziative culturali promosse dai due Enti, a beneficio dell\u2019intera collettivit\u00e0 friulana\u00bb commenta Roberto Pinton. \u00abCon questo accordo \u2013 spiega Andrea Tilatti, che \u00e8 anche docente presso l\u2019Ateneo \u2013 si intende potenziare e dare respiro ufficiale alle sinergie e alle attivit\u00e0 proprie della ricerca storica e della formazione, comunicazione, diffusione e promozione della conoscenza e della cultura storica in e per il Friuli, assecondando gli scopi costitutivi di entrambi gli Enti\u00bb.<\/p>\n<p> \tLa Deputazione di Storia Patria per il Friuli ha sede a Udine, in via Manin. \u00c8 stata istituita il 15 dicembre 1918 con lo scopo &#8220;di raccogliere e pubblicare, per mezzo della stampa, studi, storie, cronache, statuti e documenti diplomatici ed altre carte che siano particolarmente importanti per la storia civile, militare, giuridica, economica ed artistica del Friuli&#8221;. Ne fanno parte autorevoli studiosi, spesso afferenti all&#8217;Universit\u00e0 di Udine, divisi in Deputati (massimo venti), Deputati emeriti (con una permanenza di vent\u2019anni nel grado) e Soci.<\/p>\n<p> \tI Deputati vengono oggi nominati con decreto del presidente della Regione Friuli Venezia Giulia. Tra le principali pubblicazioni della Deputazione, figura la rivista annuale \u201c<em>Memorie Storiche Forogiuliesi<\/em>\u201d, con contributi scientifici su vari aspetti della storia del Friuli, dalle origini alla contemporaneit\u00e0.<\/p>\n<p> \t\u00a0<\/p>\n","protected":false},"excerpt":{"rendered":"<p>Di durata quinquennale, coinvolge in particolare i dipartimenti di Studi umanistici e del patrimonio culturale e di Lingue e letterature<\/p>\n","protected":false},"author":28,"featured_media":50658,"comment_status":"closed","ping_status":"closed","sticky":false,"template":"","format":"standard","meta":{"dwc-title":[],"dwc-content":[],"footnotes":""},"categories":[37],"tags":[],"class_list":["post-50657","post","type-post","status-publish","format-standard","has-post-thumbnail","hentry","category-cultura-e-spettacolo"],"rttpg_featured_image_url":{"full":["https:\/\/imagazine.it\/wp-content\/uploads\/2024\/02\/55506-1.webp",900,600,false],"landscape":["https:\/\/imagazine.it\/wp-content\/uploads\/2024\/02\/55506-1.webp",900,600,false],"portraits":["https:\/\/imagazine.it\/wp-content\/uploads\/2024\/02\/55506-1.webp",900,600,false],"thumbnail":["https:\/\/imagazine.it\/wp-content\/uploads\/2024\/02\/55506-1-150x150.webp",150,150,true],"medium":["https:\/\/imagazine.it\/wp-content\/uploads\/2024\/02\/55506-1-300x200.webp",300,200,true],"large":["https:\/\/imagazine.it\/wp-content\/uploads\/2024\/02\/55506-1.webp",640,427,false],"thumblist":["https:\/\/imagazine.it\/wp-content\/uploads\/2024\/02\/55506-1-300x300.webp",300,300,true],"thumbrelated":["https:\/\/imagazine.it\/wp-content\/uploads\/2024\/02\/55506-1-500x500.webp",500,500,true],"meccarouselthumb":["https:\/\/imagazine.it\/wp-content\/uploads\/2024\/02\/55506-1-474x324.webp",474,324,true],"gridsquare":["https:\/\/imagazine.it\/wp-content\/uploads\/2024\/02\/55506-1-391x260.webp",391,260,true],"tileview":["https:\/\/imagazine.it\/wp-content\/uploads\/2024\/02\/55506-1-300x400.webp",300,400,true],"1536x1536":["https:\/\/imagazine.it\/wp-content\/uploads\/2024\/02\/55506-1.webp",900,600,false],"2048x2048":["https:\/\/imagazine.it\/wp-content\/uploads\/2024\/02\/55506-1.webp",900,600,false],"newsup-slider-full":["https:\/\/imagazine.it\/wp-content\/uploads\/2024\/02\/55506-1.webp",900,600,false],"newsup-featured":["https:\/\/imagazine.it\/wp-content\/uploads\/2024\/02\/55506-1.webp",900,600,false],"newsup-medium":["https:\/\/imagazine.it\/wp-content\/uploads\/2024\/02\/55506-1-720x380.webp",720,380,true],"tptn_thumbnail":["https:\/\/imagazine.it\/wp-content\/uploads\/2024\/02\/55506-1.webp",250,167,false],"sow-carousel-default":["https:\/\/imagazine.it\/wp-content\/uploads\/2024\/02\/55506-1.webp",272,182,false]},"rttpg_author":{"display_name":"redazione","author_link":"https:\/\/imagazine.it\/home_desk\/author\/redazione\/"},"rttpg_comment":0,"rttpg_category":"<a href=\"https:\/\/imagazine.it\/home_desk\/category\/cultura-e-spettacolo\/\" rel=\"category tag\">CULTURA&amp;SPETTACOLO<\/a>","rttpg_excerpt":"Di durata quinquennale, coinvolge in particolare i dipartimenti di Studi umanistici e del patrimonio culturale e di Lingue e letterature","_links":{"self":[{"href":"https:\/\/imagazine.it\/home_desk\/wp-json\/wp\/v2\/posts\/50657","targetHints":{"allow":["GET"]}}],"collection":[{"href":"https:\/\/imagazine.it\/home_desk\/wp-json\/wp\/v2\/posts"}],"about":[{"href":"https:\/\/imagazine.it\/home_desk\/wp-json\/wp\/v2\/types\/post"}],"author":[{"embeddable":true,"href":"https:\/\/imagazine.it\/home_desk\/wp-json\/wp\/v2\/users\/28"}],"replies":[{"embeddable":true,"href":"https:\/\/imagazine.it\/home_desk\/wp-json\/wp\/v2\/comments?post=50657"}],"version-history":[{"count":0,"href":"https:\/\/imagazine.it\/home_desk\/wp-json\/wp\/v2\/posts\/50657\/revisions"}],"wp:featuredmedia":[{"embeddable":true,"href":"https:\/\/imagazine.it\/home_desk\/wp-json\/wp\/v2\/media\/50658"}],"wp:attachment":[{"href":"https:\/\/imagazine.it\/home_desk\/wp-json\/wp\/v2\/media?parent=50657"}],"wp:term":[{"taxonomy":"category","embeddable":true,"href":"https:\/\/imagazine.it\/home_desk\/wp-json\/wp\/v2\/categories?post=50657"},{"taxonomy":"post_tag","embeddable":true,"href":"https:\/\/imagazine.it\/home_desk\/wp-json\/wp\/v2\/tags?post=50657"}],"curies":[{"name":"wp","href":"https:\/\/api.w.org\/{rel}","templated":true}]}}