{"id":50655,"date":"2023-12-20T00:00:00","date_gmt":"2023-12-19T23:00:00","guid":{"rendered":"https:\/\/imagazine.it\/alveari-in-azienda-per-tutelare-la-biodiversita\/"},"modified":"2023-12-20T00:00:00","modified_gmt":"2023-12-19T23:00:00","slug":"alveari-in-azienda-per-tutelare-la-biodiversita","status":"publish","type":"post","link":"https:\/\/imagazine.it\/home_desk\/alveari-in-azienda-per-tutelare-la-biodiversita\/","title":{"rendered":"Alveari in azienda per tutelare la biodiversit\u00e0"},"content":{"rendered":"<p> \tSAN DANIELE DEL FRIULI \u2013 LimaCorporate, azienda friulana leader mondiale nella produzione di protesi ortopediche ha avviato un progetto di apicoltura in collaborazione con l\u2019azienda Comaro di Cassacco, con l\u2019intento di contribuire attivamente alla salvaguardia dell\u2019ambiente e della biodiversit\u00e0.<\/p>\n<p> \tL\u2019azienda ha deciso di dare il proprio contributo <strong>installando quattro arnie<\/strong> presso la sede di Villanova di San Daniele. Gli alveari, posizionati sul tetto del quartier generale, in una posizione appartata e protetta rispetto alle attivit\u00e0 produttive, <strong>ospiteranno circa 320.000 api<\/strong>. LimaCorporate ha inoltre adottato altri 10 alveari posizionati nel Friuli Collinare. Ciascun alveare copre un raggio d\u2019azione che va dai 3 ai 7 km e, in condizioni ottimali, pu\u00f2 produrre fino a 30 kg di miele.<\/p>\n<p> \t\u201cIl contributo e l\u2019interesse di aziende come LimaCorporate \u00e8 fondamentale per la salvaguardia del patrimonio apistico regionale. La vita delle api \u00e8 sempre pi\u00f9 a rischio e da essa dipende non solo la sorte di noi apicoltori ma anche quella di molte altre persone\u201d, commenta <strong>Gaia Comaro<\/strong>, direttrice commerciale dell\u2019omonima azienda con sede a Cassacco. \u201cI progetti a sostegno dell\u2019apicoltura come quello promosso da LimaCorporate e da altre aziende del territorio garantiscono un supporto agli apicoltori che si occupano delle api 365 giorni l\u2019anno e danno quindi un aiuto concreto alla salvaguardia di questo straordinario insetto e, di conseguenza, alla biodiversit\u00e0\u201d.<\/p>\n<p> \t\u201cSiamo felici e orgogliosi di dare inizio a questo progetto a conferma dell\u2019impegno della nostra azienda per la tutela dell\u2019ambiente e della biodiversit\u00e0, e di farlo insieme a Comaro, rafforzando ancora una volta il legame con il nostro territorio\u201d, sottolinea <strong>Federico Lattuada<\/strong>, vice president marketing e market access di LimaCorporate. \u201cL\u2019installazione e l\u2019adozione delle arnie \u00e8 per noi solo il primo passo verso una pi\u00f9 lunga e duratura collaborazione che coinvolger\u00e0 non solo l\u2019azienda ma anche i comportamenti dei privati dipendenti. Le api sono infatti di vitale importanza per la salvaguardia del nostro pianeta. Abbiamo in mente molte idee e iniziative che mirano ad influenzare le azioni dei singoli a favore della biodiversit\u00e0 e della sostenibilit\u00e0\u201d.<\/p>\n<p> \t\u00a0<\/p>\n","protected":false},"excerpt":{"rendered":"<p>Avviato un progetto di apicoltura con l\u2019adozione di 14 alveari in Friuli Venezia Giulia. Quattro arnie sul tetto del quartier generale a Villanova di San Daniele<\/p>\n","protected":false},"author":28,"featured_media":50656,"comment_status":"closed","ping_status":"closed","sticky":false,"template":"","format":"standard","meta":{"dwc-title":[],"dwc-content":[],"footnotes":""},"categories":[6],"tags":[],"class_list":["post-50655","post","type-post","status-publish","format-standard","has-post-thumbnail","hentry","category-societa"],"rttpg_featured_image_url":{"full":["https:\/\/imagazine.it\/wp-content\/uploads\/2024\/02\/55503-1.webp",1000,750,false],"landscape":["https:\/\/imagazine.it\/wp-content\/uploads\/2024\/02\/55503-1.webp",1000,750,false],"portraits":["https:\/\/imagazine.it\/wp-content\/uploads\/2024\/02\/55503-1.webp",1000,750,false],"thumbnail":["https:\/\/imagazine.it\/wp-content\/uploads\/2024\/02\/55503-1-150x150.webp",150,150,true],"medium":["https:\/\/imagazine.it\/wp-content\/uploads\/2024\/02\/55503-1-300x225.webp",300,225,true],"large":["https:\/\/imagazine.it\/wp-content\/uploads\/2024\/02\/55503-1.webp",640,480,false],"thumblist":["https:\/\/imagazine.it\/wp-content\/uploads\/2024\/02\/55503-1-300x300.webp",300,300,true],"thumbrelated":["https:\/\/imagazine.it\/wp-content\/uploads\/2024\/02\/55503-1-500x500.webp",500,500,true],"meccarouselthumb":["https:\/\/imagazine.it\/wp-content\/uploads\/2024\/02\/55503-1-474x324.webp",474,324,true],"gridsquare":["https:\/\/imagazine.it\/wp-content\/uploads\/2024\/02\/55503-1-391x260.webp",391,260,true],"tileview":["https:\/\/imagazine.it\/wp-content\/uploads\/2024\/02\/55503-1-300x400.webp",300,400,true],"1536x1536":["https:\/\/imagazine.it\/wp-content\/uploads\/2024\/02\/55503-1.webp",1000,750,false],"2048x2048":["https:\/\/imagazine.it\/wp-content\/uploads\/2024\/02\/55503-1.webp",1000,750,false],"newsup-slider-full":["https:\/\/imagazine.it\/wp-content\/uploads\/2024\/02\/55503-1-1000x720.webp",1000,720,true],"newsup-featured":["https:\/\/imagazine.it\/wp-content\/uploads\/2024\/02\/55503-1.webp",1000,750,false],"newsup-medium":["https:\/\/imagazine.it\/wp-content\/uploads\/2024\/02\/55503-1-720x380.webp",720,380,true],"tptn_thumbnail":["https:\/\/imagazine.it\/wp-content\/uploads\/2024\/02\/55503-1.webp",250,188,false],"sow-carousel-default":["https:\/\/imagazine.it\/wp-content\/uploads\/2024\/02\/55503-1.webp",243,182,false]},"rttpg_author":{"display_name":"redazione","author_link":"https:\/\/imagazine.it\/home_desk\/author\/redazione\/"},"rttpg_comment":0,"rttpg_category":"<a href=\"https:\/\/imagazine.it\/home_desk\/category\/societa\/\" rel=\"category tag\">SOCIET\u00c0<\/a>","rttpg_excerpt":"Avviato un progetto di apicoltura con l\u2019adozione di 14 alveari in Friuli Venezia Giulia. Quattro arnie sul tetto del quartier generale a Villanova di San Daniele","_links":{"self":[{"href":"https:\/\/imagazine.it\/home_desk\/wp-json\/wp\/v2\/posts\/50655","targetHints":{"allow":["GET"]}}],"collection":[{"href":"https:\/\/imagazine.it\/home_desk\/wp-json\/wp\/v2\/posts"}],"about":[{"href":"https:\/\/imagazine.it\/home_desk\/wp-json\/wp\/v2\/types\/post"}],"author":[{"embeddable":true,"href":"https:\/\/imagazine.it\/home_desk\/wp-json\/wp\/v2\/users\/28"}],"replies":[{"embeddable":true,"href":"https:\/\/imagazine.it\/home_desk\/wp-json\/wp\/v2\/comments?post=50655"}],"version-history":[{"count":0,"href":"https:\/\/imagazine.it\/home_desk\/wp-json\/wp\/v2\/posts\/50655\/revisions"}],"wp:featuredmedia":[{"embeddable":true,"href":"https:\/\/imagazine.it\/home_desk\/wp-json\/wp\/v2\/media\/50656"}],"wp:attachment":[{"href":"https:\/\/imagazine.it\/home_desk\/wp-json\/wp\/v2\/media?parent=50655"}],"wp:term":[{"taxonomy":"category","embeddable":true,"href":"https:\/\/imagazine.it\/home_desk\/wp-json\/wp\/v2\/categories?post=50655"},{"taxonomy":"post_tag","embeddable":true,"href":"https:\/\/imagazine.it\/home_desk\/wp-json\/wp\/v2\/tags?post=50655"}],"curies":[{"name":"wp","href":"https:\/\/api.w.org\/{rel}","templated":true}]}}