{"id":50643,"date":"2023-12-18T00:00:00","date_gmt":"2023-12-17T23:00:00","guid":{"rendered":"https:\/\/imagazine.it\/storie-familiari-e-vicende-sociali-a-sauris\/"},"modified":"2023-12-18T00:00:00","modified_gmt":"2023-12-17T23:00:00","slug":"storie-familiari-e-vicende-sociali-a-sauris","status":"publish","type":"post","link":"https:\/\/imagazine.it\/home_desk\/storie-familiari-e-vicende-sociali-a-sauris\/","title":{"rendered":"Storie familiari e vicende sociali a Sauris"},"content":{"rendered":"<p> \tOsservare la storia e l\u2019evoluzione di una comunit\u00e0 come se fosse un panorama boscoso. Come una foresta che si trasforma in lenta progressione, seguendo le cadenze stagionali ma anche con improvvisi sovvertimenti causati da eventi atmosferici. Cos\u00ec la comunit\u00e0 di Sauris in Carnia, luogo di bellezza naturale e operosit\u00e0 innovativa, osservata dal punto di vista sociale, culturale, economico e antropologico dal \u2018500 al \u2018900, si \u00e8 trasformata pure restando ben ancorata al proprio territorio e alle proprie tradizioni.<\/p>\n<p> \tLa vita \u00e8 evoluzione e cambiamento e di questo parla il volume \u201c<em>Oltre ogni dove. Storie familiari e vicende sociali a Sauris<\/em>\u201d Forum Editrice Universitaria Udinese (pagg. 192 euro 24) di <strong>Paolo Bulfone<\/strong> e <strong>Alfonso G. Politti<\/strong>, presentato in anteprima recentemente nella localit\u00e0 carnica.<\/p>\n<p> \tI due autori hanno svolto un lavoro lungo e paziente di ricerca e studio di documenti e dati nell\u2019Archivio di Stato di Udine e negli archivi parrocchiali. Un impegno di passione e professionalit\u00e0 proposto ai lettori, esperti e curiosi, in pagine di scrittura narrativa e avvincente, rese altres\u00ec interessanti e attraenti dal corposo corredo fotografico che riproduce documenti storici alternati a piacevoli disegni di buona mano a colori eseguiti dal Paolo Bulfone<\/p>\n<p> \tApre il lavoro di Bulfone dal titolo <em>Da un albero genealogico a un bosco comunitario <\/em>dedicato ai diciotto cognomi attestati a Sauris nell\u2019ultimo quarto del Cinquecento, con particolare focus al consolidarsi, espandersi o estinguersi dei corrispondenti ceppi familiari fino al dischiudersi del Novecento.<\/p>\n<p> \tSegue il secondo saggio di Politti <em>Pesante la terra sopra di loro<\/em> che esamina il Registro civile dei Morti conservato nell\u2019Archivio parrocchiale saurano.<\/p>\n<p> \tDagli albori dei cognomi negli atti notarili del \u2018500 alle <em>vicinie<\/em> (organi di gestione della comunit\u00e0) del periodo napoleonico e della Serenissima. Fra le tante chicche curiose l\u2019accoglienza in Sauris del magistro\/mastro Zuan Casanova proveniente dal Cadore. La famiglia Casanova (curiosa omonimia di cognome, anche se con nulla a che fare, sin qui emerso, con il pi\u00f9 famoso avventuriero Giacomo\u00a0 Casanova 1725-1798 n.d.r.) rest\u00f2 presente fino alla met\u00e0 del secolo scorso quando mor\u00ec Brigida, ultima discendente.<\/p>\n<p> \tStorie di famiglie fino all\u2019Ottocento con l\u2019istituzione della prima anagrafe civile, con il parroco che fungeva da ufficiale di stato civile, e dei catasti statali nell\u2019Ottocento.<\/p>\n<p> \tHa invece affrontato le cause di mortalit\u00e0 a Sauris fra il 1816 e il 1871 Alfonso G. Politti, ricercando e studiando per un\u2019accurata lettura sociologica la miniera di dati dell\u2019Archivio parrocchiale locale che racconta l\u2019andamento demografico, le nascite e le morti ma anche le condizioni sociali e di vita del periodo.<\/p>\n<p> \tUn certosino lavoro, facendo parlare le secolari carte, specchio e memoria mai di parte.<\/p>\n<p> \t\u00a0<\/p>\n","protected":false},"excerpt":{"rendered":"<p>Gli archivi e gli alberi genealogici raccontano secoli di una comunit\u00e0 nel libro di Paolo Bulfone e Alfonso G. Politti<\/p>\n","protected":false},"author":23,"featured_media":50644,"comment_status":"closed","ping_status":"closed","sticky":false,"template":"","format":"standard","meta":{"dwc-title":[],"dwc-content":[],"footnotes":""},"categories":[37],"tags":[],"class_list":["post-50643","post","type-post","status-publish","format-standard","has-post-thumbnail","hentry","category-cultura-e-spettacolo"],"rttpg_featured_image_url":{"full":["https:\/\/imagazine.it\/wp-content\/uploads\/2024\/02\/55473-1.webp",1600,1200,false],"landscape":["https:\/\/imagazine.it\/wp-content\/uploads\/2024\/02\/55473-1.webp",1600,1200,false],"portraits":["https:\/\/imagazine.it\/wp-content\/uploads\/2024\/02\/55473-1.webp",1600,1200,false],"thumbnail":["https:\/\/imagazine.it\/wp-content\/uploads\/2024\/02\/55473-1-150x150.webp",150,150,true],"medium":["https:\/\/imagazine.it\/wp-content\/uploads\/2024\/02\/55473-1-300x225.webp",300,225,true],"large":["https:\/\/imagazine.it\/wp-content\/uploads\/2024\/02\/55473-1-1024x768.webp",640,480,true],"thumblist":["https:\/\/imagazine.it\/wp-content\/uploads\/2024\/02\/55473-1-300x300.webp",300,300,true],"thumbrelated":["https:\/\/imagazine.it\/wp-content\/uploads\/2024\/02\/55473-1-500x500.webp",500,500,true],"meccarouselthumb":["https:\/\/imagazine.it\/wp-content\/uploads\/2024\/02\/55473-1-474x324.webp",474,324,true],"gridsquare":["https:\/\/imagazine.it\/wp-content\/uploads\/2024\/02\/55473-1-391x260.webp",391,260,true],"tileview":["https:\/\/imagazine.it\/wp-content\/uploads\/2024\/02\/55473-1-300x400.webp",300,400,true],"1536x1536":["https:\/\/imagazine.it\/wp-content\/uploads\/2024\/02\/55473-1-1536x1152.webp",1536,1152,true],"2048x2048":["https:\/\/imagazine.it\/wp-content\/uploads\/2024\/02\/55473-1.webp",1600,1200,false],"newsup-slider-full":["https:\/\/imagazine.it\/wp-content\/uploads\/2024\/02\/55473-1-1280x720.webp",1280,720,true],"newsup-featured":["https:\/\/imagazine.it\/wp-content\/uploads\/2024\/02\/55473-1-1024x768.webp",1024,768,true],"newsup-medium":["https:\/\/imagazine.it\/wp-content\/uploads\/2024\/02\/55473-1-720x380.webp",720,380,true],"tptn_thumbnail":["https:\/\/imagazine.it\/wp-content\/uploads\/2024\/02\/55473-1.webp",250,188,false],"sow-carousel-default":["https:\/\/imagazine.it\/wp-content\/uploads\/2024\/02\/55473-1.webp",243,182,false]},"rttpg_author":{"display_name":"Margherita Reguitti","author_link":"https:\/\/imagazine.it\/home_desk\/author\/reguitti\/"},"rttpg_comment":0,"rttpg_category":"<a href=\"https:\/\/imagazine.it\/home_desk\/category\/cultura-e-spettacolo\/\" rel=\"category tag\">CULTURA&amp;SPETTACOLO<\/a>","rttpg_excerpt":"Gli archivi e gli alberi genealogici raccontano secoli di una comunit\u00e0 nel libro di Paolo Bulfone e Alfonso G. Politti","_links":{"self":[{"href":"https:\/\/imagazine.it\/home_desk\/wp-json\/wp\/v2\/posts\/50643","targetHints":{"allow":["GET"]}}],"collection":[{"href":"https:\/\/imagazine.it\/home_desk\/wp-json\/wp\/v2\/posts"}],"about":[{"href":"https:\/\/imagazine.it\/home_desk\/wp-json\/wp\/v2\/types\/post"}],"author":[{"embeddable":true,"href":"https:\/\/imagazine.it\/home_desk\/wp-json\/wp\/v2\/users\/23"}],"replies":[{"embeddable":true,"href":"https:\/\/imagazine.it\/home_desk\/wp-json\/wp\/v2\/comments?post=50643"}],"version-history":[{"count":0,"href":"https:\/\/imagazine.it\/home_desk\/wp-json\/wp\/v2\/posts\/50643\/revisions"}],"wp:featuredmedia":[{"embeddable":true,"href":"https:\/\/imagazine.it\/home_desk\/wp-json\/wp\/v2\/media\/50644"}],"wp:attachment":[{"href":"https:\/\/imagazine.it\/home_desk\/wp-json\/wp\/v2\/media?parent=50643"}],"wp:term":[{"taxonomy":"category","embeddable":true,"href":"https:\/\/imagazine.it\/home_desk\/wp-json\/wp\/v2\/categories?post=50643"},{"taxonomy":"post_tag","embeddable":true,"href":"https:\/\/imagazine.it\/home_desk\/wp-json\/wp\/v2\/tags?post=50643"}],"curies":[{"name":"wp","href":"https:\/\/api.w.org\/{rel}","templated":true}]}}