{"id":50635,"date":"2023-12-18T00:00:00","date_gmt":"2023-12-17T23:00:00","guid":{"rendered":"https:\/\/imagazine.it\/dal-collio-a-gorizia-nuovi-servizi-per-i-giovani\/"},"modified":"2023-12-18T00:00:00","modified_gmt":"2023-12-17T23:00:00","slug":"dal-collio-a-gorizia-nuovi-servizi-per-i-giovani","status":"publish","type":"post","link":"https:\/\/imagazine.it\/home_desk\/dal-collio-a-gorizia-nuovi-servizi-per-i-giovani\/","title":{"rendered":"Dal Collio a Gorizia, nuovi servizi per i giovani"},"content":{"rendered":"<p> \tCORM\u00d2NS \u2013 Presentato il progetto <strong>ArtNet Collio-Gorizia<\/strong>, che rientra tra le proposte finanziate dal bando regionale dedicato ai progetti di investimento sovracomunali.<\/p>\n<p> \t&#8220;Il progetto &#8216;ArtNet Collio-Gorizia&#8217; ha il pregio di coinvolgere ben undici Comuni del territorio e un ampio bacino di cittadini, attraverso idee innovative di promozione territoriale e di inclusione sociale. Un territorio che mantiene ben salde le radici della propria vocazione vitivinicola e dei suoi valori storici e culturali. Rilevante anche lo slancio che questo progetto dimostra verso il mondo dei giovani: \u00e8 importante che le nuove generazioni trovino sul territorio nuove occasioni di crescita professionale&#8221;, ha affermato l&#8217;assessore regionale alle Finanze <strong>Barbara Zilli<\/strong>.<\/p>\n<p> \tIl progetto presentato a Corm\u00f2ns, quarto classificato nel bando per i progetti sovracomunali, gode del <strong>contributo regionale per 7.984.068,28 euro<\/strong> e, oltre al Comune di Corm\u00f2ns in qualit\u00e0 di ente capofila, vede coinvolte le municipalit\u00e0 di <strong>Farra d&#8217;Isonzo, Capriva, San Lorenzo, Mossa, Medea, Dolegna del Collio, Mariano del Friuli, Gorizia, San Floriano del Collio e Moraro<\/strong>, per un bacino di utenza complessivo di <strong>circa 50mila abitanti<\/strong>.<\/p>\n<p> \tIl programma prevede la creazione di diversi centri culturali nel territorio del Collio e del Goriziano: la sede centrale sar\u00e0 ubicata a <strong>Corm\u00f2ns<\/strong> nell&#8217;<strong>ex<\/strong> <strong>edificio della scuola &#8220;Vittorino da Feltre&#8221;<\/strong>, dove ci saranno diversi spazi culturali, tra i quali <strong>una biblioteca, sale per mostre e conferenze e un caff\u00e8 letterario<\/strong>.<\/p>\n<p> \tUn secondo spazio sar\u00e0 situato a <strong>Capriva del Friuli<\/strong>, pi\u00f9 precisamente presso l&#8217;<strong>ex<\/strong> <strong>scuola di via Preval<\/strong>, dove il focus principale sar\u00e0 la musica e verranno <strong>installate una sala di registrazione a disposizione degli artisti del territorio e spazi per la promozione musicale<\/strong>.<\/p>\n<p> \tIl terzo polo centrale sar\u00e0, invece, a <strong>Farra d\u2019Isonzo<\/strong>, presso il <strong>Museo della civilt\u00e0 contadina<\/strong>, che verr\u00e0 rivoluzionato e dedicato all&#8217;<strong>arte<\/strong> <strong>immersiva e digitale<\/strong>.<\/p>\n<p> \tSi aggiungono al progetto altri spazi all&#8217;aperto in diverse aree del territorio, che saranno dedicati alla cultura e al benessere collettivo.<\/p>\n<p> \t\u00a0<\/p>\n","protected":false},"excerpt":{"rendered":"<p>Finanziamento regionale di quasi 8 milioni di euro che coinvolge 11 Comuni del territorio: in arrivo biblioteche, sale mostre, sale di registrazione e spazi per l&#8217;arte immersiva e digitale<\/p>\n","protected":false},"author":28,"featured_media":50636,"comment_status":"closed","ping_status":"closed","sticky":false,"template":"","format":"standard","meta":{"dwc-title":[],"dwc-content":[],"footnotes":""},"categories":[5],"tags":[],"class_list":["post-50635","post","type-post","status-publish","format-standard","has-post-thumbnail","hentry","category-attualita"],"rttpg_featured_image_url":{"full":["https:\/\/imagazine.it\/wp-content\/uploads\/2024\/02\/55463-1.webp",1000,667,false],"landscape":["https:\/\/imagazine.it\/wp-content\/uploads\/2024\/02\/55463-1.webp",1000,667,false],"portraits":["https:\/\/imagazine.it\/wp-content\/uploads\/2024\/02\/55463-1.webp",1000,667,false],"thumbnail":["https:\/\/imagazine.it\/wp-content\/uploads\/2024\/02\/55463-1-150x150.webp",150,150,true],"medium":["https:\/\/imagazine.it\/wp-content\/uploads\/2024\/02\/55463-1-300x200.webp",300,200,true],"large":["https:\/\/imagazine.it\/wp-content\/uploads\/2024\/02\/55463-1.webp",640,427,false],"thumblist":["https:\/\/imagazine.it\/wp-content\/uploads\/2024\/02\/55463-1-300x300.webp",300,300,true],"thumbrelated":["https:\/\/imagazine.it\/wp-content\/uploads\/2024\/02\/55463-1-500x500.webp",500,500,true],"meccarouselthumb":["https:\/\/imagazine.it\/wp-content\/uploads\/2024\/02\/55463-1-474x324.webp",474,324,true],"gridsquare":["https:\/\/imagazine.it\/wp-content\/uploads\/2024\/02\/55463-1-391x260.webp",391,260,true],"tileview":["https:\/\/imagazine.it\/wp-content\/uploads\/2024\/02\/55463-1-300x400.webp",300,400,true],"1536x1536":["https:\/\/imagazine.it\/wp-content\/uploads\/2024\/02\/55463-1.webp",1000,667,false],"2048x2048":["https:\/\/imagazine.it\/wp-content\/uploads\/2024\/02\/55463-1.webp",1000,667,false],"newsup-slider-full":["https:\/\/imagazine.it\/wp-content\/uploads\/2024\/02\/55463-1.webp",1000,667,false],"newsup-featured":["https:\/\/imagazine.it\/wp-content\/uploads\/2024\/02\/55463-1.webp",1000,667,false],"newsup-medium":["https:\/\/imagazine.it\/wp-content\/uploads\/2024\/02\/55463-1-720x380.webp",720,380,true],"tptn_thumbnail":["https:\/\/imagazine.it\/wp-content\/uploads\/2024\/02\/55463-1.webp",250,167,false],"sow-carousel-default":["https:\/\/imagazine.it\/wp-content\/uploads\/2024\/02\/55463-1.webp",272,182,false]},"rttpg_author":{"display_name":"redazione","author_link":"https:\/\/imagazine.it\/home_desk\/author\/redazione\/"},"rttpg_comment":0,"rttpg_category":"<a href=\"https:\/\/imagazine.it\/home_desk\/category\/attualita\/\" rel=\"category tag\">ATTUALIT\u00c0<\/a>","rttpg_excerpt":"Finanziamento regionale di quasi 8 milioni di euro che coinvolge 11 Comuni del territorio: in arrivo biblioteche, sale mostre, sale di registrazione e spazi per l'arte immersiva e digitale","_links":{"self":[{"href":"https:\/\/imagazine.it\/home_desk\/wp-json\/wp\/v2\/posts\/50635","targetHints":{"allow":["GET"]}}],"collection":[{"href":"https:\/\/imagazine.it\/home_desk\/wp-json\/wp\/v2\/posts"}],"about":[{"href":"https:\/\/imagazine.it\/home_desk\/wp-json\/wp\/v2\/types\/post"}],"author":[{"embeddable":true,"href":"https:\/\/imagazine.it\/home_desk\/wp-json\/wp\/v2\/users\/28"}],"replies":[{"embeddable":true,"href":"https:\/\/imagazine.it\/home_desk\/wp-json\/wp\/v2\/comments?post=50635"}],"version-history":[{"count":0,"href":"https:\/\/imagazine.it\/home_desk\/wp-json\/wp\/v2\/posts\/50635\/revisions"}],"wp:featuredmedia":[{"embeddable":true,"href":"https:\/\/imagazine.it\/home_desk\/wp-json\/wp\/v2\/media\/50636"}],"wp:attachment":[{"href":"https:\/\/imagazine.it\/home_desk\/wp-json\/wp\/v2\/media?parent=50635"}],"wp:term":[{"taxonomy":"category","embeddable":true,"href":"https:\/\/imagazine.it\/home_desk\/wp-json\/wp\/v2\/categories?post=50635"},{"taxonomy":"post_tag","embeddable":true,"href":"https:\/\/imagazine.it\/home_desk\/wp-json\/wp\/v2\/tags?post=50635"}],"curies":[{"name":"wp","href":"https:\/\/api.w.org\/{rel}","templated":true}]}}