{"id":50631,"date":"2023-12-16T00:00:00","date_gmt":"2023-12-15T23:00:00","guid":{"rendered":"https:\/\/imagazine.it\/gorizia-assapora-satira-e-vino\/"},"modified":"2023-12-16T00:00:00","modified_gmt":"2023-12-15T23:00:00","slug":"gorizia-assapora-satira-e-vino","status":"publish","type":"post","link":"https:\/\/imagazine.it\/home_desk\/gorizia-assapora-satira-e-vino\/","title":{"rendered":"Gorizia assapora satira e vino"},"content":{"rendered":"<p> \tGORIZIA \u2013 A Palazzo Krainer il vignettista <strong>Valerio Marini<\/strong>, la presidente del Movimento Turismo del Vino FVG, <strong>Elda Felluga<\/strong> (membri della giuria), assieme agli assessori comunali <strong>Fabrizio Oreti<\/strong> e <strong>Maurizio Negro<\/strong>, all\u2019assessore regionale alle attivit\u00e0 produttive e turismo<strong> Sergio Emidio Bini<\/strong> e al vicesindaco di Nova Gorica <strong>Anton Herej<\/strong>, hanno proclamato i vincitori della 24\u00aa edizione di <strong><em>Spirito di Vino<\/em><\/strong>, il concorso internazionale indetto annualmente dal <strong>Movimento Turismo del Vino Friuli Venezia Giulia<\/strong>, che celebra le pi\u00f9 graffianti e originali vignette satiriche sul mondo del vino.<\/p>\n<p> \tVincitori dell\u2019edizione 2023, premiati con una selezione delle migliori etichette delle cantine associate, sono stati per la sezione under 35 l\u2019italiano <strong>Diego Russo<\/strong> (primo classificato) con \u201c<em>L\u2019uomo Vinumiano<\/em>\u201d, un secondo posto sempre italiano grazie a <strong>Mattia De Luca<\/strong> con \u201c<em>Decanter Odette \u2013 Il Lago dei Vini<\/em>\u201d e dall\u2019Iran <strong>Mojtaba Heidarpanah<\/strong> (terza classificata) con \u201c<em>Another round!<\/em>\u201d.<\/p>\n<p> \tDa quest\u2019anno \u00e8 stato indetto un riconoscimento speciale\u00a0\u201cPremio Cover\u201d a due opere che rappresentavano a livello grafico e di impatto visivo una vera e propria copertina, per la categoria Under il riconoscimento va a <strong>Giovanna Merlin<\/strong>, Brasile, con \u201c<em>Intelligenza Naturale<\/em>\u201d. Per la sezione over 35 la giuria ha scelto: <strong>Aurel Stefan<\/strong> <strong>Alexandrescu <\/strong>(primo classificato), dalla Romania con \u201c<em>Heart Cure<\/em>\u201d; l\u2019italiano <strong>Sergio Azzini<\/strong> (secondo classificato) con \u201c<em>Percorso di Vite<\/em>\u201d e dall\u2019Italia <strong>Samanta Bartolucci<\/strong> (terza classificata) con \u201c<em>Nebbiolo<\/em>\u201d; premio cover a <strong>Rainer Demattio<\/strong> (Germania) con \u201c<em>The bright side of the wine<\/em>\u201d.<\/p>\n<p> \tIl premio per i vincitori consiste in una selezione di pregiati vini, scelti tra le 94 cantine associate al Movimento Turismo del Vino FVG.<\/p>\n<p> \t\u201cDegustare l\u2019arte con ironia attraverso Spirito di Vino \u2013 afferma <strong>Elda Felluga<\/strong> \u2013 \u00e8 un modo originale di coniugare creativit\u00e0, satira e cultura enologica. L\u2019iniziativa non \u00e8 solo un concorso di vignette o una semplice mostra. Spirito di Vino \u00e8 un modo di comunicare il vino, il nostro Territorio e le Persone che hanno creduto e credono in questa terra di eccellenze vitivinicole. Spirito di Vino ha l\u2019obiettivo di raccontare il variegato mondo del vino, attraverso l&#8217;espressione di artisti provenienti da tutto il mondo e riesce ad essere uno strumento di confronto, di unione e di riflessione sui temi di attualit\u00e0, costume e avvenimenti storici, sempre trattati con leggerezza e ironia. Grazie alla giuria, alle istituzioni e a tutte quelle realt\u00e0 che dal 2000 hanno contribuito a far crescere questa iniziativa\u201d.<\/p>\n<p> \tRicordiamo che le vignette in gara sono state valutate da una giuria d\u2019eccezione capitanata dal presidente in carica <strong>Alfio Krancic<\/strong> e dal presidente onorario <strong>Giorgio Forattini<\/strong> e composta da nomi illustri della satira, del giornalismo e della grafica: <strong>Emilio Giannelli<\/strong> (vignettista), <strong>Valerio Marini<\/strong> (vignettista), <strong>Gianluigi Colin<\/strong> (art and cover editor La Lettura Corriere della Sera), <strong>Franz Botr\u00e9 ed Enzo Rizzo<\/strong> (direttore e vicedirettore della rivista Spirito DiVino), <strong>Carlo Cambi<\/strong> (giornalista enogastronomico), <strong>Paolo Marchi<\/strong> (giornalista, Identit\u00e0 Golose), <strong>Aldo Colonetti<\/strong> (filosofo), <strong>Fede &#038; Tinto<\/strong> (conduttori Decanter \u2013 RadioRai2), <strong>Francesco Salvi<\/strong> (attore), <strong>Silvestro Serra<\/strong> (direttore Touring Club) e da <strong>Elda Felluga<\/strong> (Presidente del Movimento Turismo del Vino FVG).<\/p>\n<p> \tFino al 15 gennaio 2024 presso Palazzo Krainer sar\u00e0 visitabile la mostra della 24\u00aa edizione di <em>Spirito di Vino<\/em> con anche le vignette dei Maestri Valerio Marini, Alfio Krancic ed Emilio Giannelli. La mostra sar\u00e0 aperta tutti i mercoled\u00ec, gioved\u00ec e venerd\u00ec dalle 17 alle 20, i sabati dalle 16 alle 20 e le domeniche dalle 10 alle 18.<br \/> \tLe vignette verranno inoltre inserite nel Calendario \u201cSpirito di Vino\u201d.<\/p>\n<p> \tLa premiazione ha infine offerto una panoramica sul futuro del Movimento Turismo del Vino FVG, con l&#8217;annuncio dell\u2019evento (Eno)Satira: primo festival mondiale della satira.<\/p>\n<p> \t\u00a0<\/p>\n","protected":false},"excerpt":{"rendered":"<p>La vignette di Diego Russo e Aurel Stefan Alexandrescu conquistano la 24esima edizione del concorso satirico internazionale<\/p>\n","protected":false},"author":28,"featured_media":50632,"comment_status":"closed","ping_status":"closed","sticky":false,"template":"","format":"standard","meta":{"dwc-title":[],"dwc-content":[],"footnotes":""},"categories":[37],"tags":[],"class_list":["post-50631","post","type-post","status-publish","format-standard","has-post-thumbnail","hentry","category-cultura-e-spettacolo"],"rttpg_featured_image_url":{"full":["https:\/\/imagazine.it\/wp-content\/uploads\/2024\/02\/55455-1.webp",1000,667,false],"landscape":["https:\/\/imagazine.it\/wp-content\/uploads\/2024\/02\/55455-1.webp",1000,667,false],"portraits":["https:\/\/imagazine.it\/wp-content\/uploads\/2024\/02\/55455-1.webp",1000,667,false],"thumbnail":["https:\/\/imagazine.it\/wp-content\/uploads\/2024\/02\/55455-1-150x150.webp",150,150,true],"medium":["https:\/\/imagazine.it\/wp-content\/uploads\/2024\/02\/55455-1-300x200.webp",300,200,true],"large":["https:\/\/imagazine.it\/wp-content\/uploads\/2024\/02\/55455-1.webp",640,427,false],"thumblist":["https:\/\/imagazine.it\/wp-content\/uploads\/2024\/02\/55455-1-300x300.webp",300,300,true],"thumbrelated":["https:\/\/imagazine.it\/wp-content\/uploads\/2024\/02\/55455-1-500x500.webp",500,500,true],"meccarouselthumb":["https:\/\/imagazine.it\/wp-content\/uploads\/2024\/02\/55455-1-474x324.webp",474,324,true],"gridsquare":["https:\/\/imagazine.it\/wp-content\/uploads\/2024\/02\/55455-1-391x260.webp",391,260,true],"tileview":["https:\/\/imagazine.it\/wp-content\/uploads\/2024\/02\/55455-1-300x400.webp",300,400,true],"1536x1536":["https:\/\/imagazine.it\/wp-content\/uploads\/2024\/02\/55455-1.webp",1000,667,false],"2048x2048":["https:\/\/imagazine.it\/wp-content\/uploads\/2024\/02\/55455-1.webp",1000,667,false],"newsup-slider-full":["https:\/\/imagazine.it\/wp-content\/uploads\/2024\/02\/55455-1.webp",1000,667,false],"newsup-featured":["https:\/\/imagazine.it\/wp-content\/uploads\/2024\/02\/55455-1.webp",1000,667,false],"newsup-medium":["https:\/\/imagazine.it\/wp-content\/uploads\/2024\/02\/55455-1-720x380.webp",720,380,true],"tptn_thumbnail":["https:\/\/imagazine.it\/wp-content\/uploads\/2024\/02\/55455-1.webp",250,167,false],"sow-carousel-default":["https:\/\/imagazine.it\/wp-content\/uploads\/2024\/02\/55455-1.webp",272,182,false]},"rttpg_author":{"display_name":"redazione","author_link":"https:\/\/imagazine.it\/home_desk\/author\/redazione\/"},"rttpg_comment":0,"rttpg_category":"<a href=\"https:\/\/imagazine.it\/home_desk\/category\/cultura-e-spettacolo\/\" rel=\"category tag\">CULTURA&amp;SPETTACOLO<\/a>","rttpg_excerpt":"La vignette di Diego Russo e Aurel Stefan Alexandrescu conquistano la 24esima edizione del concorso satirico internazionale","_links":{"self":[{"href":"https:\/\/imagazine.it\/home_desk\/wp-json\/wp\/v2\/posts\/50631","targetHints":{"allow":["GET"]}}],"collection":[{"href":"https:\/\/imagazine.it\/home_desk\/wp-json\/wp\/v2\/posts"}],"about":[{"href":"https:\/\/imagazine.it\/home_desk\/wp-json\/wp\/v2\/types\/post"}],"author":[{"embeddable":true,"href":"https:\/\/imagazine.it\/home_desk\/wp-json\/wp\/v2\/users\/28"}],"replies":[{"embeddable":true,"href":"https:\/\/imagazine.it\/home_desk\/wp-json\/wp\/v2\/comments?post=50631"}],"version-history":[{"count":0,"href":"https:\/\/imagazine.it\/home_desk\/wp-json\/wp\/v2\/posts\/50631\/revisions"}],"wp:featuredmedia":[{"embeddable":true,"href":"https:\/\/imagazine.it\/home_desk\/wp-json\/wp\/v2\/media\/50632"}],"wp:attachment":[{"href":"https:\/\/imagazine.it\/home_desk\/wp-json\/wp\/v2\/media?parent=50631"}],"wp:term":[{"taxonomy":"category","embeddable":true,"href":"https:\/\/imagazine.it\/home_desk\/wp-json\/wp\/v2\/categories?post=50631"},{"taxonomy":"post_tag","embeddable":true,"href":"https:\/\/imagazine.it\/home_desk\/wp-json\/wp\/v2\/tags?post=50631"}],"curies":[{"name":"wp","href":"https:\/\/api.w.org\/{rel}","templated":true}]}}