{"id":50621,"date":"2023-12-14T00:00:00","date_gmt":"2023-12-13T23:00:00","guid":{"rendered":"https:\/\/imagazine.it\/il-segno-delle-donne-gorizia-ricorda-le-sue-scrittrici\/"},"modified":"2023-12-14T00:00:00","modified_gmt":"2023-12-13T23:00:00","slug":"il-segno-delle-donne-gorizia-ricorda-le-sue-scrittrici","status":"publish","type":"post","link":"https:\/\/imagazine.it\/home_desk\/il-segno-delle-donne-gorizia-ricorda-le-sue-scrittrici\/","title":{"rendered":"Il segno delle donne. Gorizia ricorda le sue scrittrici"},"content":{"rendered":"<p> \tGORIZIA \u2013 La <strong>scalinata Sebastiano Sotgia<\/strong>, in via San Michele a Gorizia, si \u00e8 trasformata grazie al murales \u201c<em>Il segno delle donne. Gorizia ricorda le sue scrittrici<\/em>\u201d. Sui gradini sono stati dipinti i <strong>nomi di 18 scrittrici, poetesse e saggiste<\/strong> che hanno segnato la storia di Gorizia, contribuendo alla valorizzazione della citt\u00e0 e del suo territorio.<\/p>\n<p> \tL\u2019opera \u00e8 stata realizzata dall&#8217;associazione <strong>Save Art<\/strong> nell\u2019ambito delle iniziative organizzate per il 25 novembre, Giornata internazionale per l&#8217;eliminazione della violenza contro le donne, dal Comune di Gorizia insieme all\u2019associazione Sos Rosa con il contributo della Regione<a data-saferedirecturl=\"https:\/\/www.google.com\/url?q=https:\/\/www.facebook.com\/regione.fvg.it?__cft__%255b0%255d%3DAZUjaovXq7xQ78u_dXLgeHuTA23rM28--nFP6ZVyNY6CUcKp7C7PatGb3IowJf9YRkmFPTXIv0qoA99xOaNHBqVJDjJUx6_McDKHGUCS96Wa1KW0ZrIv51MVjwgauQFdJsVO08PtkWq50sbyMwThAJofE1EoIpamJhllJy0UZ2IGBZWSH1oD9TPu0dPYR0U1M9GdrSmNBtz1nHMSf9O9N12j%26__tn__%3D-%255dK-y-R&#038;source=gmail&#038;ust=1702715648517000&#038;usg=AOvVaw3Gb16Hiyb9S__xo_m6l5IO\" href=\"https:\/\/www.facebook.com\/regione.fvg.it?__cft__%5b0%5d=AZUjaovXq7xQ78u_dXLgeHuTA23rM28--nFP6ZVyNY6CUcKp7C7PatGb3IowJf9YRkmFPTXIv0qoA99xOaNHBqVJDjJUx6_McDKHGUCS96Wa1KW0ZrIv51MVjwgauQFdJsVO08PtkWq50sbyMwThAJofE1EoIpamJhllJy0UZ2IGBZWSH1oD9TPu0dPYR0U1M9GdrSmNBtz1nHMSf9O9N12j&#038;__tn__=-%5dK-y-R\" target=\"_blank\" rel=\"noopener\">.<\/a><\/p>\n<p> \tI nomi, individuati da <strong>Antonella Gallarotti<\/strong> e scritti uno per ogni gradino per creare una sorta di percorso ideale, sono quelli di: Maria Maddalena Malni Pascoletti (1945-2023), Anna Maria Fabbroni (1934-2023), Lojzka Bratu\u017e (1934-2019), Giovanna Ludovico Giannattasio (1932-2020), Gianna Bigi Pirella (1930-2001), Maura Bozzini La Stella (1928-2012), Lella Au Fiore (1920-2003), Carmen Perco Jacchia (1915-1986), Zora Pi\u0161\u010danc (1912-1989), Nella Cattaruzza Piemonti (1911-2003), Ljubka <em>\u0160orli<\/em> Bratu\u017e (1910-1993), Jolanda Pisani \u201cCassandra\u201d (1905-1978), Nicoletta Coronini (1896-1984), Elda Michelstaedter Morpurgo (1879-1944), Maria Von Schmitzahausen De Egger (Paul Marie Lacroma) (1851-1929), Carolina Sabbadini Luzzatto Coen (1837-1919), Teresa Von Abensperg und Thraun della pace (1759-1920), Marianna De Dietrichstein Coronini Cronberg (1736-1805).<\/p>\n<p> \t\u201cUna scalinata, un luogo di passaggio, grazie a quest\u2019opera diventa anche luogo di riflessione. Il recupero cromatico di questi gradini con il richiamo a un forte simbolismo riporta quotidianamente l\u2019attenzione sull\u2019importanza del rispetto e del contrasto alla violenza sulle donne, perch\u00e9 guai parlarne solo in occasione del 25 novembre. I nomi riportati ci consentiranno di ricordare e susciteranno curiosit\u00e0 in tutti i passanti, per scoprire o riscoprire le tante donne che hanno fatto la storia di Gorizia\u201d, ha commentato il sindaco, <strong>Rodolfo Ziberna<\/strong>.<\/p>\n<p> \t\u201cIl murales \u2013 ha specificato <strong>Marilena Bernobich<\/strong>, consigliere comunale delegato alle Pari opportunit\u00e0 \u2013 \u00e8 un progetto di sensibilizzazione sulla parit\u00e0 di genere e di valorizzazione delle donne, scrittrici, saggiste e poetesse collegate alla nostra citt\u00e0 e al nostro territorio, che hanno contribuito a valorizzarlo e che sono simbolo di emancipazione proprio perch\u00e9 la violenza e gli stereotipi si combattono anche con la cultura. La scalinata da mero collegamento da attraversare velocemente diventa occasione di conoscenza, di riflessione sulla parit\u00e0 di genere e di attenzione sulle piaghe della violenza e dei femminicidi. Debellare, contrastare la violenza \u00e8 un obiettivo che tutti dobbiamo porci facendo rete tra istituzioni, enti e associazioni e promuovendo la cultura del rispetto in ogni ambito e contesto della vita\u201d.<\/p>\n<p> \t\u201cL\u2019idea che ogni scrittrice \u2013 ha aggiunto l\u2019assessore comunale ai Lavori pubblici, <strong>Sarah Filisetti<\/strong> \u2013 avesse un suo gradino e facesse parte di un percorso mi \u00e8 molto piaciuta perch\u00e9 consente di ripercorrere metaforicamente il cammino in salita che tutte queste donne hanno intrapreso per avere autonomia, emancipazione e indipendenza. Per questo motivo abbiamo scelto di far dipingere una scalinata ampia e frequentata, in una zona di forte passaggio pedonale in prossimit\u00e0 di numerosi impianti sportivi e di aree cittadine oggetto di un importante intervento di rigenerazione urbana (collegamento corso Italia \u2013 via del Carso). Oltre a essere omaggio della citt\u00e0 alle scrittrici che qui hanno lasciato un segno nel corso dei secoli, mi auguro che quest\u2019opera possa solleticare la curiosit\u00e0 di cittadini e turisti portandoli a conoscere le vicende di queste donne, per coglierne la bellezza dei loro scritti e dei loro animi\u201d.<\/p>\n<p> \tLe presidenti di Sos Rosa e di Save Art, rispettivamente <strong>Francesca Vuaran<\/strong> e <strong>Katty Faion<\/strong>, hanno parlato di quanto sia importante l\u2019attivit\u00e0 di sensibilizzazione, soffermandosi sull\u2019impegno per educare bambini e ragazzi sul valore del rispetto.<\/p>\n<p> \tAntonella Gallarotti ha infine fatto presente che per individuare i 18 nomi trascritti \u00e8 stata compiuta una cernita, puntando volutamente anche su autrici meno conosciute ma molto significative, e ribadendo che sono state numerose le donne goriziane che nella loro vita hanno \u201cfatto\u201d, portando a termine azioni di rilievo.<\/p>\n<p> \tEra presente alla cerimonia anche l\u2019assessore comunale al Decentramento, <strong>Maurizio Negro<\/strong>.<\/p>\n<p> \t\u00a0<\/p>\n","protected":false},"excerpt":{"rendered":"<p>Un murales con 18 nomi cambia volto alla scalinata Sebastiano Sotgia in via San Michele<\/p>\n","protected":false},"author":28,"featured_media":50622,"comment_status":"closed","ping_status":"closed","sticky":false,"template":"","format":"standard","meta":{"dwc-title":[],"dwc-content":[],"footnotes":""},"categories":[5],"tags":[],"class_list":["post-50621","post","type-post","status-publish","format-standard","has-post-thumbnail","hentry","category-attualita"],"rttpg_featured_image_url":{"full":["https:\/\/imagazine.it\/wp-content\/uploads\/2024\/02\/55438-1.webp",1000,750,false],"landscape":["https:\/\/imagazine.it\/wp-content\/uploads\/2024\/02\/55438-1.webp",1000,750,false],"portraits":["https:\/\/imagazine.it\/wp-content\/uploads\/2024\/02\/55438-1.webp",1000,750,false],"thumbnail":["https:\/\/imagazine.it\/wp-content\/uploads\/2024\/02\/55438-1-150x150.webp",150,150,true],"medium":["https:\/\/imagazine.it\/wp-content\/uploads\/2024\/02\/55438-1-300x225.webp",300,225,true],"large":["https:\/\/imagazine.it\/wp-content\/uploads\/2024\/02\/55438-1.webp",640,480,false],"thumblist":["https:\/\/imagazine.it\/wp-content\/uploads\/2024\/02\/55438-1-300x300.webp",300,300,true],"thumbrelated":["https:\/\/imagazine.it\/wp-content\/uploads\/2024\/02\/55438-1-500x500.webp",500,500,true],"meccarouselthumb":["https:\/\/imagazine.it\/wp-content\/uploads\/2024\/02\/55438-1-474x324.webp",474,324,true],"gridsquare":["https:\/\/imagazine.it\/wp-content\/uploads\/2024\/02\/55438-1-391x260.webp",391,260,true],"tileview":["https:\/\/imagazine.it\/wp-content\/uploads\/2024\/02\/55438-1-300x400.webp",300,400,true],"1536x1536":["https:\/\/imagazine.it\/wp-content\/uploads\/2024\/02\/55438-1.webp",1000,750,false],"2048x2048":["https:\/\/imagazine.it\/wp-content\/uploads\/2024\/02\/55438-1.webp",1000,750,false],"newsup-slider-full":["https:\/\/imagazine.it\/wp-content\/uploads\/2024\/02\/55438-1-1000x720.webp",1000,720,true],"newsup-featured":["https:\/\/imagazine.it\/wp-content\/uploads\/2024\/02\/55438-1.webp",1000,750,false],"newsup-medium":["https:\/\/imagazine.it\/wp-content\/uploads\/2024\/02\/55438-1-720x380.webp",720,380,true],"tptn_thumbnail":["https:\/\/imagazine.it\/wp-content\/uploads\/2024\/02\/55438-1.webp",250,188,false],"sow-carousel-default":["https:\/\/imagazine.it\/wp-content\/uploads\/2024\/02\/55438-1.webp",243,182,false]},"rttpg_author":{"display_name":"redazione","author_link":"https:\/\/imagazine.it\/home_desk\/author\/redazione\/"},"rttpg_comment":0,"rttpg_category":"<a href=\"https:\/\/imagazine.it\/home_desk\/category\/attualita\/\" rel=\"category tag\">ATTUALIT\u00c0<\/a>","rttpg_excerpt":"Un murales con 18 nomi cambia volto alla scalinata Sebastiano Sotgia in via San Michele","_links":{"self":[{"href":"https:\/\/imagazine.it\/home_desk\/wp-json\/wp\/v2\/posts\/50621","targetHints":{"allow":["GET"]}}],"collection":[{"href":"https:\/\/imagazine.it\/home_desk\/wp-json\/wp\/v2\/posts"}],"about":[{"href":"https:\/\/imagazine.it\/home_desk\/wp-json\/wp\/v2\/types\/post"}],"author":[{"embeddable":true,"href":"https:\/\/imagazine.it\/home_desk\/wp-json\/wp\/v2\/users\/28"}],"replies":[{"embeddable":true,"href":"https:\/\/imagazine.it\/home_desk\/wp-json\/wp\/v2\/comments?post=50621"}],"version-history":[{"count":0,"href":"https:\/\/imagazine.it\/home_desk\/wp-json\/wp\/v2\/posts\/50621\/revisions"}],"wp:featuredmedia":[{"embeddable":true,"href":"https:\/\/imagazine.it\/home_desk\/wp-json\/wp\/v2\/media\/50622"}],"wp:attachment":[{"href":"https:\/\/imagazine.it\/home_desk\/wp-json\/wp\/v2\/media?parent=50621"}],"wp:term":[{"taxonomy":"category","embeddable":true,"href":"https:\/\/imagazine.it\/home_desk\/wp-json\/wp\/v2\/categories?post=50621"},{"taxonomy":"post_tag","embeddable":true,"href":"https:\/\/imagazine.it\/home_desk\/wp-json\/wp\/v2\/tags?post=50621"}],"curies":[{"name":"wp","href":"https:\/\/api.w.org\/{rel}","templated":true}]}}