{"id":50617,"date":"2023-12-15T00:00:00","date_gmt":"2023-12-14T23:00:00","guid":{"rendered":"https:\/\/imagazine.it\/a-grado-lunico-studio-fotografico-newborn-in-fvg\/"},"modified":"2023-12-15T00:00:00","modified_gmt":"2023-12-14T23:00:00","slug":"a-grado-lunico-studio-fotografico-newborn-in-fvg","status":"publish","type":"post","link":"https:\/\/imagazine.it\/home_desk\/a-grado-lunico-studio-fotografico-newborn-in-fvg\/","title":{"rendered":"A Grado l&#8217;unico studio fotografico \u201cNewborn\u201d in FVG"},"content":{"rendered":"<p> \tGRADO \u2013 A <strong>Grado<\/strong> \u00e8 aperto \u201c<em>Art Def\u00f2<\/em>\u201d l\u2019<strong>unico<\/strong> <strong>studio fotografico \u201cNewborn\u201d in Friuli Venezia Giulia<\/strong>, fra i pochi in Italia, dove vengono realizzati servizi con <strong>protagonisti neonati<\/strong>: frugoletti con meno di 20 giorni di vita.<\/p>\n<p> \tQuesto luogo molto speciale, in bilico fra sogno e alta professionalit\u00e0, \u00e8 stato realizzato da <strong>Laura Damiani<\/strong> nelle vie del centro storico dell\u2019Isola del Sole. Un\u2019attivit\u00e0 alla quale la fotografa \u00e8 arrivata attraverso anni di preparazione nel settore artistico e creativo; nel suo curriculum infatti prima il diploma all\u2019Istituto d\u2019Arte \u201cMax Fabiani\u201d di Gorizia, seguito da una laurea in Scenografica e Scenotecnica con il massimo dei voti conseguita all\u2019Accademia di Belle Arti di Venezia. Quindi la giovane donna gradese ha unito la sua passione per i bambini a quella per la fotografia attraverso un percorso formativo specifico alla NewBorn Academy che l\u2019ha diplomata <strong>fotografa neonatale certificata<\/strong>.<\/p>\n<p> \tLa tradizione del ritratto fotografico di neonati e fanciulli ha radici lontane nel tempo, agli albori della fotografia. Negli studi di posa a cavallo fra \u2019800 e \u2019900 le grandi macchine fotografiche con soffietto immortalavano su lastra in vetro soggetti fasciati o adagiati semivestiti su pelli o cuscini orlati di pizzi. Le riprese, spesso da lontano, davano pi\u00f9 spazio all\u2019allestimento di studio che all\u2019espressione e al dettaglio del volto, spesso imbronciato o piangente.<\/p>\n<p> \tOggi sono i visini al centro dell\u2019attenzione della fotografa in un set essenziale che a volte comprende anche la figura del genitore.<\/p>\n<p> \tIl sogno diventato realt\u00e0 di Laura, una gradese che ha scelto di \u201cuscire dai ponti\u201d della sua amata isola per poi tornarvi, \u00e8 iniziato il 9 gennaio del 2023, quindi presto festegger\u00e0 il primo anno di attivit\u00e0 non solo come studio fotografico specializzato, ma anche come laboratorio di attivit\u00e0, luogo di aggregazione e incontro per bambini e bambine in et\u00e0 scolare e adulti.<\/p>\n<p> \tIn questi giorni prenatalizi infatti si tengono dei pomeriggi creativi aperti a tutti per la realizzazione di calendari dell\u2019Avvento, decorazioni, piccoli oggetti in ceramica e pittura. Mentre durate tutto l\u2019anno sono in calendario laboratori di lavori a maglia con ferri circolari, disegno, mosaico, rilegatura e applicazione di foglia d\u2019oro, solo per fare alcuni esempi.<\/p>\n<p> \tUno spazio di incontro dunque nel segno di un \u201ctempo buono\u201d trascorso in compagnia, sorseggiando una bevanda calda con la soddisfazione di \u201ccreare\u201d piccole opere con le proprie mani.<\/p>\n<p> \t\u00a0<\/p>\n","protected":false},"excerpt":{"rendered":"<p>Diretto da Laura Damiani, fotografa neonatale certificata orignaria proprio dell&#8217;Isola del Sole<\/p>\n","protected":false},"author":23,"featured_media":50618,"comment_status":"closed","ping_status":"closed","sticky":false,"template":"","format":"standard","meta":{"dwc-title":[],"dwc-content":[],"footnotes":""},"categories":[6],"tags":[],"class_list":["post-50617","post","type-post","status-publish","format-standard","has-post-thumbnail","hentry","category-societa"],"rttpg_featured_image_url":{"full":["https:\/\/imagazine.it\/wp-content\/uploads\/2024\/02\/55433-1.webp",768,655,false],"landscape":["https:\/\/imagazine.it\/wp-content\/uploads\/2024\/02\/55433-1.webp",768,655,false],"portraits":["https:\/\/imagazine.it\/wp-content\/uploads\/2024\/02\/55433-1.webp",768,655,false],"thumbnail":["https:\/\/imagazine.it\/wp-content\/uploads\/2024\/02\/55433-1-150x150.webp",150,150,true],"medium":["https:\/\/imagazine.it\/wp-content\/uploads\/2024\/02\/55433-1-300x256.webp",300,256,true],"large":["https:\/\/imagazine.it\/wp-content\/uploads\/2024\/02\/55433-1.webp",640,546,false],"thumblist":["https:\/\/imagazine.it\/wp-content\/uploads\/2024\/02\/55433-1-300x300.webp",300,300,true],"thumbrelated":["https:\/\/imagazine.it\/wp-content\/uploads\/2024\/02\/55433-1-500x500.webp",500,500,true],"meccarouselthumb":["https:\/\/imagazine.it\/wp-content\/uploads\/2024\/02\/55433-1-474x324.webp",474,324,true],"gridsquare":["https:\/\/imagazine.it\/wp-content\/uploads\/2024\/02\/55433-1-391x260.webp",391,260,true],"tileview":["https:\/\/imagazine.it\/wp-content\/uploads\/2024\/02\/55433-1-300x400.webp",300,400,true],"1536x1536":["https:\/\/imagazine.it\/wp-content\/uploads\/2024\/02\/55433-1.webp",768,655,false],"2048x2048":["https:\/\/imagazine.it\/wp-content\/uploads\/2024\/02\/55433-1.webp",768,655,false],"newsup-slider-full":["https:\/\/imagazine.it\/wp-content\/uploads\/2024\/02\/55433-1.webp",768,655,false],"newsup-featured":["https:\/\/imagazine.it\/wp-content\/uploads\/2024\/02\/55433-1.webp",768,655,false],"newsup-medium":["https:\/\/imagazine.it\/wp-content\/uploads\/2024\/02\/55433-1-720x380.webp",720,380,true],"tptn_thumbnail":["https:\/\/imagazine.it\/wp-content\/uploads\/2024\/02\/55433-1.webp",246,210,false],"sow-carousel-default":["https:\/\/imagazine.it\/wp-content\/uploads\/2024\/02\/55433-1.webp",213,182,false]},"rttpg_author":{"display_name":"Margherita Reguitti","author_link":"https:\/\/imagazine.it\/home_desk\/author\/reguitti\/"},"rttpg_comment":0,"rttpg_category":"<a href=\"https:\/\/imagazine.it\/home_desk\/category\/societa\/\" rel=\"category tag\">SOCIET\u00c0<\/a>","rttpg_excerpt":"Diretto da Laura Damiani, fotografa neonatale certificata orignaria proprio dell'Isola del Sole","_links":{"self":[{"href":"https:\/\/imagazine.it\/home_desk\/wp-json\/wp\/v2\/posts\/50617","targetHints":{"allow":["GET"]}}],"collection":[{"href":"https:\/\/imagazine.it\/home_desk\/wp-json\/wp\/v2\/posts"}],"about":[{"href":"https:\/\/imagazine.it\/home_desk\/wp-json\/wp\/v2\/types\/post"}],"author":[{"embeddable":true,"href":"https:\/\/imagazine.it\/home_desk\/wp-json\/wp\/v2\/users\/23"}],"replies":[{"embeddable":true,"href":"https:\/\/imagazine.it\/home_desk\/wp-json\/wp\/v2\/comments?post=50617"}],"version-history":[{"count":0,"href":"https:\/\/imagazine.it\/home_desk\/wp-json\/wp\/v2\/posts\/50617\/revisions"}],"wp:featuredmedia":[{"embeddable":true,"href":"https:\/\/imagazine.it\/home_desk\/wp-json\/wp\/v2\/media\/50618"}],"wp:attachment":[{"href":"https:\/\/imagazine.it\/home_desk\/wp-json\/wp\/v2\/media?parent=50617"}],"wp:term":[{"taxonomy":"category","embeddable":true,"href":"https:\/\/imagazine.it\/home_desk\/wp-json\/wp\/v2\/categories?post=50617"},{"taxonomy":"post_tag","embeddable":true,"href":"https:\/\/imagazine.it\/home_desk\/wp-json\/wp\/v2\/tags?post=50617"}],"curies":[{"name":"wp","href":"https:\/\/api.w.org\/{rel}","templated":true}]}}