{"id":50611,"date":"2023-12-15T00:00:00","date_gmt":"2023-12-14T23:00:00","guid":{"rendered":"https:\/\/imagazine.it\/un-premio-di-laurea-in-onore-di-don-pierluigi-di-piazza\/"},"modified":"2023-12-15T00:00:00","modified_gmt":"2023-12-14T23:00:00","slug":"un-premio-di-laurea-in-onore-di-don-pierluigi-di-piazza","status":"publish","type":"post","link":"https:\/\/imagazine.it\/home_desk\/un-premio-di-laurea-in-onore-di-don-pierluigi-di-piazza\/","title":{"rendered":"Un premio di laurea in onore di don Pierluigi Di Piazza"},"content":{"rendered":"<p> \tUDINE \u2013 Il <strong>fratello Vito<\/strong> e la <strong>famiglia di don Pierluigi Di Piazza<\/strong> con l\u2019<strong>Universit\u00e0<\/strong> <strong>di Udine<\/strong> hanno istituito la prima edizione del <strong>premio di laurea<\/strong> in memoria del sacerdote carnico scomparso l\u2019anno scorso.<\/p>\n<p> \tIl riconoscimento, annuale e del valore di 2mila mila euro, \u00e8 finanziato dalla famiglia. Al fondatore del Centro di accoglienza \u201cErnesto Balducci\u201d di Zugliano, l\u2019Ateneo friulano ha conferito, nel 2006, la laurea honoris causa in Scienze economiche, definendolo \u201c<em>imprenditore di solidariet\u00e0<\/em>\u201d, su proposta dell\u2019allora facolt\u00e0 di Economia e del suo preside, Flavio Pressacco. Maggiori informazione e il bando del concorso <u><a href=\"https:\/\/www.uniud.it\/it\/didattica\/area-servizi-studenti\/servizi-studenti\/borse-di-studio-e-premi-di-laurea-nuovo\/bacheca-delleopportunita\" target=\"_blank\" rel=\"noopener\"><span style=\"color:#0000cd;\">sono disponibili online<\/span><\/a><\/u>.<\/p>\n<p> \tLe tesi di laurea oggetto del premio dovranno riguardare <strong>sette temi vicini al vissuto di don Pierluigi<\/strong>: il rispetto della legalit\u00e0, la parit\u00e0 di genere, l\u2019inclusione sociale, la valorizzazione delle diversit\u00e0, le politiche di accoglienza dei migranti, le sperequazioni economiche e sociali nei diversi Paesi del mondo, la pace e le non ragioni delle guerre.<\/p>\n<p> \tIl premio \u00e8 <strong>riservato a chi ha conseguito all\u2019Universit\u00e0 di Udine una laurea triennale, magistrale o magistrale a ciclo unico<\/strong> discutendo una tesi su questi temi negli anni accademici 2022-23 e 2023-24, entro il 31 ottobre 2024. La domanda di partecipazione dovr\u00e0 essere presentata entro 15 giorni dalla chiusura della propria sessione di laurea. La graduatoria sar\u00e0 approvata da un&#8217;apposita commissione, nominata dal rettore, e composta da un rappresentante la famiglia di don Pierluigi e da docenti dell\u2019Ateneo. La premiazione si terr\u00e0 in una cerimonia pubblica all\u2019Universit\u00e0 nel dicembre 2024.<\/p>\n<p> \t\u00abGrazie alla famiglia di don Pierluigi \u2013 spiega il rettore <strong>Roberto Pinton<\/strong> \u2013 istituiamo un premio di laurea dedicato ai temi che gli sono stati pi\u00f9 cari e che sono stati fonte di ispirazione e d\u2019esempio per tanti. Un modo per onorare la sua memoria e per diffondere tra i giovani il suo pensiero\u00bb.<\/p>\n<p> \t\u00abMio fratello Pierluigi ha sempre creduto nelle potenzialit\u00e0 dei giovani \u2013 sottolinea <strong>Vito Di Piazza<\/strong> \u2013, trasmettendo loro grande fiducia nei tanti incontri avuti nelle scuole, anche all\u2019Universit\u00e0 di Udine e in altri contesti; ha elaborato assieme a loro progetti su legalit\u00e0, pace, accoglienza, solidariet\u00e0, giustizia. Li ha sempre incoraggiati a impegnarsi per contribuire a creare un mondo pi\u00f9 giusto e umano. Io e la mia famiglia abbiamo pensato, in collaborazione con l\u2019Ateneo di Udine, di istituire per tutti questi motivi un premio di laurea annuale e continuativo nel tempo per studenti meritevoli che nelle loro tesi sviluppino gli ampi temi per cui si \u00e8 sempre tanto impegnato. Sono e siamo convinti \u2013 evidenza il fratello \u2013, che questo abbia un significato pregnante per ricordarlo ed attingere ancora tanto dal suo patrimonio culturale e spirituale, che \u00e8 ben presente anche nei molti libri che ha scritto\u00bb.<\/p>\n<p> \tAppassionato divulgatore della cultura della pace, della non violenza e della solidariet\u00e0, Di Piazza era parroco di Zugliano, frazione di Pozzuolo del Friuli. Nel 1989 fond\u00f2 il Centro di accoglienza per immigrati, profughi e rifugiati politici che diresse e anim\u00f2 fino agli ultimi giorni con grande dedizione e capacit\u00e0. Il 20 novembre 2022 gli \u00e8 stato intitolato il Centro di accoglienza a Paluzza in Carnia. Il 20 maggio 2023 gli \u00e8 stato intitolato l\u2019istituto comprensivo scolastico di Pozzuolo del Friuli che adesso si chiama Istituto comprensivo \u201cdon Pierluigi Di Piazza\u201d.<\/p>\n<p> \t\u00a0<\/p>\n","protected":false},"excerpt":{"rendered":"<p>Rivolto ai laureati dell\u2019Ateneo con tesi sui temi che pi\u00f9 stavano a cuore al sacerdote fondatore del Centro \u201cBalducci\u201d<\/p>\n","protected":false},"author":28,"featured_media":50612,"comment_status":"closed","ping_status":"closed","sticky":false,"template":"","format":"standard","meta":{"dwc-title":[],"dwc-content":[],"footnotes":""},"categories":[5],"tags":[],"class_list":["post-50611","post","type-post","status-publish","format-standard","has-post-thumbnail","hentry","category-attualita"],"rttpg_featured_image_url":{"full":["https:\/\/imagazine.it\/wp-content\/uploads\/2024\/02\/55426-1.webp",800,549,false],"landscape":["https:\/\/imagazine.it\/wp-content\/uploads\/2024\/02\/55426-1.webp",800,549,false],"portraits":["https:\/\/imagazine.it\/wp-content\/uploads\/2024\/02\/55426-1.webp",800,549,false],"thumbnail":["https:\/\/imagazine.it\/wp-content\/uploads\/2024\/02\/55426-1-150x150.webp",150,150,true],"medium":["https:\/\/imagazine.it\/wp-content\/uploads\/2024\/02\/55426-1-300x206.webp",300,206,true],"large":["https:\/\/imagazine.it\/wp-content\/uploads\/2024\/02\/55426-1.webp",640,439,false],"thumblist":["https:\/\/imagazine.it\/wp-content\/uploads\/2024\/02\/55426-1-300x300.webp",300,300,true],"thumbrelated":["https:\/\/imagazine.it\/wp-content\/uploads\/2024\/02\/55426-1-500x500.webp",500,500,true],"meccarouselthumb":["https:\/\/imagazine.it\/wp-content\/uploads\/2024\/02\/55426-1-474x324.webp",474,324,true],"gridsquare":["https:\/\/imagazine.it\/wp-content\/uploads\/2024\/02\/55426-1-391x260.webp",391,260,true],"tileview":["https:\/\/imagazine.it\/wp-content\/uploads\/2024\/02\/55426-1-300x400.webp",300,400,true],"1536x1536":["https:\/\/imagazine.it\/wp-content\/uploads\/2024\/02\/55426-1.webp",800,549,false],"2048x2048":["https:\/\/imagazine.it\/wp-content\/uploads\/2024\/02\/55426-1.webp",800,549,false],"newsup-slider-full":["https:\/\/imagazine.it\/wp-content\/uploads\/2024\/02\/55426-1.webp",800,549,false],"newsup-featured":["https:\/\/imagazine.it\/wp-content\/uploads\/2024\/02\/55426-1.webp",800,549,false],"newsup-medium":["https:\/\/imagazine.it\/wp-content\/uploads\/2024\/02\/55426-1-720x380.webp",720,380,true],"tptn_thumbnail":["https:\/\/imagazine.it\/wp-content\/uploads\/2024\/02\/55426-1.webp",250,172,false],"sow-carousel-default":["https:\/\/imagazine.it\/wp-content\/uploads\/2024\/02\/55426-1.webp",265,182,false]},"rttpg_author":{"display_name":"redazione","author_link":"https:\/\/imagazine.it\/home_desk\/author\/redazione\/"},"rttpg_comment":0,"rttpg_category":"<a href=\"https:\/\/imagazine.it\/home_desk\/category\/attualita\/\" rel=\"category tag\">ATTUALIT\u00c0<\/a>","rttpg_excerpt":"Rivolto ai laureati dell\u2019Ateneo con tesi sui temi che pi\u00f9 stavano a cuore al sacerdote fondatore del Centro \u201cBalducci\u201d","_links":{"self":[{"href":"https:\/\/imagazine.it\/home_desk\/wp-json\/wp\/v2\/posts\/50611","targetHints":{"allow":["GET"]}}],"collection":[{"href":"https:\/\/imagazine.it\/home_desk\/wp-json\/wp\/v2\/posts"}],"about":[{"href":"https:\/\/imagazine.it\/home_desk\/wp-json\/wp\/v2\/types\/post"}],"author":[{"embeddable":true,"href":"https:\/\/imagazine.it\/home_desk\/wp-json\/wp\/v2\/users\/28"}],"replies":[{"embeddable":true,"href":"https:\/\/imagazine.it\/home_desk\/wp-json\/wp\/v2\/comments?post=50611"}],"version-history":[{"count":0,"href":"https:\/\/imagazine.it\/home_desk\/wp-json\/wp\/v2\/posts\/50611\/revisions"}],"wp:featuredmedia":[{"embeddable":true,"href":"https:\/\/imagazine.it\/home_desk\/wp-json\/wp\/v2\/media\/50612"}],"wp:attachment":[{"href":"https:\/\/imagazine.it\/home_desk\/wp-json\/wp\/v2\/media?parent=50611"}],"wp:term":[{"taxonomy":"category","embeddable":true,"href":"https:\/\/imagazine.it\/home_desk\/wp-json\/wp\/v2\/categories?post=50611"},{"taxonomy":"post_tag","embeddable":true,"href":"https:\/\/imagazine.it\/home_desk\/wp-json\/wp\/v2\/tags?post=50611"}],"curies":[{"name":"wp","href":"https:\/\/api.w.org\/{rel}","templated":true}]}}