{"id":50587,"date":"2023-12-12T00:00:00","date_gmt":"2023-12-11T23:00:00","guid":{"rendered":"https:\/\/imagazine.it\/gorizia-lex-mercato-allingrosso-diventa-agora-per-eventi\/"},"modified":"2023-12-12T00:00:00","modified_gmt":"2023-12-11T23:00:00","slug":"gorizia-lex-mercato-allingrosso-diventa-agora-per-eventi","status":"publish","type":"post","link":"https:\/\/imagazine.it\/home_desk\/gorizia-lex-mercato-allingrosso-diventa-agora-per-eventi\/","title":{"rendered":"Gorizia, l\u2019ex mercato all\u2019ingrosso diventa Agor\u00e0 per eventi"},"content":{"rendered":"<p> \tGORIZIA \u2013 La giunta comunale di Gorizia, nell\u2019ambito del recupero dell\u2019<strong>ex<\/strong> <strong>mercato all\u2019ingrosso di via Boccaccio<\/strong>, ha approvato il <strong>progetto esecutivo<\/strong> per la <strong>realizzazione della piazza con copertura trasparente e parcheggio a raso<\/strong>, per la spesa complessiva di <strong>3 milioni 831.200 euro<\/strong>.<\/p>\n<p> \tSaranno <strong>91 gli stalli<\/strong> complessivamente a disposizione per le auto, di cui <strong>otto con colonnine per la ricarica di quelle elettriche<\/strong>. Secondo il cronoprogramma <strong>i lavori inizieranno a marzo e si concluderanno entro il 2024<\/strong>.<\/p>\n<p> \t\u201cContinuiamo con la riqualificazione di porzioni importanti della citt\u00e0: nell\u2019area dell\u2019ex mercato all\u2019ingrosso di via Boccaccio \u2013 spiega il sindaco, <strong>Rodolfo Ziberna<\/strong> \u2013 sar\u00e0 realizzata una \u201cagor\u00e0 che respira\u201d, ovvero un luogo in cui ospitare manifestazioni di qualunque natura e con tutte le condizioni meteo, grazie alla copertura trasparente. Non saranno peraltro cancellati i parcheggi, anche con la dotazione di colonnine di ricarica elettrica per alcuni stalli. La struttura che sar\u00e0 creata sar\u00e0 particolarmente versatile, quindi adatta per iniziative culturali o anche fiere, in quanto avr\u00e0 la misura ideale per diversi tipi di manifestazioni e potr\u00e0 essere usata, grazie alla sua copertura, con ogni meteo. Ci consentir\u00e0 perci\u00f2 di aumentare le presenze, a beneficio del commercio e delle strutture ricettive cittadini. Il progetto prevede anche la salvaguardia della perimetrazione su via Boccaccio, l\u2019arricchimento della zona con il verde e il posizionamento di bagni pubblici\u201d.<\/p>\n<p> \t\u201cLo spazio coperto polifunzionale \u2013 sottolinea l\u2019assessore ai Lavori pubblici, <strong>Sarah Filisetti<\/strong> \u2013 sar\u00e0 utilizzabile a seconda delle mutevoli esigenze che possono presentarsi. Gli spazi esterni saranno dotati di prese impiantistiche, idriche ed elettriche, per gli allacciamenti necessari in presenza di fiere, mercati o esposizioni e sono stati previsti numerosi spazi a servizio di operatori economici, come il locale catering e i magazzini, nonch\u00e8 toilette di uso pubblico. Si \u00e8 scelto di avere la possibilit\u00e0 di delimitare l\u2019area con recinzioni metalliche lungo il perimetro e cancelli carrabili\/pedonali, che in presenza di manifestazioni ed eventi consentiranno di regolamentare i flussi e le presenze, per esempio nel caso si tratti di eventi a pagamento\u201d.<\/p>\n<p> \tLa recinzione muraria verso via Boccaccio sar\u00e0 soggetta a sola manutenzione ordinaria per mantenere la memoria visiva del quartiere mercatale. L\u2019intervento progettuale prevede la demolizione di gran parte dei magazzini esistenti, ma sar\u00e0 mantenuto il corpo di fabbrica prospiciente via Boccaccio, al momento interessato solo da lavori di ordinaria manutenzione.<\/p>\n<p> \tLa piazza coperta con le sue finalit\u00e0 di fruizione sociale, turistica, musicale <strong>integrer\u00e0 nelle sue funzioni la Casa del Dazio<\/strong>, ovvero l\u2019ex Ufficio Imposte di Consumo, costruito in via Boccaccio alla met\u00e0 degli anni \u201820 del Novecento.<\/p>\n<p> \tLa copertura sar\u00e0 scandita dalla ripetizione di sei navate a due falde, parte traslucide in policarbonato e parte opache in pannelli di acciaio con interposto spessore di lana di roccia. <strong>Pannelli fotovoltaici<\/strong> saranno disposti a sud solo sulle parti opache. I posti auto previsti sotto la struttura metallica durante i periodi non interessati da manifestazioni sono 44 in totale.<\/p>\n<p> \tPer ottenere il maggior numero di posti auto possibile l&#8217;amministrazione ha chiesto peraltro lo <strong>spostamento dell\u2019attuale fermata autobus lungo via Santa Chiara<\/strong>: saranno cos\u00ec realizzati <strong>dieci stalli a fianco del marciapiede<\/strong>. Quest\u2019ultimo sar\u00e0 delimitato da una fascia di verde con piantumazione a distanze regolari di essenze arboree.<\/p>\n<p> \tIn via Boccaccio altre siepi avranno lo scopo di mitigare visivamente la presenza delle macchine parcheggiate e di creare allo stesso tempo una perimetrazione per la piazza. La pavimentazione di questo spazio aperto \u00e8 al momento prevista in pietrischetto di porfido spaccato. La pavimentazione degli spazi carrabili sar\u00e0 invece in calcestruzzo drenante.<\/p>\n<p> \t\u00a0<\/p>\n","protected":false},"excerpt":{"rendered":"<p>Investimento di quasi 4 milioni di euro. A marzo il via ai lavori che saranno ultimati entro il 2024. Sar\u00e0 uno spazio polifunzionale coperto. Installati anche bagni pubblici<\/p>\n","protected":false},"author":28,"featured_media":50588,"comment_status":"closed","ping_status":"closed","sticky":false,"template":"","format":"standard","meta":{"dwc-title":[],"dwc-content":[],"footnotes":""},"categories":[5],"tags":[],"class_list":["post-50587","post","type-post","status-publish","format-standard","has-post-thumbnail","hentry","category-attualita"],"rttpg_featured_image_url":{"full":["https:\/\/imagazine.it\/wp-content\/uploads\/2024\/02\/55387-1.webp",750,503,false],"landscape":["https:\/\/imagazine.it\/wp-content\/uploads\/2024\/02\/55387-1.webp",750,503,false],"portraits":["https:\/\/imagazine.it\/wp-content\/uploads\/2024\/02\/55387-1.webp",750,503,false],"thumbnail":["https:\/\/imagazine.it\/wp-content\/uploads\/2024\/02\/55387-1-150x150.webp",150,150,true],"medium":["https:\/\/imagazine.it\/wp-content\/uploads\/2024\/02\/55387-1-300x201.webp",300,201,true],"large":["https:\/\/imagazine.it\/wp-content\/uploads\/2024\/02\/55387-1.webp",640,429,false],"thumblist":["https:\/\/imagazine.it\/wp-content\/uploads\/2024\/02\/55387-1-300x300.webp",300,300,true],"thumbrelated":["https:\/\/imagazine.it\/wp-content\/uploads\/2024\/02\/55387-1-500x500.webp",500,500,true],"meccarouselthumb":["https:\/\/imagazine.it\/wp-content\/uploads\/2024\/02\/55387-1-474x324.webp",474,324,true],"gridsquare":["https:\/\/imagazine.it\/wp-content\/uploads\/2024\/02\/55387-1-391x260.webp",391,260,true],"tileview":["https:\/\/imagazine.it\/wp-content\/uploads\/2024\/02\/55387-1-300x400.webp",300,400,true],"1536x1536":["https:\/\/imagazine.it\/wp-content\/uploads\/2024\/02\/55387-1.webp",750,503,false],"2048x2048":["https:\/\/imagazine.it\/wp-content\/uploads\/2024\/02\/55387-1.webp",750,503,false],"newsup-slider-full":["https:\/\/imagazine.it\/wp-content\/uploads\/2024\/02\/55387-1.webp",750,503,false],"newsup-featured":["https:\/\/imagazine.it\/wp-content\/uploads\/2024\/02\/55387-1.webp",750,503,false],"newsup-medium":["https:\/\/imagazine.it\/wp-content\/uploads\/2024\/02\/55387-1-720x380.webp",720,380,true],"tptn_thumbnail":["https:\/\/imagazine.it\/wp-content\/uploads\/2024\/02\/55387-1.webp",250,168,false],"sow-carousel-default":["https:\/\/imagazine.it\/wp-content\/uploads\/2024\/02\/55387-1.webp",272,182,false]},"rttpg_author":{"display_name":"redazione","author_link":"https:\/\/imagazine.it\/home_desk\/author\/redazione\/"},"rttpg_comment":0,"rttpg_category":"<a href=\"https:\/\/imagazine.it\/home_desk\/category\/attualita\/\" rel=\"category tag\">ATTUALIT\u00c0<\/a>","rttpg_excerpt":"Investimento di quasi 4 milioni di euro. A marzo il via ai lavori che saranno ultimati entro il 2024. Sar\u00e0 uno spazio polifunzionale coperto. Installati anche bagni pubblici","_links":{"self":[{"href":"https:\/\/imagazine.it\/home_desk\/wp-json\/wp\/v2\/posts\/50587","targetHints":{"allow":["GET"]}}],"collection":[{"href":"https:\/\/imagazine.it\/home_desk\/wp-json\/wp\/v2\/posts"}],"about":[{"href":"https:\/\/imagazine.it\/home_desk\/wp-json\/wp\/v2\/types\/post"}],"author":[{"embeddable":true,"href":"https:\/\/imagazine.it\/home_desk\/wp-json\/wp\/v2\/users\/28"}],"replies":[{"embeddable":true,"href":"https:\/\/imagazine.it\/home_desk\/wp-json\/wp\/v2\/comments?post=50587"}],"version-history":[{"count":0,"href":"https:\/\/imagazine.it\/home_desk\/wp-json\/wp\/v2\/posts\/50587\/revisions"}],"wp:featuredmedia":[{"embeddable":true,"href":"https:\/\/imagazine.it\/home_desk\/wp-json\/wp\/v2\/media\/50588"}],"wp:attachment":[{"href":"https:\/\/imagazine.it\/home_desk\/wp-json\/wp\/v2\/media?parent=50587"}],"wp:term":[{"taxonomy":"category","embeddable":true,"href":"https:\/\/imagazine.it\/home_desk\/wp-json\/wp\/v2\/categories?post=50587"},{"taxonomy":"post_tag","embeddable":true,"href":"https:\/\/imagazine.it\/home_desk\/wp-json\/wp\/v2\/tags?post=50587"}],"curies":[{"name":"wp","href":"https:\/\/api.w.org\/{rel}","templated":true}]}}