{"id":50585,"date":"2023-12-12T00:00:00","date_gmt":"2023-12-11T23:00:00","guid":{"rendered":"https:\/\/imagazine.it\/ronchi-e-cervignano-nuove-citta-del-vino-in-fvg\/"},"modified":"2023-12-12T00:00:00","modified_gmt":"2023-12-11T23:00:00","slug":"ronchi-e-cervignano-nuove-citta-del-vino-in-fvg","status":"publish","type":"post","link":"https:\/\/imagazine.it\/home_desk\/ronchi-e-cervignano-nuove-citta-del-vino-in-fvg\/","title":{"rendered":"Ronchi e Cervignano nuove Citt\u00e0 del Vino in FVG"},"content":{"rendered":"<p> \tCERVIGNANO \/ RONCHI \u2013 Raggiungono quota 39 le <strong>Citt\u00e0 del Vino del Friuli Venezia Giulia<\/strong> con l&#8217;adesione di <strong>Ronchi del Legionari<\/strong> e <strong>Cervignano del Friuli<\/strong>: nelle prossime settimane il Coordinamento regionale dell&#8217;associazione <strong>consegner\u00e0 ai due Comuni la bandiera ufficiale<\/strong>.<\/p>\n<p> \tAnche le due new entry come le altre appartenenti potranno entrare nel nuovo <strong><em>Registro nazionale delle associazioni delle Citt\u00e0 di identit\u00e0<\/em><\/strong>, approvato il 7 dicembre dal Parlamento all&#8217;interno della Legge del <em>Made in Italy<\/em>.<\/p>\n<p> \tSi definiscono &#8220;citt\u00e0 di identit\u00e0&#8221; le citt\u00e0 o realt\u00e0 territoriali che si caratterizzano per le produzioni agricole di pregio, in cui operano organismi associativi a carattere comunale con lo specifico scopo di promuovere e valorizzare le identit\u00e0 colturali dei loro territori nei mercati nazionali e internazionali.<\/p>\n<p> \t&#8220;Un traguardo fondamentale quello del Registro \u2013 commenta il coordinatore delle Citt\u00e0 del Vino del Friuli Venezia Giulia, <strong>Tiziano Venturini<\/strong> \u2013 che d\u00e0 al nostro movimento una riconoscibilit\u00e0 tutelata per legge e che pu\u00f2 essere preziosa nei rapporti con le aziende vitivinicole, con i <em>wine lovers<\/em> e le altre istituzioni che dialogano con le nostre Citt\u00e0 del Vino. Anche in quest&#8217;anno 2023 che va a chiudersi abbiamo allargato il numero di aderenti con il numero record\u00a0di 8 nuove adesioni, coprendo ancora di pi\u00f9 le aree di produzione vinicola sul territorio regionale. Da qui ripartiamo per un 2024 che ci vedr\u00e0 vivere numerosi appuntamenti nonch\u00e9, altra novit\u00e0 di questi giorni, l&#8217;appuntamento del Concorso enologico internazionale Citt\u00e0 del Vino che \u00e8 stata assegnata a Gorizia in vista della capitale europea della cultura Go!2025&#8243;.\u00a0\u00a0<\/p>\n<p> \t\u201cIl valore delle associazioni delle citt\u00e0 di identit\u00e0 \u00e8 fondamentale e rappresenta una garanzia per i territori italiani caratterizzati da produzioni enologiche e agroalimentari di qualit\u00e0. Un ringraziamento all\u2019onorevole Bicchielli e a tutti i firmatari della legge \u2013 sottolinea <strong>Angelo Radica<\/strong>, presidente nazionale delle Citt\u00e0 del Vino \u2013 che permetter\u00e0 di dare un impulso positivo e ancora pi\u00f9 forza a tutti quei comuni italiani, territori e aziende, che puntano come elemento identitario, sociale ed economico, su una produzione agricola caratterizzante, su tutte il vino e l\u2019olio. L\u2019istituzione di un Registro nazionale delle associazioni di Citt\u00e0 di identit\u00e0, va nella direzione auspicata e per la quale abbiamo lavorato. Un risultato raggiunto grazie al lavoro importante e propositivo delle Citt\u00e0 dell\u2019Olio, nel quale Citt\u00e0 del Vino ha subito creduto, con dedizione fin dalla stesura delle prime bozze. Ora serve realizzare il decreto attuativo che indichi con esattezza i parametri ed i requisiti necessari affinch\u00e9 una associazione di identit\u00e0 possa iscriversi nel registro\u201d.<\/p>\n<p> \tIn totale i Comuni aderenti alle Citt\u00e0 del Vino in regione sono quindi ora 39: Aquileia, Bertiolo, Buttrio, Camino al Tagliamento, Capriva del Friuli, Casarsa della Delizia, Cividale del Friuli, Cervignano del Friuli, Codroipo, Corm\u00f2ns, Corno di Rosazzo, Dolegna del Collio, Duino Aurisina \u2013 Devin Nabre\u017eina, Gorizia, Gradisca d\u2019Isonzo, Latisana, Manzano, Mariano del Friuli, Moraro, Nimis, Monrupino \u2013 Repentabor, Muggia, Palazzolo dello Stella, Povoletto, Pocenia, Premariacco, Prepotto, Ronchi dei Legionari, San Dorligo della Valle-Dolina, San Floriano del Collio \u2013 \u0160teverjan, San Giorgio della Richinvelda, San Giovanni al Natisone, San Quirino, San Vito al Tagliamento, Sequals, Sesto al Reghena, Sgonico \u2013 Zgonik, Trivignano Udinese, Torreano. Aderiscono anche 6 Pro Loco attive in altrettanti Comuni gi\u00e0 Citt\u00e0 del Vino: Casarsa della Delizia, Buri Buttrio, Mitreo Duino Aurisina, Risorgive Medio Friuli Bertiolo, Manzano e Latisana.<\/p>\n<p> \t\u00a0<\/p>\n","protected":false},"excerpt":{"rendered":"<p>Come le altre 37 realt\u00e0 regionali potranno entrare nel nuovo Registro nazionale delle associazioni delle Citt\u00e0 di identit\u00e0<\/p>\n","protected":false},"author":28,"featured_media":50586,"comment_status":"closed","ping_status":"closed","sticky":false,"template":"","format":"standard","meta":{"dwc-title":[],"dwc-content":[],"footnotes":""},"categories":[5],"tags":[],"class_list":["post-50585","post","type-post","status-publish","format-standard","has-post-thumbnail","hentry","category-attualita"],"rttpg_featured_image_url":{"full":["https:\/\/imagazine.it\/wp-content\/uploads\/2024\/02\/55385-1.webp",1000,667,false],"landscape":["https:\/\/imagazine.it\/wp-content\/uploads\/2024\/02\/55385-1.webp",1000,667,false],"portraits":["https:\/\/imagazine.it\/wp-content\/uploads\/2024\/02\/55385-1.webp",1000,667,false],"thumbnail":["https:\/\/imagazine.it\/wp-content\/uploads\/2024\/02\/55385-1-150x150.webp",150,150,true],"medium":["https:\/\/imagazine.it\/wp-content\/uploads\/2024\/02\/55385-1-300x200.webp",300,200,true],"large":["https:\/\/imagazine.it\/wp-content\/uploads\/2024\/02\/55385-1.webp",640,427,false],"thumblist":["https:\/\/imagazine.it\/wp-content\/uploads\/2024\/02\/55385-1-300x300.webp",300,300,true],"thumbrelated":["https:\/\/imagazine.it\/wp-content\/uploads\/2024\/02\/55385-1-500x500.webp",500,500,true],"meccarouselthumb":["https:\/\/imagazine.it\/wp-content\/uploads\/2024\/02\/55385-1-474x324.webp",474,324,true],"gridsquare":["https:\/\/imagazine.it\/wp-content\/uploads\/2024\/02\/55385-1-391x260.webp",391,260,true],"tileview":["https:\/\/imagazine.it\/wp-content\/uploads\/2024\/02\/55385-1-300x400.webp",300,400,true],"1536x1536":["https:\/\/imagazine.it\/wp-content\/uploads\/2024\/02\/55385-1.webp",1000,667,false],"2048x2048":["https:\/\/imagazine.it\/wp-content\/uploads\/2024\/02\/55385-1.webp",1000,667,false],"newsup-slider-full":["https:\/\/imagazine.it\/wp-content\/uploads\/2024\/02\/55385-1.webp",1000,667,false],"newsup-featured":["https:\/\/imagazine.it\/wp-content\/uploads\/2024\/02\/55385-1.webp",1000,667,false],"newsup-medium":["https:\/\/imagazine.it\/wp-content\/uploads\/2024\/02\/55385-1-720x380.webp",720,380,true],"tptn_thumbnail":["https:\/\/imagazine.it\/wp-content\/uploads\/2024\/02\/55385-1.webp",250,167,false],"sow-carousel-default":["https:\/\/imagazine.it\/wp-content\/uploads\/2024\/02\/55385-1.webp",272,182,false]},"rttpg_author":{"display_name":"redazione","author_link":"https:\/\/imagazine.it\/home_desk\/author\/redazione\/"},"rttpg_comment":0,"rttpg_category":"<a href=\"https:\/\/imagazine.it\/home_desk\/category\/attualita\/\" rel=\"category tag\">ATTUALIT\u00c0<\/a>","rttpg_excerpt":"Come le altre 37 realt\u00e0 regionali potranno entrare nel nuovo Registro nazionale delle associazioni delle Citt\u00e0 di identit\u00e0","_links":{"self":[{"href":"https:\/\/imagazine.it\/home_desk\/wp-json\/wp\/v2\/posts\/50585","targetHints":{"allow":["GET"]}}],"collection":[{"href":"https:\/\/imagazine.it\/home_desk\/wp-json\/wp\/v2\/posts"}],"about":[{"href":"https:\/\/imagazine.it\/home_desk\/wp-json\/wp\/v2\/types\/post"}],"author":[{"embeddable":true,"href":"https:\/\/imagazine.it\/home_desk\/wp-json\/wp\/v2\/users\/28"}],"replies":[{"embeddable":true,"href":"https:\/\/imagazine.it\/home_desk\/wp-json\/wp\/v2\/comments?post=50585"}],"version-history":[{"count":0,"href":"https:\/\/imagazine.it\/home_desk\/wp-json\/wp\/v2\/posts\/50585\/revisions"}],"wp:featuredmedia":[{"embeddable":true,"href":"https:\/\/imagazine.it\/home_desk\/wp-json\/wp\/v2\/media\/50586"}],"wp:attachment":[{"href":"https:\/\/imagazine.it\/home_desk\/wp-json\/wp\/v2\/media?parent=50585"}],"wp:term":[{"taxonomy":"category","embeddable":true,"href":"https:\/\/imagazine.it\/home_desk\/wp-json\/wp\/v2\/categories?post=50585"},{"taxonomy":"post_tag","embeddable":true,"href":"https:\/\/imagazine.it\/home_desk\/wp-json\/wp\/v2\/tags?post=50585"}],"curies":[{"name":"wp","href":"https:\/\/api.w.org\/{rel}","templated":true}]}}