{"id":50577,"date":"2023-12-07T00:00:00","date_gmt":"2023-12-06T23:00:00","guid":{"rendered":"https:\/\/imagazine.it\/turismo-rurale-accelera-il-progetto-mar-e-tiaris\/"},"modified":"2023-12-07T00:00:00","modified_gmt":"2023-12-06T23:00:00","slug":"turismo-rurale-accelera-il-progetto-mar-e-tiaris","status":"publish","type":"post","link":"https:\/\/imagazine.it\/home_desk\/turismo-rurale-accelera-il-progetto-mar-e-tiaris\/","title":{"rendered":"Turismo rurale, accelera il progetto &#8220;Mar e Tiaris&#8221;"},"content":{"rendered":"<p> \tGRADO \u2013 Si \u00e8 tenuta in municipio una riunione dei sindaci dei Comuni coinvolti nel progetto <em>Mar e Tiaris<\/em>, partenariato pubblico-privato che ha l&#8217;obiettivo di sviluppare il territorio e valorizzare le sue peculiarit\u00e0.<\/p>\n<p> \tDurante l&#8217;incontro, i sindaci hanno fatto il punto sulla strategia di cooperazione e hanno delineato gli obiettivi futuri. La riunione \u00e8 stata presieduta dal Commissario straordinario del Comune di Grado, <strong>Augusto Viola<\/strong>.<\/p>\n<p> \tIl progetto <em>Mar e Tiaris<\/em> mira a valorizzare la tradizione e professionalit\u00e0 agricola del territorio, nonch\u00e9 la sua offerta turistica, culturale, storica, naturalistica ed enogastronomica.<\/p>\n<p> \tIl Comune di Grado, in qualit\u00e0 di Comune capofila del progetto, ha riunito i sindaci dei 9 Comuni partner, tra cui Cervignano del Friuli, Terzo di Aquileia, Aquileia, Ruda, Fiumicello Villa Vicentina, Staranzano, San Canzian d&#8217;Isonzo e Turriaco. L&#8217;obiettivo comune \u00e8 quello di migliorare e ampliare l&#8217;offerta attraverso una rete che copra l&#8217;intero territorio, promuovendo allo stesso tempo lo sviluppo sostenibile e la sensibilizzazione dei cittadini e dei turisti.<\/p>\n<p> \tDurante la riunione, sono stati presentati i progressi finora raggiunti e sono state discusse le prossime tappe.<\/p>\n<p> \t&#8220;Questa integrazione di territori diversi \u00e8 una risorsa che viene sfruttata per raggiungere un obiettivo comune. Durante la riunione, abbiamo potuto apprezzare il valore del lavoro di squadra e intendiamo proseguire su questa strada. Saranno organizzati eventi promozionali che coinvolgeranno l&#8217;intero territorio, al fine di evidenziare le sue potenzialit\u00e0. Un territorio che dobbiamo amare, valorizzare e conservare\u201d ha dichiarato Viola, all\u2019apertura dei lavori.<\/p>\n<p> \tDa marzo a settembre 2024, lungo i percorsi della strategia, si svolgeranno eventi periodici che coinvolgeranno le aziende agricole e le strutture ricettive e ristorative, in collaborazione con associazioni e aziende partner. Previsti anche eventi di sensibilizzazione presso le scuole, a cura dell&#8217;<strong>Associazione<\/strong> <strong>GO GAS<\/strong> di Staranzano e dell&#8217;<strong>AIAB<\/strong> <strong>PRO BIO<\/strong>. Non mancheranno eventi di inaugurazione di strutture previste dalla strategia, come Strassoldo, Terzo, Fiumicello e Fossalon.<\/p>\n<p> \tInoltre, \u00e8 in programma una rassegna internazionale che si svilupper\u00e0 in pi\u00f9 giornate e comprender\u00e0 al suo interno l\u2019evento dedicato alla promozione dei bachi\/gelsi e delle vie della seta, in collaborazione con il Consiglio d&#8217;Europa.<\/p>\n<p> \t\u201cA Cervignano del Friuli abbiamo completato la ristrutturazione della Casa per ferie nel Borgo di Strassoldo. Questo edificio sar\u00e0 destinato a sede espositiva e info point con l&#8217;obiettivo di promuovere non solo Strassoldo e Cervignano, ma l&#8217;intero territorio della bassa pianura friulana, da Cervignano a Grado. Da Palmanova, passando per Aquileia fino ad arrivare a Grado, intendiamo sfruttare la rete di piste ciclabili che stiamo attivando sul territorio\u201d ha commentato il sindaco di Cervignano, <strong>Andrea Balducci<\/strong>.<\/p>\n<p> \t&#8220;Il nostro obiettivo \u2013 ha dichiarato il sindaco di Staranzano, <strong>Riccardo Marchesan<\/strong> \u2013 \u00e8 quello di creare una rete ciclabile che colleghi la parte centrale del paese con il litorale. Stiamo lavorando attivamente in questa direzione, cercando di collegare le localit\u00e0 di San Canziano, Ronchi, Trieste Airport e Monfalcone grazie a una rete ciclabile dove pedalare ovunque tranquilli e sicuri. Nel territorio di Staranzano si trova la Riserva Naturale Regionale della Foce dell&#8217;Isonzo, che sar\u00e0 collegata alle aree ciclabili. Questo porter\u00e0 benefici anche da un punto di vista turistico&#8221;.<\/p>\n<p> \t&#8220;Questo progetto \u2013 ha sottolineato il sindaco di Ruda, <strong>Franco Lenarduzzi<\/strong> \u2013 permetter\u00e0 di creare una rete completa di offerte per il futuro, sia da un punto di vista turistico che culturale. Inoltre, rappresenta un&#8217;opportunit\u00e0 per stabilire relazioni con il mondo imprenditoriale, che oggi ha bisogno di recuperare fiducia nelle amministrazioni pubbliche, soprattutto a livello locale. Oggi abbiamo fatto un&#8217;analisi dello stato di avanzamento dei lavori e continueremo su questo percorso, cercando nuove risorse e inserendo ulteriori progettazioni\u201d.<\/p>\n<p> \t&#8220;L\u2019obiettivo del Comune di Terzo d&#8217;Aquileia \u2013 ha concluso il vicesindaco <strong>Francesco Contin<\/strong> \u2013 \u00e8 valorizzare un edificio storico significativo per la nostra comunit\u00e0, l&#8217;ex municipio, un edificio in stile <em>liberty<\/em> che riusciamo a recuperare e a mettere a disposizione della comunit\u00e0 e delle associazioni. Abbiamo in programma altri due piccoli interventi: la valorizzazione del percorso ciclabile con un punto di interscambio per i ciclisti e la valorizzazione dell&#8217;accesso al fiume dalla piazza del paese con uno scivolo per le canoe&#8221;.<\/p>\n<p> \t\u00a0<\/p>\n","protected":false},"excerpt":{"rendered":"<p>I nove Comuni partner hanno fatto il punto della situazione in vista dei nuovi obiettivi da raggiungere nel 2024. In arrivo anche una rassegna internazionale<\/p>\n","protected":false},"author":28,"featured_media":50578,"comment_status":"closed","ping_status":"closed","sticky":false,"template":"","format":"standard","meta":{"dwc-title":[],"dwc-content":[],"footnotes":""},"categories":[8],"tags":[],"class_list":["post-50577","post","type-post","status-publish","format-standard","has-post-thumbnail","hentry","category-turismo"],"rttpg_featured_image_url":{"full":["https:\/\/imagazine.it\/wp-content\/uploads\/2024\/02\/55363-1.webp",1000,657,false],"landscape":["https:\/\/imagazine.it\/wp-content\/uploads\/2024\/02\/55363-1.webp",1000,657,false],"portraits":["https:\/\/imagazine.it\/wp-content\/uploads\/2024\/02\/55363-1.webp",1000,657,false],"thumbnail":["https:\/\/imagazine.it\/wp-content\/uploads\/2024\/02\/55363-1-150x150.webp",150,150,true],"medium":["https:\/\/imagazine.it\/wp-content\/uploads\/2024\/02\/55363-1-300x197.webp",300,197,true],"large":["https:\/\/imagazine.it\/wp-content\/uploads\/2024\/02\/55363-1.webp",640,420,false],"thumblist":["https:\/\/imagazine.it\/wp-content\/uploads\/2024\/02\/55363-1-300x300.webp",300,300,true],"thumbrelated":["https:\/\/imagazine.it\/wp-content\/uploads\/2024\/02\/55363-1-500x500.webp",500,500,true],"meccarouselthumb":["https:\/\/imagazine.it\/wp-content\/uploads\/2024\/02\/55363-1-474x324.webp",474,324,true],"gridsquare":["https:\/\/imagazine.it\/wp-content\/uploads\/2024\/02\/55363-1-391x260.webp",391,260,true],"tileview":["https:\/\/imagazine.it\/wp-content\/uploads\/2024\/02\/55363-1-300x400.webp",300,400,true],"1536x1536":["https:\/\/imagazine.it\/wp-content\/uploads\/2024\/02\/55363-1.webp",1000,657,false],"2048x2048":["https:\/\/imagazine.it\/wp-content\/uploads\/2024\/02\/55363-1.webp",1000,657,false],"newsup-slider-full":["https:\/\/imagazine.it\/wp-content\/uploads\/2024\/02\/55363-1.webp",1000,657,false],"newsup-featured":["https:\/\/imagazine.it\/wp-content\/uploads\/2024\/02\/55363-1.webp",1000,657,false],"newsup-medium":["https:\/\/imagazine.it\/wp-content\/uploads\/2024\/02\/55363-1-720x380.webp",720,380,true],"tptn_thumbnail":["https:\/\/imagazine.it\/wp-content\/uploads\/2024\/02\/55363-1.webp",250,164,false],"sow-carousel-default":["https:\/\/imagazine.it\/wp-content\/uploads\/2024\/02\/55363-1.webp",272,179,false]},"rttpg_author":{"display_name":"redazione","author_link":"https:\/\/imagazine.it\/home_desk\/author\/redazione\/"},"rttpg_comment":0,"rttpg_category":"<a href=\"https:\/\/imagazine.it\/home_desk\/category\/turismo\/\" rel=\"category tag\">TURISMO<\/a>","rttpg_excerpt":"I nove Comuni partner hanno fatto il punto della situazione in vista dei nuovi obiettivi da raggiungere nel 2024. In arrivo anche una rassegna internazionale","_links":{"self":[{"href":"https:\/\/imagazine.it\/home_desk\/wp-json\/wp\/v2\/posts\/50577","targetHints":{"allow":["GET"]}}],"collection":[{"href":"https:\/\/imagazine.it\/home_desk\/wp-json\/wp\/v2\/posts"}],"about":[{"href":"https:\/\/imagazine.it\/home_desk\/wp-json\/wp\/v2\/types\/post"}],"author":[{"embeddable":true,"href":"https:\/\/imagazine.it\/home_desk\/wp-json\/wp\/v2\/users\/28"}],"replies":[{"embeddable":true,"href":"https:\/\/imagazine.it\/home_desk\/wp-json\/wp\/v2\/comments?post=50577"}],"version-history":[{"count":0,"href":"https:\/\/imagazine.it\/home_desk\/wp-json\/wp\/v2\/posts\/50577\/revisions"}],"wp:featuredmedia":[{"embeddable":true,"href":"https:\/\/imagazine.it\/home_desk\/wp-json\/wp\/v2\/media\/50578"}],"wp:attachment":[{"href":"https:\/\/imagazine.it\/home_desk\/wp-json\/wp\/v2\/media?parent=50577"}],"wp:term":[{"taxonomy":"category","embeddable":true,"href":"https:\/\/imagazine.it\/home_desk\/wp-json\/wp\/v2\/categories?post=50577"},{"taxonomy":"post_tag","embeddable":true,"href":"https:\/\/imagazine.it\/home_desk\/wp-json\/wp\/v2\/tags?post=50577"}],"curies":[{"name":"wp","href":"https:\/\/api.w.org\/{rel}","templated":true}]}}