{"id":50569,"date":"2023-12-07T00:00:00","date_gmt":"2023-12-06T23:00:00","guid":{"rendered":"https:\/\/imagazine.it\/giulio-antonini-nuovo-direttore-dei-servizi-sociosanitari-di-asugi\/"},"modified":"2023-12-07T00:00:00","modified_gmt":"2023-12-06T23:00:00","slug":"giulio-antonini-nuovo-direttore-dei-servizi-sociosanitari-di-asugi","status":"publish","type":"post","link":"https:\/\/imagazine.it\/home_desk\/giulio-antonini-nuovo-direttore-dei-servizi-sociosanitari-di-asugi\/","title":{"rendered":"Giulio Antonini nuovo direttore dei Servizi Sociosanitari di ASUGI"},"content":{"rendered":"<p> \tTRIESTE \u2013 L\u2019Azienda Sanitaria Universitaria Giuliano Isontina ha conferito l\u2019incarico di <strong>direttore dei Servizi Sociosanitari<\/strong> al dottor <strong>Giulio Antonini<\/strong>, a decorrere dal 16 dicembre 2023 e per la durata di cinque anni.<\/p>\n<p> \tIl nuovo direttore, gi\u00e0 dirigente amministrativo presso la Direzione Strategica della Azienda Servizi Sanitari n. 5 Bassa Friulana, di cui \u00e8 stato consulente dai primi anni duemila, conosce la realt\u00e0 di ASUGI. Dal 2022 al 2023 \u00e8 stato inoltre professionista incaricato nell\u2019ambito dei servizi sociosanitari rivolti alla popolazione anziana per il supporto all\u2019attivit\u00e0 assistenziale della Struttura Complessa Area Welfare di Comunit\u00e0 nella sede di Palmanova.<\/p>\n<p> \tDal 2013 al 2018 Comune di San Don\u00e0 di Piave \u00e8 stato dirigente del Settore II \u201cSviluppo Umano\u201d con responsabilit\u00e0 di gestione dei Servizi Sociali, dell\u2019Istruzione, dello Sport, dei Progetti europei.<\/p>\n<p> \tNegli ultimi tre anni ha lavorato in ambito socio-sanitario, ricoprendo la dirigenza della Fondazione Casa di Riposo e Soggiorno \u201cDon Vittorio Allegre Onlus\u201d di Salzano ed \u00e8 stato consulente del Comune di Venezia per la realizzazione di progetti del PNRR facenti capo alla Direzione Coesione Sociale (PNRR), nonch\u00e9 per la realizzazione del progetto PrIns\/Reac.<\/p>\n<p> \t\u00a0<\/p>\n","protected":false},"excerpt":{"rendered":"<p>Vanta una vasta esperienza nel settore. In carica a decorrere dal 16 dicembre<\/p>\n","protected":false},"author":28,"featured_media":50570,"comment_status":"closed","ping_status":"closed","sticky":false,"template":"","format":"standard","meta":{"dwc-title":[],"dwc-content":[],"footnotes":""},"categories":[5],"tags":[],"class_list":["post-50569","post","type-post","status-publish","format-standard","has-post-thumbnail","hentry","category-attualita"],"rttpg_featured_image_url":{"full":["https:\/\/imagazine.it\/wp-content\/uploads\/2024\/02\/55351-1.webp",750,713,false],"landscape":["https:\/\/imagazine.it\/wp-content\/uploads\/2024\/02\/55351-1.webp",750,713,false],"portraits":["https:\/\/imagazine.it\/wp-content\/uploads\/2024\/02\/55351-1.webp",750,713,false],"thumbnail":["https:\/\/imagazine.it\/wp-content\/uploads\/2024\/02\/55351-1-150x150.webp",150,150,true],"medium":["https:\/\/imagazine.it\/wp-content\/uploads\/2024\/02\/55351-1-300x285.webp",300,285,true],"large":["https:\/\/imagazine.it\/wp-content\/uploads\/2024\/02\/55351-1.webp",640,608,false],"thumblist":["https:\/\/imagazine.it\/wp-content\/uploads\/2024\/02\/55351-1-300x300.webp",300,300,true],"thumbrelated":["https:\/\/imagazine.it\/wp-content\/uploads\/2024\/02\/55351-1-500x500.webp",500,500,true],"meccarouselthumb":["https:\/\/imagazine.it\/wp-content\/uploads\/2024\/02\/55351-1-474x324.webp",474,324,true],"gridsquare":["https:\/\/imagazine.it\/wp-content\/uploads\/2024\/02\/55351-1-391x260.webp",391,260,true],"tileview":["https:\/\/imagazine.it\/wp-content\/uploads\/2024\/02\/55351-1-300x400.webp",300,400,true],"1536x1536":["https:\/\/imagazine.it\/wp-content\/uploads\/2024\/02\/55351-1.webp",750,713,false],"2048x2048":["https:\/\/imagazine.it\/wp-content\/uploads\/2024\/02\/55351-1.webp",750,713,false],"newsup-slider-full":["https:\/\/imagazine.it\/wp-content\/uploads\/2024\/02\/55351-1.webp",750,713,false],"newsup-featured":["https:\/\/imagazine.it\/wp-content\/uploads\/2024\/02\/55351-1.webp",750,713,false],"newsup-medium":["https:\/\/imagazine.it\/wp-content\/uploads\/2024\/02\/55351-1-720x380.webp",720,380,true],"tptn_thumbnail":["https:\/\/imagazine.it\/wp-content\/uploads\/2024\/02\/55351-1.webp",221,210,false],"sow-carousel-default":["https:\/\/imagazine.it\/wp-content\/uploads\/2024\/02\/55351-1.webp",191,182,false]},"rttpg_author":{"display_name":"redazione","author_link":"https:\/\/imagazine.it\/home_desk\/author\/redazione\/"},"rttpg_comment":0,"rttpg_category":"<a href=\"https:\/\/imagazine.it\/home_desk\/category\/attualita\/\" rel=\"category tag\">ATTUALIT\u00c0<\/a>","rttpg_excerpt":"Vanta una vasta esperienza nel settore. In carica a decorrere dal 16 dicembre","_links":{"self":[{"href":"https:\/\/imagazine.it\/home_desk\/wp-json\/wp\/v2\/posts\/50569","targetHints":{"allow":["GET"]}}],"collection":[{"href":"https:\/\/imagazine.it\/home_desk\/wp-json\/wp\/v2\/posts"}],"about":[{"href":"https:\/\/imagazine.it\/home_desk\/wp-json\/wp\/v2\/types\/post"}],"author":[{"embeddable":true,"href":"https:\/\/imagazine.it\/home_desk\/wp-json\/wp\/v2\/users\/28"}],"replies":[{"embeddable":true,"href":"https:\/\/imagazine.it\/home_desk\/wp-json\/wp\/v2\/comments?post=50569"}],"version-history":[{"count":0,"href":"https:\/\/imagazine.it\/home_desk\/wp-json\/wp\/v2\/posts\/50569\/revisions"}],"wp:featuredmedia":[{"embeddable":true,"href":"https:\/\/imagazine.it\/home_desk\/wp-json\/wp\/v2\/media\/50570"}],"wp:attachment":[{"href":"https:\/\/imagazine.it\/home_desk\/wp-json\/wp\/v2\/media?parent=50569"}],"wp:term":[{"taxonomy":"category","embeddable":true,"href":"https:\/\/imagazine.it\/home_desk\/wp-json\/wp\/v2\/categories?post=50569"},{"taxonomy":"post_tag","embeddable":true,"href":"https:\/\/imagazine.it\/home_desk\/wp-json\/wp\/v2\/tags?post=50569"}],"curies":[{"name":"wp","href":"https:\/\/api.w.org\/{rel}","templated":true}]}}