{"id":50565,"date":"2023-12-07T00:00:00","date_gmt":"2023-12-06T23:00:00","guid":{"rendered":"https:\/\/imagazine.it\/gradisca-nuovi-sviluppi-per-la-galleria-spazzapan\/"},"modified":"2023-12-07T00:00:00","modified_gmt":"2023-12-06T23:00:00","slug":"gradisca-nuovi-sviluppi-per-la-galleria-spazzapan","status":"publish","type":"post","link":"https:\/\/imagazine.it\/home_desk\/gradisca-nuovi-sviluppi-per-la-galleria-spazzapan\/","title":{"rendered":"Gradisca, nuovi sviluppi per la Galleria Spazzapan"},"content":{"rendered":"<p> \tGRADISCA D&#8217;ISONZO \u2013 Presentata la nuova convenzione tra <strong>Erpac Fvg<\/strong>, <strong>Comune di Gradisca d\u2019Isonzo<\/strong> e <strong>Fondazione Cassa di Risparmio di Gorizia <\/strong>che estende la gestione della <strong>Galleria regionale d&#8217;arte contemporanea \u201cLuigi Spazzapan\u201d<\/strong> dai tre anni precedenti a nove anni.<\/p>\n<p> \t&#8220;Il rinnovo e l&#8217;ampliamento della convenzione per la gestione in forma associata della Galleria Spazzapan conferma un rapporto di collaborazione virtuosa e di sinergia e permette una programmazione sempre pi\u00f9 accurata anche alle viste dell&#8217;appuntamento con <em>GO!2025<\/em>&#8220;, ha affermato il vicegovernatore del FVG con delega alla Cultura, <strong>Mario Anzil<\/strong>.<\/p>\n<p> \tAltra novit\u00e0 \u00e8 data dall&#8217;ampliamento degli spazi, grazie alla <strong>concessione gratuita da parte del Comune dei locali gi\u00e0 della Biblioteca e del Museo Civico<\/strong>, che verranno valorizzati mediante un allestimento d&#8217;arredi e tecnologico. Lavori sono in corso proprio per l&#8217;<strong>abbattimento<\/strong> <strong>delle barriere architettoniche<\/strong>.<\/p>\n<p> \tAlla conferenza stampa hanno preso parte il sindaco di Gradisca, <strong>Linda Tomasinsig<\/strong>, il presidente della Fondazione Cassa di Risparmio di Gorizia, <strong>Alberto Bergamin<\/strong>, <u><a href=\"https:\/\/www.imagazine.it\/notizie-trieste-gorizia-udine-friuli\/11505\" target=\"_blank\" rel=\"noopener\"><span style=\"color:#0000cd;\">il curatore <strong>Lorenzo Michelli<\/strong><\/span><\/a><\/u> e <strong>Anna Del Bianco<\/strong> che dirige l&#8217;Erpac, l&#8217;ente della Regione che si occupa del patrimonio culturale del Friuli Venezia Giulia.<\/p>\n<p> \tNel corso dell&#8217;incontro nella Sala Patuna \u00e8 stato proiettato un video che ricostruisce l\u2019attivit\u00e0 della Galleria negli anni recenti. Nel 2023 in particolare la Galleria ha proposto l&#8217;iniziativa intitolata <em>Sottsass\/Spazzapan<\/em> sulla collaborazione tra il disegnatore e il pittore e si \u00e8 aperta la mostra transfrontaliera <em>Dodecafonia<\/em>.<\/p>\n<p> \tA maggio una pubblicazione su Sottsass e Spazzapan \u00e8 stata proposta al Salone del Libro di Torino accanto a un volume dedicato alla figura di Miela Reina, mentre \u00e8 proseguita la partecipazione della Galleria ai progetti <em>Togheter<\/em> e alle residenze d&#8217;artista allestite in occasione del centenario dell&#8217;Universit\u00e0 di Trieste.<\/p>\n<p> \t\u00a0<\/p>\n","protected":false},"excerpt":{"rendered":"<p>Ampliamento degli spazi grazie alla concessione gratuita dei locali gi\u00e0 della Biblioteca e del Museo Civico. Lavori sono in corso proprio per l&#8217;abbattimento delle barriere architettoniche<\/p>\n","protected":false},"author":28,"featured_media":50566,"comment_status":"closed","ping_status":"closed","sticky":false,"template":"","format":"standard","meta":{"dwc-title":[],"dwc-content":[],"footnotes":""},"categories":[37],"tags":[],"class_list":["post-50565","post","type-post","status-publish","format-standard","has-post-thumbnail","hentry","category-cultura-e-spettacolo"],"rttpg_featured_image_url":{"full":["https:\/\/imagazine.it\/wp-content\/uploads\/2024\/02\/55349-1.webp",1600,1200,false],"landscape":["https:\/\/imagazine.it\/wp-content\/uploads\/2024\/02\/55349-1.webp",1600,1200,false],"portraits":["https:\/\/imagazine.it\/wp-content\/uploads\/2024\/02\/55349-1.webp",1600,1200,false],"thumbnail":["https:\/\/imagazine.it\/wp-content\/uploads\/2024\/02\/55349-1-150x150.webp",150,150,true],"medium":["https:\/\/imagazine.it\/wp-content\/uploads\/2024\/02\/55349-1-300x225.webp",300,225,true],"large":["https:\/\/imagazine.it\/wp-content\/uploads\/2024\/02\/55349-1-1024x768.webp",640,480,true],"thumblist":["https:\/\/imagazine.it\/wp-content\/uploads\/2024\/02\/55349-1-300x300.webp",300,300,true],"thumbrelated":["https:\/\/imagazine.it\/wp-content\/uploads\/2024\/02\/55349-1-500x500.webp",500,500,true],"meccarouselthumb":["https:\/\/imagazine.it\/wp-content\/uploads\/2024\/02\/55349-1-474x324.webp",474,324,true],"gridsquare":["https:\/\/imagazine.it\/wp-content\/uploads\/2024\/02\/55349-1-391x260.webp",391,260,true],"tileview":["https:\/\/imagazine.it\/wp-content\/uploads\/2024\/02\/55349-1-300x400.webp",300,400,true],"1536x1536":["https:\/\/imagazine.it\/wp-content\/uploads\/2024\/02\/55349-1-1536x1152.webp",1536,1152,true],"2048x2048":["https:\/\/imagazine.it\/wp-content\/uploads\/2024\/02\/55349-1.webp",1600,1200,false],"newsup-slider-full":["https:\/\/imagazine.it\/wp-content\/uploads\/2024\/02\/55349-1-1280x720.webp",1280,720,true],"newsup-featured":["https:\/\/imagazine.it\/wp-content\/uploads\/2024\/02\/55349-1-1024x768.webp",1024,768,true],"newsup-medium":["https:\/\/imagazine.it\/wp-content\/uploads\/2024\/02\/55349-1-720x380.webp",720,380,true],"tptn_thumbnail":["https:\/\/imagazine.it\/wp-content\/uploads\/2024\/02\/55349-1.webp",250,188,false],"sow-carousel-default":["https:\/\/imagazine.it\/wp-content\/uploads\/2024\/02\/55349-1.webp",243,182,false]},"rttpg_author":{"display_name":"redazione","author_link":"https:\/\/imagazine.it\/home_desk\/author\/redazione\/"},"rttpg_comment":0,"rttpg_category":"<a href=\"https:\/\/imagazine.it\/home_desk\/category\/cultura-e-spettacolo\/\" rel=\"category tag\">CULTURA&amp;SPETTACOLO<\/a>","rttpg_excerpt":"Ampliamento degli spazi grazie alla concessione gratuita dei locali gi\u00e0 della Biblioteca e del Museo Civico. Lavori sono in corso proprio per l'abbattimento delle barriere architettoniche","_links":{"self":[{"href":"https:\/\/imagazine.it\/home_desk\/wp-json\/wp\/v2\/posts\/50565","targetHints":{"allow":["GET"]}}],"collection":[{"href":"https:\/\/imagazine.it\/home_desk\/wp-json\/wp\/v2\/posts"}],"about":[{"href":"https:\/\/imagazine.it\/home_desk\/wp-json\/wp\/v2\/types\/post"}],"author":[{"embeddable":true,"href":"https:\/\/imagazine.it\/home_desk\/wp-json\/wp\/v2\/users\/28"}],"replies":[{"embeddable":true,"href":"https:\/\/imagazine.it\/home_desk\/wp-json\/wp\/v2\/comments?post=50565"}],"version-history":[{"count":0,"href":"https:\/\/imagazine.it\/home_desk\/wp-json\/wp\/v2\/posts\/50565\/revisions"}],"wp:featuredmedia":[{"embeddable":true,"href":"https:\/\/imagazine.it\/home_desk\/wp-json\/wp\/v2\/media\/50566"}],"wp:attachment":[{"href":"https:\/\/imagazine.it\/home_desk\/wp-json\/wp\/v2\/media?parent=50565"}],"wp:term":[{"taxonomy":"category","embeddable":true,"href":"https:\/\/imagazine.it\/home_desk\/wp-json\/wp\/v2\/categories?post=50565"},{"taxonomy":"post_tag","embeddable":true,"href":"https:\/\/imagazine.it\/home_desk\/wp-json\/wp\/v2\/tags?post=50565"}],"curies":[{"name":"wp","href":"https:\/\/api.w.org\/{rel}","templated":true}]}}