{"id":50563,"date":"2023-12-07T00:00:00","date_gmt":"2023-12-06T23:00:00","guid":{"rendered":"https:\/\/imagazine.it\/festeggiato-a-udine-lalfiere-del-lavoro-friulano\/"},"modified":"2023-12-07T00:00:00","modified_gmt":"2023-12-06T23:00:00","slug":"festeggiato-a-udine-lalfiere-del-lavoro-friulano","status":"publish","type":"post","link":"https:\/\/imagazine.it\/home_desk\/festeggiato-a-udine-lalfiere-del-lavoro-friulano\/","title":{"rendered":"Festeggiato a Udine l\u2019\u201cAlfiere del lavoro\u201d friulano"},"content":{"rendered":"<p> \tUDINE \u2013 Frequenta il primo anno del <strong>Corso di laurea in Informatica<\/strong> ed \u00e8 allievo della <strong>Scuola Superiore dell\u2019Ateneo friulano<\/strong>, l\u2019udinese <strong>Michele Bertoli<\/strong>, premiato come Alfiere del Lavoro dal Presidente della Repubblica Sergio Mattarella per i suoi meriti scolastici. Istituito dalla Federazione Nazionale dei Cavalieri del Lavoro, il riconoscimento \u00e8 destinato ogni anno a 25 studenti che abbiano terminato la scuola secondaria superiore con il massimo dei voti.<\/p>\n<p> \tMichele Bertoli \u2013 diplomatosi al Liceo scientifico \u201cGiovanni Marinelli\u201d con 100 e lode \u2013 \u00e8 stato selezionato tra quasi 3.300 candidati di tutta Italia: in ottobre ha ricevuto al Quirinale l\u2019attestato d\u2019onore e la Medaglia del Presidente della Repubblica.<\/p>\n<p> \tIl rettore <strong>Roberto Pinton<\/strong> e il direttore della Scuola Superiore Universitaria \u201cdi Toppo Wassermann\u201d, <strong>Alberto Policriti<\/strong>, hanno incontrato il giovane a Palazzo Antonini Maseri, complimentandosi con lui ed esprimendo i migliori auguri per il percorso universitario da poco avviato.<\/p>\n<p> \t\u00abCongratulazioni a Michele Bertoli per il premio Alfiere del Lavoro \u2013 afferma Pinton \u2013 un bellissimo riconoscimento che sono in pochi a ricevere. Ci fa naturalmente molto piacere che abbia scelto l\u2019Universit\u00e0 di Udine e la nostra scuola di eccellenza, dove potr\u00e0 rafforzare e condividere con altri giovani le sue passioni\u00bb.<\/p>\n<p> \t\u00abLa Scuola Superiore \u00e8 orgogliosa di avere un allievo con meriti gi\u00e0 cos\u00ec riconosciuti\u00bb commenta Policriti. \u00abTrover\u00e0 altri allievi che si sono distinti negli studi, altri giovani con i quali confrontarsi e costruire una bella comunit\u00e0, la quale indubbiamente far\u00e0 buon uso anche delle sue competenze e capacit\u00e0\u00bb.<\/p>\n<p> \tI 25 \u201cAlfieri del Lavoro\u201d sono scelti annualmente fra i migliori studenti segnalati dai dirigenti scolastici delle scuole di tutta Italia (non pi\u00f9 di uno per provincia). Per poter essere candidati sono richiesti, al momento, i seguenti requisiti: votazione minima di 9\/10 alla licenza media, almeno 8\/10 di media per ciascuno dei primi quattro anni della scuola superiore, votazione di 100\/100 all\u2019esame di Stato. Con orgoglio ed emozione Michele Bertoli commenta la cerimonia e l\u2019incontro con Sergio Mattarella. \u00ab\u00c8 stato un momento molto bello: non scorder\u00f2 mai, in particolare, la stretta di mano. Ti rendi conto che dietro alla carica, al ruolo, istituzionale c\u2019\u00e8 una persona a incarnare i valori della nostra Costituzione: la senti pi\u00f9 vicina\u00bb. Rispetto ai suoi nuovi studi, afferma: \u00abHo scelto il Corso di laurea in Informatica perch\u00e9 \u00e8 un campo che mi affascina e in continua evoluzione\u00bb.<\/p>\n<p> \t\u00a0<\/p>\n","protected":false},"excerpt":{"rendered":"<p>Michele Bertoli, premiato al Quirinale per meriti scolastici, ha scelto l\u2019Ateneo udinese per avviare il suo percorso universitario<\/p>\n","protected":false},"author":28,"featured_media":50564,"comment_status":"closed","ping_status":"closed","sticky":false,"template":"","format":"standard","meta":{"dwc-title":[],"dwc-content":[],"footnotes":""},"categories":[5],"tags":[],"class_list":["post-50563","post","type-post","status-publish","format-standard","has-post-thumbnail","hentry","category-attualita"],"rttpg_featured_image_url":{"full":["https:\/\/imagazine.it\/wp-content\/uploads\/2024\/02\/55347-1.webp",900,600,false],"landscape":["https:\/\/imagazine.it\/wp-content\/uploads\/2024\/02\/55347-1.webp",900,600,false],"portraits":["https:\/\/imagazine.it\/wp-content\/uploads\/2024\/02\/55347-1.webp",900,600,false],"thumbnail":["https:\/\/imagazine.it\/wp-content\/uploads\/2024\/02\/55347-1-150x150.webp",150,150,true],"medium":["https:\/\/imagazine.it\/wp-content\/uploads\/2024\/02\/55347-1-300x200.webp",300,200,true],"large":["https:\/\/imagazine.it\/wp-content\/uploads\/2024\/02\/55347-1.webp",640,427,false],"thumblist":["https:\/\/imagazine.it\/wp-content\/uploads\/2024\/02\/55347-1-300x300.webp",300,300,true],"thumbrelated":["https:\/\/imagazine.it\/wp-content\/uploads\/2024\/02\/55347-1-500x500.webp",500,500,true],"meccarouselthumb":["https:\/\/imagazine.it\/wp-content\/uploads\/2024\/02\/55347-1-474x324.webp",474,324,true],"gridsquare":["https:\/\/imagazine.it\/wp-content\/uploads\/2024\/02\/55347-1-391x260.webp",391,260,true],"tileview":["https:\/\/imagazine.it\/wp-content\/uploads\/2024\/02\/55347-1-300x400.webp",300,400,true],"1536x1536":["https:\/\/imagazine.it\/wp-content\/uploads\/2024\/02\/55347-1.webp",900,600,false],"2048x2048":["https:\/\/imagazine.it\/wp-content\/uploads\/2024\/02\/55347-1.webp",900,600,false],"newsup-slider-full":["https:\/\/imagazine.it\/wp-content\/uploads\/2024\/02\/55347-1.webp",900,600,false],"newsup-featured":["https:\/\/imagazine.it\/wp-content\/uploads\/2024\/02\/55347-1.webp",900,600,false],"newsup-medium":["https:\/\/imagazine.it\/wp-content\/uploads\/2024\/02\/55347-1-720x380.webp",720,380,true],"tptn_thumbnail":["https:\/\/imagazine.it\/wp-content\/uploads\/2024\/02\/55347-1.webp",250,167,false],"sow-carousel-default":["https:\/\/imagazine.it\/wp-content\/uploads\/2024\/02\/55347-1.webp",272,182,false]},"rttpg_author":{"display_name":"redazione","author_link":"https:\/\/imagazine.it\/home_desk\/author\/redazione\/"},"rttpg_comment":0,"rttpg_category":"<a href=\"https:\/\/imagazine.it\/home_desk\/category\/attualita\/\" rel=\"category tag\">ATTUALIT\u00c0<\/a>","rttpg_excerpt":"Michele Bertoli, premiato al Quirinale per meriti scolastici, ha scelto l\u2019Ateneo udinese per avviare il suo percorso universitario","_links":{"self":[{"href":"https:\/\/imagazine.it\/home_desk\/wp-json\/wp\/v2\/posts\/50563","targetHints":{"allow":["GET"]}}],"collection":[{"href":"https:\/\/imagazine.it\/home_desk\/wp-json\/wp\/v2\/posts"}],"about":[{"href":"https:\/\/imagazine.it\/home_desk\/wp-json\/wp\/v2\/types\/post"}],"author":[{"embeddable":true,"href":"https:\/\/imagazine.it\/home_desk\/wp-json\/wp\/v2\/users\/28"}],"replies":[{"embeddable":true,"href":"https:\/\/imagazine.it\/home_desk\/wp-json\/wp\/v2\/comments?post=50563"}],"version-history":[{"count":0,"href":"https:\/\/imagazine.it\/home_desk\/wp-json\/wp\/v2\/posts\/50563\/revisions"}],"wp:featuredmedia":[{"embeddable":true,"href":"https:\/\/imagazine.it\/home_desk\/wp-json\/wp\/v2\/media\/50564"}],"wp:attachment":[{"href":"https:\/\/imagazine.it\/home_desk\/wp-json\/wp\/v2\/media?parent=50563"}],"wp:term":[{"taxonomy":"category","embeddable":true,"href":"https:\/\/imagazine.it\/home_desk\/wp-json\/wp\/v2\/categories?post=50563"},{"taxonomy":"post_tag","embeddable":true,"href":"https:\/\/imagazine.it\/home_desk\/wp-json\/wp\/v2\/tags?post=50563"}],"curies":[{"name":"wp","href":"https:\/\/api.w.org\/{rel}","templated":true}]}}