{"id":50559,"date":"2023-12-06T00:00:00","date_gmt":"2023-12-05T23:00:00","guid":{"rendered":"https:\/\/imagazine.it\/pordenone-punto-di-riferimento-nazionale-per-lalta-formazione-musicale\/"},"modified":"2023-12-06T00:00:00","modified_gmt":"2023-12-05T23:00:00","slug":"pordenone-punto-di-riferimento-nazionale-per-lalta-formazione-musicale","status":"publish","type":"post","link":"https:\/\/imagazine.it\/home_desk\/pordenone-punto-di-riferimento-nazionale-per-lalta-formazione-musicale\/","title":{"rendered":"Pordenone punto di riferimento nazionale per l\u2019alta formazione musicale"},"content":{"rendered":"<p> \tPORDENONE \u2013 Si chiama <strong>Alpe Adria Musica Institute (AAMI)<\/strong> ed \u00e8 il <strong>primo e unico progetto<\/strong> in Friuli Venezia Giulia <strong>dedicato all\u2019alta formazione dei giovani musicisti<\/strong> che propone a compositori, a pianisti e a futuri direttori d\u2019orchestra un <strong>percorso di perfezionamento con grandi didatti<\/strong>, lavorando a stretto contatto con un\u2019orchestra sinfonica professionale. Ci\u00f2 \u00e8 possibile grazie alla <strong>partnership di AAMI <\/strong>con la compagine sinfonica regionale<strong> FVG Orchestra<\/strong>.<\/p>\n<p> \tIl progetto \u00e8 stato presentato oggi a Pordenone in presenza del presidente di Aami, <strong>Cristian Carrara<\/strong>, del direttore artistico di Fvg Orchestra, <strong>Claudio Mansutti<\/strong>, e dell\u2019assessore all\u2019ambiente di Pordenone, <strong>Mattia Tirelli<\/strong>.<\/p>\n<p> \tPer gli allievi, selezionati tra i pi\u00f9 promettenti giovani pianisti italiani e stranieri, si tratta di un\u2019opportunit\u00e0 unica perch\u00e9, a differenza di quanto accade in altri Paesi europei o negli Stati Uniti, in Italia \u00e8 un\u2019esperienza rara, per strumentisti e compositori, potersi <strong>perfezionare in presenza con un\u2019orchestra sinfonica<\/strong>, sperimentando le dinamiche che si instaurano tra compositori, direttori, solisti e l\u2019orchestra e imparare a valorizzare i propri talenti artistici nelle performance camerali e orchestrali.<\/p>\n<p> \tIl progetto prevede di ospitare musicisti di eccellenza provenienti da tutta Italia e dall\u2019estero, rendendo <strong>Pordenone un punto di riferimento nazionale per l\u2019alta formazione musicale<\/strong>. Per questa ragione AAMI gode del sostegno del Comune di Pordenone e della Fondazione Friuli e, assieme alla Fondazione Bon che \u00e8 partner del progetto, entra nel novero di alcune associazioni culturali regionali che promuovono la formazione sostenute dalla Regione FVG.<\/p>\n<p> \t<em>\u201cCredo che anche nell\u2019ambito dell\u2019alta formazione musicale vi siano spazi per provare a creare qualcosa di nuovo e utile per i giovani musicisti <\/em>\u2013 sottolinea il compositore pordenonese <strong>Cristian Carrara<\/strong> \u2013. <em>Al di l\u00e0 dei docenti di valore, punto di partenza fondamentale per ogni masterclass, abbiamo pensato che l\u2019esperienza pi\u00f9 feconda, utile e professionalizzante fosse quella di lavorare a stretto contatto con l\u2019orchestra. Per un giovane pianista, un direttore o un compositore, il fatto di confrontarsi con un grande maestro e poi di potersi mettere alla prova con un\u2019orchestra di professionisti \u00e8 un\u2019esperienza impagabile\u201d.<\/em><\/p>\n<p> \tAAMI ha esordito attivando la prima masterclass dedicata all\u2019esecuzione per pianoforte solista e orchestra. Per tre sessioni di studio intensivo i sette allievi selezionati, provenienti da diverse regioni italiane, hanno curato ogni minimo aspetto della loro pratica solistica sotto la guida di due maestri d\u2019eccezione,<strong> Pasquale Iannone<\/strong> maestro in residenza e co-curatore artistico dei Alpe Adria Music Institute e <strong>Andrea Lucchesini<\/strong> maestro ospite per il 2023, nel perfezionamento dello studio della partitura e poi dell\u2019esecuzione con orchestra, affrontando due Concerti per pianoforte e orchestra di Ludwig van Beethoven.<\/p>\n<p> \tLa prima masterclass, denominata <strong>AAMI Piano Concerto Performing Masterclass 2023, <\/strong>si concluder\u00e0 con il <strong>concerto gratuito<\/strong> aperto alla citt\u00e0 inserito nel calendario del Natale a Pordenone in programma <strong>il 13 dicembre alle 20.45 nell\u2019Auditorium Concordia <\/strong>(via Interna a Pordenone). Durante il concerto gli allievi suoneranno il primo e il terzo Concerto per pianoforte e orchestra di<strong> Ludwig van Beethoven<\/strong> accompagnati dalla FVG Orchestra sotto la direzione del<strong> Maestro Paolo Paroni<\/strong>. Saranno aperte al pubblico anche le prove di luned\u00ec 11 e di marted\u00ec 12 dicembre.<\/p>\n<p> \tOltre che al concertismo pianistico, AAMI si indirizza al perfezionamento nella composizione e nella direzione d\u2019orchestra. La direzione artistica \u00e8 affidata a <strong>Cristian Carrara<\/strong> per la composizione, a <strong>Bruno Cesselli<\/strong> per la composizione jazz, a <strong>Pasquale Iannone<\/strong> per il concertismo pianistico e a <strong>Claudio Mansutti<\/strong> per la direzione d\u2019orchestra, quattro grandi maestri riconosciuti a livello nazionale e internazionale. Oltre a seguire le lezioni individuali e collegiali del maestro residente, anche gli allievi dei prossimi corsi si avvarranno dell\u2019ulteriore apporto di un maestro ospite di grande esperienza, come \u00e8 stato per Andrea Lucchesini al pianoforte.<\/p>\n<p> \tI prossimi corsi in programma sono la <strong>AAMI Composition Masterclass 2024<\/strong> e la <strong>AAMI<\/strong> <strong>Conducting Masterclass 2024<\/strong> che si svolgeranno tra la primavera e l\u2019autunno del prossimo anno e saranno sono dedicati alla <strong>composizione<\/strong> e alla scrittura per orchestra e all\u2019arte della <strong>direzione d\u2019orchestra<\/strong>.<\/p>\n<p> \tPer maggiori informazioni sui corsi e sul concerto <u><a href=\"http:\/\/www.aami.it\" target=\"_blank\" rel=\"noopener\"><span style=\"color:#0000cd;\"><strong>www.aami.it<\/strong><\/span><\/a><\/u><\/p>\n<p> \t\u00a0<\/p>\n","protected":false},"excerpt":{"rendered":"<p>Primo percorso per pianisti solisti, compositori, direttori che integra l\u2019esecuzione solistica con quella orchestrale, grazie alla partnership con FVG Orchestra<\/p>\n","protected":false},"author":28,"featured_media":50560,"comment_status":"closed","ping_status":"closed","sticky":false,"template":"","format":"standard","meta":{"dwc-title":[],"dwc-content":[],"footnotes":""},"categories":[37],"tags":[],"class_list":["post-50559","post","type-post","status-publish","format-standard","has-post-thumbnail","hentry","category-cultura-e-spettacolo"],"rttpg_featured_image_url":{"full":["https:\/\/imagazine.it\/wp-content\/uploads\/2024\/02\/55333-1.webp",1280,924,false],"landscape":["https:\/\/imagazine.it\/wp-content\/uploads\/2024\/02\/55333-1.webp",1280,924,false],"portraits":["https:\/\/imagazine.it\/wp-content\/uploads\/2024\/02\/55333-1.webp",1280,924,false],"thumbnail":["https:\/\/imagazine.it\/wp-content\/uploads\/2024\/02\/55333-1-150x150.webp",150,150,true],"medium":["https:\/\/imagazine.it\/wp-content\/uploads\/2024\/02\/55333-1-300x217.webp",300,217,true],"large":["https:\/\/imagazine.it\/wp-content\/uploads\/2024\/02\/55333-1-1024x739.webp",640,462,true],"thumblist":["https:\/\/imagazine.it\/wp-content\/uploads\/2024\/02\/55333-1-300x300.webp",300,300,true],"thumbrelated":["https:\/\/imagazine.it\/wp-content\/uploads\/2024\/02\/55333-1-500x500.webp",500,500,true],"meccarouselthumb":["https:\/\/imagazine.it\/wp-content\/uploads\/2024\/02\/55333-1-474x324.webp",474,324,true],"gridsquare":["https:\/\/imagazine.it\/wp-content\/uploads\/2024\/02\/55333-1-391x260.webp",391,260,true],"tileview":["https:\/\/imagazine.it\/wp-content\/uploads\/2024\/02\/55333-1-300x400.webp",300,400,true],"1536x1536":["https:\/\/imagazine.it\/wp-content\/uploads\/2024\/02\/55333-1.webp",1280,924,false],"2048x2048":["https:\/\/imagazine.it\/wp-content\/uploads\/2024\/02\/55333-1.webp",1280,924,false],"newsup-slider-full":["https:\/\/imagazine.it\/wp-content\/uploads\/2024\/02\/55333-1-1280x720.webp",1280,720,true],"newsup-featured":["https:\/\/imagazine.it\/wp-content\/uploads\/2024\/02\/55333-1-1024x739.webp",1024,739,true],"newsup-medium":["https:\/\/imagazine.it\/wp-content\/uploads\/2024\/02\/55333-1-720x380.webp",720,380,true],"tptn_thumbnail":["https:\/\/imagazine.it\/wp-content\/uploads\/2024\/02\/55333-1.webp",250,180,false],"sow-carousel-default":["https:\/\/imagazine.it\/wp-content\/uploads\/2024\/02\/55333-1.webp",252,182,false]},"rttpg_author":{"display_name":"redazione","author_link":"https:\/\/imagazine.it\/home_desk\/author\/redazione\/"},"rttpg_comment":0,"rttpg_category":"<a href=\"https:\/\/imagazine.it\/home_desk\/category\/cultura-e-spettacolo\/\" rel=\"category tag\">CULTURA&amp;SPETTACOLO<\/a>","rttpg_excerpt":"Primo percorso per pianisti solisti, compositori, direttori che integra l\u2019esecuzione solistica con quella orchestrale, grazie alla partnership con FVG Orchestra","_links":{"self":[{"href":"https:\/\/imagazine.it\/home_desk\/wp-json\/wp\/v2\/posts\/50559","targetHints":{"allow":["GET"]}}],"collection":[{"href":"https:\/\/imagazine.it\/home_desk\/wp-json\/wp\/v2\/posts"}],"about":[{"href":"https:\/\/imagazine.it\/home_desk\/wp-json\/wp\/v2\/types\/post"}],"author":[{"embeddable":true,"href":"https:\/\/imagazine.it\/home_desk\/wp-json\/wp\/v2\/users\/28"}],"replies":[{"embeddable":true,"href":"https:\/\/imagazine.it\/home_desk\/wp-json\/wp\/v2\/comments?post=50559"}],"version-history":[{"count":0,"href":"https:\/\/imagazine.it\/home_desk\/wp-json\/wp\/v2\/posts\/50559\/revisions"}],"wp:featuredmedia":[{"embeddable":true,"href":"https:\/\/imagazine.it\/home_desk\/wp-json\/wp\/v2\/media\/50560"}],"wp:attachment":[{"href":"https:\/\/imagazine.it\/home_desk\/wp-json\/wp\/v2\/media?parent=50559"}],"wp:term":[{"taxonomy":"category","embeddable":true,"href":"https:\/\/imagazine.it\/home_desk\/wp-json\/wp\/v2\/categories?post=50559"},{"taxonomy":"post_tag","embeddable":true,"href":"https:\/\/imagazine.it\/home_desk\/wp-json\/wp\/v2\/tags?post=50559"}],"curies":[{"name":"wp","href":"https:\/\/api.w.org\/{rel}","templated":true}]}}