{"id":50557,"date":"2023-12-06T00:00:00","date_gmt":"2023-12-05T23:00:00","guid":{"rendered":"https:\/\/imagazine.it\/la-matematica-e-i-racconti-per-imparare-il-friulano\/"},"modified":"2023-12-06T00:00:00","modified_gmt":"2023-12-05T23:00:00","slug":"la-matematica-e-i-racconti-per-imparare-il-friulano","status":"publish","type":"post","link":"https:\/\/imagazine.it\/home_desk\/la-matematica-e-i-racconti-per-imparare-il-friulano\/","title":{"rendered":"La matematica e i racconti per imparare il friulano"},"content":{"rendered":"<p> \tUDINE \u2013 Prosegue l\u2019attivit\u00e0 dell\u2019Agenzia regionale per la lingua friulana &#8211; ARLeF destinata all\u2019infanzia. Sono infatti stati presentati due progetti ludico-educativi destinati proprio alle bambine e ai bambini. A raccontare le novit\u00e0 sono stati l\u2019assessore regionale alle autonomie locali, <strong>Pierpaolo Roberti<\/strong>; il presidente dell\u2019ARLeF, <strong>Eros Cisilino<\/strong>; il direttore dell\u2019Agenzia, <strong>William Cisilino<\/strong>; la presidente e co-direttrice artistica del CSS Teatro Stabile di Innovazione del FVG, <strong>Rita Maffei<\/strong>; il direttore dell\u2019Accademia di Belle Arti di Udine \u201cG.B. Tiepolo\u201d, <strong>Fausto Deganutti<\/strong>.<\/p>\n<p> \t\u201c<em>I Numaruts<\/em>\u201d \u00e8 la versione friulana dei \u201c<em>Numberblocks<\/em>\u201d, cartone animato prodotto dalla BBC, il servizio pubblico radiotelevisivo del Regno Unito, che facilita i pi\u00f9 piccoli nell\u2019apprendimento delle tabelline e del quale sono stati appositamente <strong>doppiati in lingua friulana trenta episodi<\/strong>.<\/p>\n<p> \tCon \u201c<em>Sul Troi des Contis<\/em><em> &#8211; <\/em><em>videoflabis furlanis<\/em>\u201d, invece, vengono proposte <strong>tredici videofiabe originali in marilenghe<\/strong>, alcune tratte dalla tradizione, altre inedite. Entrambi i prodotti saranno inseriti sul sito dell\u2019<u><a href=\"https:\/\/arlef.it\/it\/\" target=\"_blank\" rel=\"noopener\"><span style=\"color:#0000cd;\">ARLeF<\/span><\/a><\/u> e sul canale <u><a href=\"https:\/\/www.youtube.com\/user\/AgjenzieARLeF\" target=\"_blank\" rel=\"noopener\"><span style=\"color:#0000cd;\">YouTube istituzionale dell\u2019Agenzia<\/span><\/a><\/u>.<\/p>\n<p> \t\u00ab<em>Per tutelare il patrimonio linguistico esistente nella nostra regione, che \u00e8 uno dei capisaldi dell\u2019autonomia del Friuli Venezia Giulia, \u00e8 fondamentale partire dai pi\u00f9 piccoli. Un obiettivo che Arlef ha perfettamente centrato con i suoi nuovi prodotti ludico-creativi in lingua friulana destinata ai bambini, realizzati grazie alle grandi competenze artistico-culturali presenti sul nostro territorio: \u2018I Numaruts\u2019 e \u2018Sul Troi des Contis &#8211; videoflabis furlanis\u2019. Produzioni di altissimo livello, grande fruibilit\u00e0 e altamente educative, non solo sotto il profilo linguistico. Un\u2019azione che si incardina perfettamente nel contesto delle azioni messe in campo dalla Regione, attraverso Arlef, per tutelare e valorizzare il patrimonio linguistico, identitario e culturale legato alla lingua friulana<\/em>\u00bb, ha dichiarato\u00a0l\u2019assessore Roberti.<\/p>\n<p> \t\u00ab<em>Con questi due nuovi progetti animati l\u2019ARLeF desidera implementare ulteriormente la proposta di intrattenimento rivolta all\u2019infanzia. Una scelta precisa, figlia degli ottimi riscontri maturati in questi anni di lavoro attento alle nuove generazioni. Oggi presentiamo due progetti complementari che convergono negli intenti: parlare ai bambini in lingua friulana, fornendo loro delle nozioni, ma sempre attraverso la leva del divertimento. Il friulano diventa cos\u00ec lingua veicolare, sia per parlare di cultura e tradizioni, che di temi scientifici e contemporanei come la matematica. Non di poco conto il fatto che, con questi due nuovi prodotti, metteremo a disposizione, anche degli insegnanti, degli strumenti digitali, di facile utilizzo, che senz\u2019altro sapranno catturare l\u2019attenzione dei bambini proprio perch\u00e9, come detto, pensati per un utilizzo ludico-didattico<\/em>\u00bb, ha sottolineato il presidente Cisilino.<\/p>\n<p> \t\u00ab<em>Il doppiaggio de \u201cI Numaruts\u201d \u00e8 stato particolarmente impegnativo. Abbiamo dovuto individuare attori e cantanti che fossero capaci gli uni anche di cantare, gli altri anche di recitare. Mi sento di ringraziare tutto il cast per l\u2019altissimo livello professionale, l\u2019enorme disponibilit\u00e0 ed elasticit\u00e0 dimostrata nell\u2019affrontare questa sfida. Ognuno di loro si \u00e8 inventato tanti suoni e voci diverse (ricordo che i personaggi sono cento, ma i professionisti decisamente meno), sempre con un\u2019altissima prontezza di riflessi. Un grazie anche all\u2019ARLeF che ci ha dato la possibilit\u00e0 di fare questo bellissimo salto di qualit\u00e0 e al tecnico del suono Vittorio Vella. \u00c8 stato molto appassionante riuscire a realizzare questo prodotto che non \u00e8 solo per bambini, ma che, grazie alle bellissime musiche, sapr\u00e0 catturare anche l\u2019attenzione degli adulti<\/em>\u00bb, ha precisato Rita Maffei.<\/p>\n<p> \t\u00ab<em>Riteniamo che l\u2019arte sia un veicolo fondamentale anche per la trasmissione della cultura friulana, perci\u00f2, non potevamo che aderire con entusiasmo a questa iniziativa dall\u2019importanza straordinaria. Il risultato complessivo \u00e8 eccellente e sono certo del successo di pubblico che maturer\u00e0. Ci tengo a sottolineare anche quanto i nostri ragazzi si siano dati da fare. Coinvolgerli in queste iniziative, che li mettono in contatto con il mondo del lavoro, \u00e8 una delle nostre missioni. Vederli lavorare con impegno e dedizione, ci mostra che questa \u00e8 la direzione giusta per dare il nostro contributo alla loro crescita<\/em>\u00bb, ha concluso Deganutti.\u00a0<\/p>\n<p> \t\u00a0<\/p>\n<p> \t<strong>\u201cI NUMARUTS\u201d<\/strong><\/p>\n<p> \t\u201cI Numaruts\u201d &#8211; prodotto da ARLeF su licenza di Videoplugger Ltd &#8211; \u00e8 la versione friulana dei \u201cNumberblocks\u201d, un cartone animato firmato BBC (nel 2017, \u00e8 stato nominato per un premio BAFTA nella categoria &#8220;Apprendimento&#8221;) che vede per protagonisti dei simpatici e coloratissimi regoli. Un modo per imparare la matematica, in particolare le tabelline, cantando, giocando e divertendosi: un supporto didattico per i docenti, ma anche per le famiglie. I trenta episodi propongono storie in cui i numeri vivono piccole avventure o situazioni particolarmente insolite (uno spettacolo, un concerto rock, una gara sportiva, un viaggio nello spazio\u2026).<\/p>\n<p> \tLa musica svolge un ruolo fondamentale nella narrazione, tanto che gli autori hanno scelto di citare le atmosfere di componimenti musicali noti (tra cui i musical West Side Story, Jesus Christ Superstar, ma anche rielaborazioni delle musiche di <em>Tchaikovsky<\/em> o il sound rock). Nella versione friulana il doppiaggio \u00e8 stato curato dal CSS sotto la direzione di Rita Maffei, mentre la traduzione \u00e8 stata realizzata dallo Sportel regjon\u00e2l pe lenghe furlane. In entrambi i casi \u00e8 stato chiesto ai professionisti un impegno notevole per restituire la stessa musicalit\u00e0 dell\u2019originale, inglese, alla versione in marilenghe. Le sceneggiature sono infatti in rima o in rima cantata e alcune sfumature linguistiche o modi di dire sono tipici della cultura britannica, pertanto si sono cercati adattamenti capaci di dare senso e fluidit\u00e0 alla versione friulana. Analogamente il doppiaggio ha richiesto uno sforzo notevole ad attori e cantanti coinvolti, che sono riusciti a consegnare al pubblico le personalit\u00e0 di tutti e cento i diversi personaggi.<\/p>\n<p> \t\u00a0<\/p>\n<p> \t<strong>\u201cSUL TROI DES CONTIS<\/strong> &#8211; <strong>VIDEOFLABIS FURLANIS<\/strong>\u201d<\/p>\n<p> \t\u201cSul Troi des Contis &#8211; videoflabis furlanis\u201d nasce da un\u2019idea di William Cisilino, con la direzione artistica di Marco Maria Tosolini. Le tredici video fiabe illustrate propongono sia racconti della tradizione friulana che inediti, rispettivamente adattati o scritti in originale da Stefania Elia. Per accompagnare con le immagini i testi, l\u2019Agenzia si \u00e8 avvalsa non solo di illustratori professionisti (la giovane Elisa Codutti e il pluripremiato Paolo Cossi), ma ha deciso di coinvolgere anche l\u2019Accademia di Belle Arti \u201cG.B. Tiepolo\u201d di Udine con alcuni suoi allievi del corso di Pittura (Sara Martinuzzo, Chiara Montagner e Alberto Morello, coordinati dal professore Carlo Alberto Palumbo).<\/p>\n<p> \tNumerose sono le altre professionalit\u00e0 impegnate nella realizzazione delle Contis, dalle voci a cui \u00e8 stata affidata la narrazione, Paola Bacchetti e Aida Talliente, alla regia video, firmata da Giorgio Milocco.<\/p>\n<p> \t\u00a0<\/p>\n","protected":false},"excerpt":{"rendered":"<p>Attraverso cartoni e videofiabe l\u2019ARLeF arricchisce ulteriormente l\u2019offerta ludico-educativa dedicata ai bambini<\/p>\n","protected":false},"author":28,"featured_media":50558,"comment_status":"closed","ping_status":"closed","sticky":false,"template":"","format":"standard","meta":{"dwc-title":[],"dwc-content":[],"footnotes":""},"categories":[37],"tags":[],"class_list":["post-50557","post","type-post","status-publish","format-standard","has-post-thumbnail","hentry","category-cultura-e-spettacolo"],"rttpg_featured_image_url":{"full":["https:\/\/imagazine.it\/wp-content\/uploads\/2024\/02\/55332-1.webp",1000,667,false],"landscape":["https:\/\/imagazine.it\/wp-content\/uploads\/2024\/02\/55332-1.webp",1000,667,false],"portraits":["https:\/\/imagazine.it\/wp-content\/uploads\/2024\/02\/55332-1.webp",1000,667,false],"thumbnail":["https:\/\/imagazine.it\/wp-content\/uploads\/2024\/02\/55332-1-150x150.webp",150,150,true],"medium":["https:\/\/imagazine.it\/wp-content\/uploads\/2024\/02\/55332-1-300x200.webp",300,200,true],"large":["https:\/\/imagazine.it\/wp-content\/uploads\/2024\/02\/55332-1.webp",640,427,false],"thumblist":["https:\/\/imagazine.it\/wp-content\/uploads\/2024\/02\/55332-1-300x300.webp",300,300,true],"thumbrelated":["https:\/\/imagazine.it\/wp-content\/uploads\/2024\/02\/55332-1-500x500.webp",500,500,true],"meccarouselthumb":["https:\/\/imagazine.it\/wp-content\/uploads\/2024\/02\/55332-1-474x324.webp",474,324,true],"gridsquare":["https:\/\/imagazine.it\/wp-content\/uploads\/2024\/02\/55332-1-391x260.webp",391,260,true],"tileview":["https:\/\/imagazine.it\/wp-content\/uploads\/2024\/02\/55332-1-300x400.webp",300,400,true],"1536x1536":["https:\/\/imagazine.it\/wp-content\/uploads\/2024\/02\/55332-1.webp",1000,667,false],"2048x2048":["https:\/\/imagazine.it\/wp-content\/uploads\/2024\/02\/55332-1.webp",1000,667,false],"newsup-slider-full":["https:\/\/imagazine.it\/wp-content\/uploads\/2024\/02\/55332-1.webp",1000,667,false],"newsup-featured":["https:\/\/imagazine.it\/wp-content\/uploads\/2024\/02\/55332-1.webp",1000,667,false],"newsup-medium":["https:\/\/imagazine.it\/wp-content\/uploads\/2024\/02\/55332-1-720x380.webp",720,380,true],"tptn_thumbnail":["https:\/\/imagazine.it\/wp-content\/uploads\/2024\/02\/55332-1.webp",250,167,false],"sow-carousel-default":["https:\/\/imagazine.it\/wp-content\/uploads\/2024\/02\/55332-1.webp",272,182,false]},"rttpg_author":{"display_name":"redazione","author_link":"https:\/\/imagazine.it\/home_desk\/author\/redazione\/"},"rttpg_comment":0,"rttpg_category":"<a href=\"https:\/\/imagazine.it\/home_desk\/category\/cultura-e-spettacolo\/\" rel=\"category tag\">CULTURA&amp;SPETTACOLO<\/a>","rttpg_excerpt":"Attraverso cartoni e videofiabe l\u2019ARLeF arricchisce ulteriormente l\u2019offerta ludico-educativa dedicata ai bambini","_links":{"self":[{"href":"https:\/\/imagazine.it\/home_desk\/wp-json\/wp\/v2\/posts\/50557","targetHints":{"allow":["GET"]}}],"collection":[{"href":"https:\/\/imagazine.it\/home_desk\/wp-json\/wp\/v2\/posts"}],"about":[{"href":"https:\/\/imagazine.it\/home_desk\/wp-json\/wp\/v2\/types\/post"}],"author":[{"embeddable":true,"href":"https:\/\/imagazine.it\/home_desk\/wp-json\/wp\/v2\/users\/28"}],"replies":[{"embeddable":true,"href":"https:\/\/imagazine.it\/home_desk\/wp-json\/wp\/v2\/comments?post=50557"}],"version-history":[{"count":0,"href":"https:\/\/imagazine.it\/home_desk\/wp-json\/wp\/v2\/posts\/50557\/revisions"}],"wp:featuredmedia":[{"embeddable":true,"href":"https:\/\/imagazine.it\/home_desk\/wp-json\/wp\/v2\/media\/50558"}],"wp:attachment":[{"href":"https:\/\/imagazine.it\/home_desk\/wp-json\/wp\/v2\/media?parent=50557"}],"wp:term":[{"taxonomy":"category","embeddable":true,"href":"https:\/\/imagazine.it\/home_desk\/wp-json\/wp\/v2\/categories?post=50557"},{"taxonomy":"post_tag","embeddable":true,"href":"https:\/\/imagazine.it\/home_desk\/wp-json\/wp\/v2\/tags?post=50557"}],"curies":[{"name":"wp","href":"https:\/\/api.w.org\/{rel}","templated":true}]}}